{"id":544590,"date":"2025-11-19T11:36:20","date_gmt":"2025-11-19T11:36:20","guid":{"rendered":"https:\/\/www.europesays.com\/fr\/544590\/"},"modified":"2025-11-19T11:36:20","modified_gmt":"2025-11-19T11:36:20","slug":"avez-vous-la-fresque-geante-dinkoj-qui-sublime-la-place-saint-marc","status":"publish","type":"post","link":"https:\/\/www.europesays.com\/fr\/544590\/","title":{"rendered":"Avez-vous la fresque g\u00e9ante d&rsquo;Inkoj qui sublime la Place Saint-Marc ?"},"content":{"rendered":"<p>L\u2019ESSENTIEL<\/p>\n<ul class=\"wp-block-list has-white-color has-text-color has-link-color wp-elements-9d40e6233932664fdd9cc8c7ef61aa29\">\n<li><strong>Le Lieu de l\u2019Action :<\/strong> La <strong>Place Saint-Marc<\/strong> \u00e0 Rouen, autour de la fontaine.<\/li>\n<li><strong>L\u2019Artiste :<\/strong> <strong>Inkoj<\/strong>, street-artiste rouennais connu pour ses c\u00e9l\u00e8bres passages pi\u00e9tons <strong>color\u00e9s<\/strong> et ses interventions urbaines pleines de <strong>peps<\/strong>.<\/li>\n<li><strong>L\u2019\u0152uvre :<\/strong> Une grande <strong>fresque<\/strong> en <strong>r\u00e9sine<\/strong> de plus de <strong>100 m\u00e8tres carr\u00e9s<\/strong>, r\u00e9alis\u00e9e avec le m\u00eame mat\u00e9riau <strong>ultra-r\u00e9sistant<\/strong> que les passages pi\u00e9tons. Elle est donc <strong>p\u00e9renne<\/strong>.<\/li>\n<li><strong>La Gen\u00e8se du Projet :<\/strong> C\u2019est un projet laur\u00e9at du <strong>budget participatif<\/strong> de la Ville de Rouen. Ce sont donc les <strong>citoyens<\/strong> qui ont vot\u00e9 pour cette id\u00e9e de \u00ab\u00a0v\u00e9g\u00e9taliser\u00a0\u00bb la place.<\/li>\n<li><strong>Le Design :<\/strong> Le dessin est bas\u00e9 sur l\u2019<strong>eau<\/strong> (grands cercles bleus autour de la fontaine, symbolisant les ronds dans l\u2019eau et les <strong>cercles d\u2019amis<\/strong>) et la <strong>v\u00e9g\u00e9tation<\/strong> (grandes <strong>feuilles d\u2019\u00e9rable<\/strong> color\u00e9es en vert et jaune pour symboliser les saisons).<\/li>\n<li><strong>Le But :<\/strong> Transformer la place en un lieu plus <strong>chaleureux<\/strong>, <strong>convivial<\/strong> et <strong>inspirant<\/strong> gr\u00e2ce \u00e0 l\u2019art.<\/li>\n<\/ul>\n<p><strong>La Place Saint-Marc a troqu\u00e9 ses pav\u00e9s gris pour une \u0153uvre d\u2019art XXL. L\u2019artiste rouennais Inkoj vient de d\u00e9voiler une fresque en r\u00e9sine qui met \u00e0 l\u2019honneur l\u2019eau et la nature. Un projet g\u00e9nial que l\u2019on doit\u2026 aux Rouennais !<\/strong><\/p>\n<p>Si vous avez l\u2019habitude de fl\u00e2ner \u00e0 Saint-Marc le dimanche, pr\u00e9parez-vous \u00e0 une sacr\u00e9e surprise : la place n\u2019a plus la m\u00eame t\u00eate ! L\u2019artiste urbain <strong>Inkoj<\/strong>, dont vous connaissez forc\u00e9ment la touche de couleur sur la rue Jeanne-d\u2019Arc, a d\u00e9pos\u00e9 sa <strong>patte artistique<\/strong> de mani\u00e8re spectaculaire. Il vient de finaliser une immense <strong>fresque<\/strong> de plus de <strong>100 m\u00e8tres carr\u00e9s<\/strong> qui entoure d\u00e9sormais la fontaine. Et c\u2019est une <strong>r\u00e9ussite<\/strong> !<\/p>\n<p>Inkoj, des pav\u00e9s gris au green design<\/p>\n<p>Derri\u00e8re cette m\u00e9tamorphose se cache donc <strong>Inkoj<\/strong>, un artiste local qui sait comment rendre la ville plus pop. Cette fois, adieu les pav\u00e9s nu, bonjour l\u2019\u0153uvre <strong>p\u00e9renne<\/strong> et <strong>chaleureuse<\/strong>.<\/p>\n<p style=\"margin: 0; color: #000000; font-size: 16px; font-weight: bold;\">\u00c0 voir aussi sur Rouen Bouge<\/p>\n<\/p>\n<p>                    \u2716\n                <\/p>\n<p>Cette cr\u00e9ation a \u00e9t\u00e9 rendue possible gr\u00e2ce au <strong>budget participatif<\/strong> de la Ville de Rouen. Ce sont les habitants eux-m\u00eames qui ont propos\u00e9 et vot\u00e9 pour ce projet visant \u00e0 \u00ab\u00a0v\u00e9g\u00e9taliser\u00a0\u00bb et rendre plus <strong>conviviale<\/strong> cette place tr\u00e8s fr\u00e9quent\u00e9e. La fresque s\u2019inscrit d\u2019ailleurs dans un projet global, aux c\u00f4t\u00e9s des tables d\u00e9j\u00e0 pr\u00e9sentes pour nos d\u00e9gustations d\u2019hu\u00eetres et verres entre amis.<\/p>\n<p>R\u00e9alis\u00e9e en <strong>r\u00e9sine \u00e0 froid<\/strong> (le m\u00eame mat\u00e9riau ultra-r\u00e9sistant utilis\u00e9 pour les passages pi\u00e9tons), cette \u0153uvre ne bougera pas d\u2019un iota, qu\u2019il pleuve, qu\u2019il vente ou que le soleil tape. Elle est faite pour durer, <strong>hiver comme \u00e9t\u00e9<\/strong>.<\/p>\n<blockquote class=\"instagram-media\" data-instgrm-permalink=\"https:\/\/www.instagram.com\/p\/DQ3jeqKCBrg\/?utm_source=ig_embed&amp;utm_campaign=loading\" data-instgrm-version=\"14\" style=\" background:#FFF; border:0; border-radius:3px; box-shadow:0 0 1px 0 rgba(0,0,0,0.5),0 1px 10px 0 rgba(0,0,0,0.15); margin: 1px; max-width:540px; min-width:326px; padding:0; width:99.375%; width:-webkit-calc(100% - 2px); width:calc(100% - 2px);\" wp_automatic_readability=\"-0.25925925925926\"\/><p>Les secrets d\u2019un dessin qui a du sens<\/p>\n<p>Inkoj ne fait jamais les choses au hasard, et cette fresque est un v\u00e9ritable po\u00e8me visuel.<\/p>\n<ul class=\"wp-block-list\">\n<li><strong>Les cercles bleus :<\/strong> Autour de la fontaine, de grands <strong>ronds bleus<\/strong> \u00e9voquent l\u2019eau, bien s\u00fbr, mais aussi les <strong>bulles<\/strong> et les <strong>cercles d\u2019amis<\/strong> qui se forment naturellement sur la place. Une invitation \u00e0 la <strong>convivialit\u00e9<\/strong>.<\/li>\n<li><strong>La touche v\u00e9g\u00e9tale :<\/strong> Pour apporter cette touche de nature tant attendue, l\u2019artiste a dessin\u00e9 de gigantesques <strong>feuilles d\u2019\u00e9rable<\/strong>. Il a choisi le <strong>vert<\/strong> du printemps et le <strong>jaune<\/strong> de l\u2019automne, rendant le motif <strong>intemporel<\/strong> et vibrant.<\/li>\n<li><strong>La connexion :<\/strong> Astuce de composition g\u00e9niale, les feuilles sont reli\u00e9es par une <strong>tige<\/strong> qui part directement de la fontaine. Un symbole fort : l\u2019eau qui <strong>nourrit<\/strong> la vie et la v\u00e9g\u00e9tation !<\/li>\n<\/ul>\n<p>En quelques jours de travail intense, la Place Saint-Marc a donc fait peau neuve, passant du gris <strong>monotone<\/strong> \u00e0 une explosion de <strong>couleurs<\/strong> qui fait du bien au moral. Un bel exemple de ce qu\u2019on peut accomplir quand l\u2019art rencontre la <strong>d\u00e9mocratie citoyenne<\/strong>.<\/p>\n<p><strong>Alors, on se donne rendez-vous Place Saint-Marc ce week-end pour l\u2019admirer ?<\/strong><\/p>\n<p>            <script async src=\"\/\/www.instagram.com\/embed.js\"><\/script><\/p>\n","protected":false},"excerpt":{"rendered":"L\u2019ESSENTIEL Le Lieu de l\u2019Action : La Place Saint-Marc \u00e0 Rouen, autour de la fontaine. L\u2019Artiste : Inkoj,&hellip;\n","protected":false},"author":2,"featured_media":544591,"comment_status":"","ping_status":"","sticky":false,"template":"","format":"standard","meta":{"footnotes":""},"categories":[9587],"tags":[1111,11,1777,674,1011,27,12,5161,25,9590],"class_list":{"0":"post-544590","1":"post","2":"type-post","3":"status-publish","4":"format-standard","5":"has-post-thumbnail","7":"category-rouen","8":"tag-actu","9":"tag-actualites","10":"tag-eu","11":"tag-europe","12":"tag-fr","13":"tag-france","14":"tag-news","15":"tag-normandie","16":"tag-republique-francaise","17":"tag-rouen"},"share_on_mastodon":{"url":"https:\/\/pubeurope.com\/@fr\/115576162504640486","error":""},"_links":{"self":[{"href":"https:\/\/www.europesays.com\/fr\/wp-json\/wp\/v2\/posts\/544590","targetHints":{"allow":["GET"]}}],"collection":[{"href":"https:\/\/www.europesays.com\/fr\/wp-json\/wp\/v2\/posts"}],"about":[{"href":"https:\/\/www.europesays.com\/fr\/wp-json\/wp\/v2\/types\/post"}],"author":[{"embeddable":true,"href":"https:\/\/www.europesays.com\/fr\/wp-json\/wp\/v2\/users\/2"}],"replies":[{"embeddable":true,"href":"https:\/\/www.europesays.com\/fr\/wp-json\/wp\/v2\/comments?post=544590"}],"version-history":[{"count":0,"href":"https:\/\/www.europesays.com\/fr\/wp-json\/wp\/v2\/posts\/544590\/revisions"}],"wp:featuredmedia":[{"embeddable":true,"href":"https:\/\/www.europesays.com\/fr\/wp-json\/wp\/v2\/media\/544591"}],"wp:attachment":[{"href":"https:\/\/www.europesays.com\/fr\/wp-json\/wp\/v2\/media?parent=544590"}],"wp:term":[{"taxonomy":"category","embeddable":true,"href":"https:\/\/www.europesays.com\/fr\/wp-json\/wp\/v2\/categories?post=544590"},{"taxonomy":"post_tag","embeddable":true,"href":"https:\/\/www.europesays.com\/fr\/wp-json\/wp\/v2\/tags?post=544590"}],"curies":[{"name":"wp","href":"https:\/\/api.w.org\/{rel}","templated":true}]}}