{"id":544592,"date":"2025-11-19T11:37:17","date_gmt":"2025-11-19T11:37:17","guid":{"rendered":"https:\/\/www.europesays.com\/fr\/544592\/"},"modified":"2025-11-19T11:37:17","modified_gmt":"2025-11-19T11:37:17","slug":"video-pres-de-rouen-un-homme-retranche-aurait-menace-de-faire-sauter-limmeuble-le-raid-sur-place","status":"publish","type":"post","link":"https:\/\/www.europesays.com\/fr\/544592\/","title":{"rendered":"[Vid\u00e9o] Pr\u00e8s de Rouen. Un homme retranch\u00e9 aurait \u00ab\u00a0menac\u00e9 de faire sauter l&rsquo;immeuble\u00a0\u00bb\u00a0: le Raid sur place"},"content":{"rendered":"<p melodystyle=\"texte\">Ce\u00a0mercredi 19\u00a0novembre au matin, les forces de l&rsquo;ordre sont intervenues \u00e0 Canteleu, \u00e0 hauteur de l&rsquo;avenue Gounod et de la rue Camille-Pissarro.\u00a0<\/p>\n<p melodystyle=\"textnoprint\">\n<p>Menac\u00e9 de faire sauter l&rsquo;immeuble<\/p>\n<p melodystyle=\"texte\">Le premier appel a \u00e9t\u00e9 effectu\u00e9 \u00e0 7h. Selon le procureur de Rouen, un homme mena\u00e7ant\u00a0\u00e9tait retranch\u00e9 dans\u00a0son appartement, au sein d&rsquo;un immeuble de seize \u00e9tages. Ag\u00e9 d&rsquo;une\u00a0quarantaine d&rsquo;ann\u00e9es, l&rsquo;homme \u00e9tait avec ses parents. Les habitants du b\u00e2timent\u00a0ont \u00e9t\u00e9 confin\u00e9s. Le Raid, venu de Bi\u00e8vres, pr\u00e8s de Paris, a \u00e9t\u00e9 d\u00e9p\u00each\u00e9 sur place.\u00a0Le secteur a \u00e9t\u00e9\u00a0enti\u00e8rement boucl\u00e9\u00a0depuis le rond-point\u00a0de la sortie\u00a0de la for\u00eat monumentale\u00a0jusqu&rsquo;au\u00a0coll\u00e8ge\u00a0Gounod.\u00a0Selon un t\u00e9moin sur place, l&rsquo;homme retranch\u00e9 aurait \u00ab\u00a0menac\u00e9 de faire sauter l&rsquo;immeuble\u00a0\u00bb.\u00a0A 11h15, l&rsquo;homme\u00a0\u00e9tait ma\u00eetris\u00e9. S&rsquo;en est suivie une perquisition d&rsquo;une heure de l&rsquo;appartement du quadrag\u00e9naire. Le p\u00e9rim\u00e8tre de s\u00e9curit\u00e9 a \u00e9t\u00e9 rouvert.<\/p>\n","protected":false},"excerpt":{"rendered":"Ce\u00a0mercredi 19\u00a0novembre au matin, les forces de l&rsquo;ordre sont intervenues \u00e0 Canteleu, \u00e0 hauteur de l&rsquo;avenue Gounod et&hellip;\n","protected":false},"author":2,"featured_media":544593,"comment_status":"","ping_status":"","sticky":false,"template":"","format":"standard","meta":{"footnotes":""},"categories":[9587],"tags":[1111,11,1777,674,1011,27,12,5161,25,9590],"class_list":{"0":"post-544592","1":"post","2":"type-post","3":"status-publish","4":"format-standard","5":"has-post-thumbnail","7":"category-rouen","8":"tag-actu","9":"tag-actualites","10":"tag-eu","11":"tag-europe","12":"tag-fr","13":"tag-france","14":"tag-news","15":"tag-normandie","16":"tag-republique-francaise","17":"tag-rouen"},"share_on_mastodon":{"url":"https:\/\/pubeurope.com\/@fr\/115576166366822817","error":""},"_links":{"self":[{"href":"https:\/\/www.europesays.com\/fr\/wp-json\/wp\/v2\/posts\/544592","targetHints":{"allow":["GET"]}}],"collection":[{"href":"https:\/\/www.europesays.com\/fr\/wp-json\/wp\/v2\/posts"}],"about":[{"href":"https:\/\/www.europesays.com\/fr\/wp-json\/wp\/v2\/types\/post"}],"author":[{"embeddable":true,"href":"https:\/\/www.europesays.com\/fr\/wp-json\/wp\/v2\/users\/2"}],"replies":[{"embeddable":true,"href":"https:\/\/www.europesays.com\/fr\/wp-json\/wp\/v2\/comments?post=544592"}],"version-history":[{"count":0,"href":"https:\/\/www.europesays.com\/fr\/wp-json\/wp\/v2\/posts\/544592\/revisions"}],"wp:featuredmedia":[{"embeddable":true,"href":"https:\/\/www.europesays.com\/fr\/wp-json\/wp\/v2\/media\/544593"}],"wp:attachment":[{"href":"https:\/\/www.europesays.com\/fr\/wp-json\/wp\/v2\/media?parent=544592"}],"wp:term":[{"taxonomy":"category","embeddable":true,"href":"https:\/\/www.europesays.com\/fr\/wp-json\/wp\/v2\/categories?post=544592"},{"taxonomy":"post_tag","embeddable":true,"href":"https:\/\/www.europesays.com\/fr\/wp-json\/wp\/v2\/tags?post=544592"}],"curies":[{"name":"wp","href":"https:\/\/api.w.org\/{rel}","templated":true}]}}