{"id":544596,"date":"2025-11-19T11:41:11","date_gmt":"2025-11-19T11:41:11","guid":{"rendered":"https:\/\/www.europesays.com\/fr\/544596\/"},"modified":"2025-11-19T11:41:11","modified_gmt":"2025-11-19T11:41:11","slug":"a-rennes-il-dirige-500-cybercombattants-qui-est-ce-general-du-ministere-des-armees","status":"publish","type":"post","link":"https:\/\/www.europesays.com\/fr\/544596\/","title":{"rendered":"\u00c0 Rennes, il dirige 500 cybercombattants : qui est ce g\u00e9n\u00e9ral du minist\u00e8re des Arm\u00e9es ?"},"content":{"rendered":"<p>Il a pris ses fonctions il y a un peu plus de trois mois. Depuis le 1er ao\u00fbt, le g\u00e9n\u00e9ral de division a\u00e9rienne Emmanuel Na\u00ebgelen est le nouveau commandant de la cyberd\u00e9fense (Comcyber) au sein de l\u2019\u00e9tat-major des arm\u00e9es. Un poste strat\u00e9gique, \u00e0 l\u2019heure de la mont\u00e9e de la menace de cyberguerre russe et de la r\u00e9volution de l\u2019intelligence artificielle (IA), o\u00f9 il succ\u00e8de au g\u00e9n\u00e9ral Aymeric Bonnemaison, nomm\u00e9 \u00e0 la t\u00eate de la Direction du renseignement et de la s\u00e9curit\u00e9 de la D\u00e9fense au sein du minist\u00e8re des Arm\u00e9es.<\/p>\n<p>Dans ses nouvelles fonctions, Emmanuel Na\u00ebgelen a une mission : \u00ab la d\u00e9fense des syst\u00e8mes d\u2019information et des syst\u00e8mes d\u2019armes, ainsi que la conception, la planification et la conduite des op\u00e9rations militaires dans le cyberespace \u00bb, explique le minist\u00e8re des Arm\u00e9es. Sur le terrain, l\u2019homme pilote l\u2019ensemble des forces de cyberd\u00e9fense du minist\u00e8re. \u00ab Nous comptons un peu plus de 4 900 cybercombattants dans l\u2019ensemble du minist\u00e8res. Le Comcyber, en tant que tel, rassemble 500 personnes \u00bb, indique l\u2019int\u00e9ress\u00e9, rencontr\u00e9 en marge de la 10e European Cyber Week, grand-messe annuelle de la cyber organis\u00e9e \u00e0 Rennes.<\/p>\n<p>90 % du Comcyber \u00e0 Rennes en 2027<\/p>\n<p>Sur ces 500 cybercombattants, une grande partie est install\u00e9e au sein du quartier St\u00e9phant, \u00e0 Rennes, o\u00f9 <a href=\"https:\/\/www.letelegramme.fr\/ille-et-vilaine\/rennes-35000\/la-bretagne-nouvelle-place-forte-de-la-cyberdefense-francaise-6903427.php\" target=\"_blank\" rel=\"noopener\">un nouveau b\u00e2timent a \u00e9t\u00e9 inaugur\u00e9<\/a> en juin 2025 pour accueillir l\u2019Acad\u00e9mie de la cyberd\u00e9fense ou encore le Centre d\u2019audits de la s\u00e9curit\u00e9 des syst\u00e8mes d\u2019information. \u00ab L\u2019objectif, d\u2019ici deux ans, est de terminer la transformation du Comcyber, dont les \u00e9quipes seront \u00e0 90 % \u00e0 Rennes. Il ne restera qu\u2019une trentaine de personnes de l\u2019\u00e9tat-major \u00e0 Paris \u00bb, confie Emmanuel Na\u00ebgelen, dont les effectifs ont beaucoup augment\u00e9 ces derni\u00e8res ann\u00e9es. Et ce n\u2019est pas termin\u00e9, puisque la loi de programmation militaire fixe un objectif de 5 500 cybercombattants au sein des arm\u00e9es d\u2019ici 2030.<\/p>\n<p>Un bon connaisseur de la maison<\/p>\n<p>\u00c2g\u00e9 de 55 ans, Emmanuel Na\u00ebgelen conna\u00eet bien l\u2019arm\u00e9e et le monde de la cyber. Apr\u00e8s un d\u00e9but de carri\u00e8re dans l\u2019arm\u00e9e de l\u2019air, il int\u00e8gre l\u2019\u00e9tat-major des arm\u00e9es, en 2008, en tant que chef de cellule cyberd\u00e9fense puis prend, en 2011, le poste de chef de service en charge de la cyberd\u00e9fense au minist\u00e8re des Arm\u00e9e. Nomm\u00e9 en 2016 commandant de l\u2019\u00c9cole des pupilles de l\u2019air, il revient \u00e0 la cyber deux ans plus tard, en int\u00e9grant le Comcyber afin d\u2019en piloter les op\u00e9rations.<\/p>\n<p>En 2020 et jusqu\u2019\u00e0 son retour au Comcyber, il officie \u00e0 l\u2019Agence nationale de la s\u00e9curit\u00e9 des syst\u00e8mes d\u2019information (ANSSI), en tant que conseiller puis directeur g\u00e9n\u00e9ral adjoint. Des fonctions o\u00f9 la Bretagne \u00e9tait d\u00e9j\u00e0 pr\u00e9sente, l\u2019agence ayant <a href=\"https:\/\/www.letelegramme.fr\/bretagne\/cybersecurite-dans-les-coulisses-de-la-nouvelle-antenne-rennaise-de-lanssi-6473596.php\" target=\"_blank\" rel=\"noopener\">ouvert une antenne \u00e0 Rennes<\/a>, en 2023.<\/p>\n","protected":false},"excerpt":{"rendered":"Il a pris ses fonctions il y a un peu plus de trois mois. Depuis le 1er ao\u00fbt,&hellip;\n","protected":false},"author":2,"featured_media":544597,"comment_status":"","ping_status":"","sticky":false,"template":"","format":"standard","meta":{"footnotes":""},"categories":[2821],"tags":[1111,11,829,1075,1782,1777,674,1011,27,848,12,584,25],"class_list":{"0":"post-544596","1":"post","2":"type-post","3":"status-publish","4":"format-standard","5":"has-post-thumbnail","7":"category-rennes","8":"tag-actu","9":"tag-actualites","10":"tag-bretagne","11":"tag-cybersecurite","12":"tag-defense-nationale","13":"tag-eu","14":"tag-europe","15":"tag-fr","16":"tag-france","17":"tag-ille-et-vilaine","18":"tag-news","19":"tag-rennes","20":"tag-republique-francaise"},"share_on_mastodon":{"url":"https:\/\/pubeurope.com\/@fr\/115576182228720043","error":""},"_links":{"self":[{"href":"https:\/\/www.europesays.com\/fr\/wp-json\/wp\/v2\/posts\/544596","targetHints":{"allow":["GET"]}}],"collection":[{"href":"https:\/\/www.europesays.com\/fr\/wp-json\/wp\/v2\/posts"}],"about":[{"href":"https:\/\/www.europesays.com\/fr\/wp-json\/wp\/v2\/types\/post"}],"author":[{"embeddable":true,"href":"https:\/\/www.europesays.com\/fr\/wp-json\/wp\/v2\/users\/2"}],"replies":[{"embeddable":true,"href":"https:\/\/www.europesays.com\/fr\/wp-json\/wp\/v2\/comments?post=544596"}],"version-history":[{"count":0,"href":"https:\/\/www.europesays.com\/fr\/wp-json\/wp\/v2\/posts\/544596\/revisions"}],"wp:featuredmedia":[{"embeddable":true,"href":"https:\/\/www.europesays.com\/fr\/wp-json\/wp\/v2\/media\/544597"}],"wp:attachment":[{"href":"https:\/\/www.europesays.com\/fr\/wp-json\/wp\/v2\/media?parent=544596"}],"wp:term":[{"taxonomy":"category","embeddable":true,"href":"https:\/\/www.europesays.com\/fr\/wp-json\/wp\/v2\/categories?post=544596"},{"taxonomy":"post_tag","embeddable":true,"href":"https:\/\/www.europesays.com\/fr\/wp-json\/wp\/v2\/tags?post=544596"}],"curies":[{"name":"wp","href":"https:\/\/api.w.org\/{rel}","templated":true}]}}