{"id":544598,"date":"2025-11-19T11:42:15","date_gmt":"2025-11-19T11:42:15","guid":{"rendered":"https:\/\/www.europesays.com\/fr\/544598\/"},"modified":"2025-11-19T11:42:15","modified_gmt":"2025-11-19T11:42:15","slug":"napalm-death-de-passage-a-rennes-apres-le-havre","status":"publish","type":"post","link":"https:\/\/www.europesays.com\/fr\/544598\/","title":{"rendered":"Napalm Death de passage \u00e0 Rennes apr\u00e8s Le Havre"},"content":{"rendered":"<p>Le plateau sur cette date r\u00e9unira d&rsquo;autres v\u00e9t\u00e9rans (ainsi qu&rsquo;un quatri\u00e8me groupe encore \u00e0 annoncer) : le groupe de thrash am\u00e9ricain <strong>Whiplash<\/strong> et le combo punk\/hardcore anglais <strong>The Varukers<\/strong>. Chacun a plus de quarante ans de carri\u00e8re ! En dehors de Rennes, la tourn\u00e9e passe notamment par l&rsquo;Allemagne, l&rsquo;Espagne, l&rsquo;Italie et les \u00eeles britanniques.<\/p>\n<p>Le dix-huit\u00e8me album de <strong>Napalm Death<\/strong>,<a href=\"https:\/\/www.lagrosseradio.com\/webzine-metal\/p88216-napalm-death-throes-of-joy-in-the-jaws-of-defeatism\/\" rel=\"nofollow noopener\" target=\"_blank\"> Throes of Joy in the Jaws of Defeatism<\/a>, est sorti en septembre 2020, suivi par l&rsquo;EP\u00a0Resentment is Always Seismic \u2013 A Final Throw of Throes, sorti en f\u00e9vrier 2022. A noter : le groupe se produira ce samedi 22 novembre lors de l&rsquo;<strong>Apocalypse Metal Fest<\/strong> au Havre.<\/p>\n","protected":false},"excerpt":{"rendered":"Le plateau sur cette date r\u00e9unira d&rsquo;autres v\u00e9t\u00e9rans (ainsi qu&rsquo;un quatri\u00e8me groupe encore \u00e0 annoncer) : le groupe&hellip;\n","protected":false},"author":2,"featured_media":544599,"comment_status":"","ping_status":"","sticky":false,"template":"","format":"standard","meta":{"footnotes":""},"categories":[2821],"tags":[5734,1111,11,829,1697,1777,674,1011,27,66312,12,66313,584,25,66314,66315,66316],"class_list":{"0":"post-544598","1":"post","2":"type-post","3":"status-publish","4":"format-standard","5":"has-post-thumbnail","7":"category-rennes","8":"tag-5734","9":"tag-actu","10":"tag-actualites","11":"tag-bretagne","12":"tag-concert","13":"tag-eu","14":"tag-europe","15":"tag-fr","16":"tag-france","17":"tag-napalm-death","18":"tag-news","19":"tag-punk-hardcore","20":"tag-rennes","21":"tag-republique-francaise","22":"tag-the-varukers","23":"tag-thrash","24":"tag-whiplash"},"share_on_mastodon":{"url":"https:\/\/pubeurope.com\/@fr\/115576186277672176","error":""},"_links":{"self":[{"href":"https:\/\/www.europesays.com\/fr\/wp-json\/wp\/v2\/posts\/544598","targetHints":{"allow":["GET"]}}],"collection":[{"href":"https:\/\/www.europesays.com\/fr\/wp-json\/wp\/v2\/posts"}],"about":[{"href":"https:\/\/www.europesays.com\/fr\/wp-json\/wp\/v2\/types\/post"}],"author":[{"embeddable":true,"href":"https:\/\/www.europesays.com\/fr\/wp-json\/wp\/v2\/users\/2"}],"replies":[{"embeddable":true,"href":"https:\/\/www.europesays.com\/fr\/wp-json\/wp\/v2\/comments?post=544598"}],"version-history":[{"count":0,"href":"https:\/\/www.europesays.com\/fr\/wp-json\/wp\/v2\/posts\/544598\/revisions"}],"wp:featuredmedia":[{"embeddable":true,"href":"https:\/\/www.europesays.com\/fr\/wp-json\/wp\/v2\/media\/544599"}],"wp:attachment":[{"href":"https:\/\/www.europesays.com\/fr\/wp-json\/wp\/v2\/media?parent=544598"}],"wp:term":[{"taxonomy":"category","embeddable":true,"href":"https:\/\/www.europesays.com\/fr\/wp-json\/wp\/v2\/categories?post=544598"},{"taxonomy":"post_tag","embeddable":true,"href":"https:\/\/www.europesays.com\/fr\/wp-json\/wp\/v2\/tags?post=544598"}],"curies":[{"name":"wp","href":"https:\/\/api.w.org\/{rel}","templated":true}]}}