{"id":544602,"date":"2025-11-19T11:45:19","date_gmt":"2025-11-19T11:45:19","guid":{"rendered":"https:\/\/www.europesays.com\/fr\/544602\/"},"modified":"2025-11-19T11:45:19","modified_gmt":"2025-11-19T11:45:19","slug":"5-kilometres-de-bouchons-dans-un-sens","status":"publish","type":"post","link":"https:\/\/www.europesays.com\/fr\/544602\/","title":{"rendered":"5 kilom\u00e8tres de bouchons dans un sens"},"content":{"rendered":"<p>                    Par<br \/>\n        <strong><br \/>\n            <a href=\"https:\/\/actu.fr\/auteur\/ivan-capecchi\" title=\"Consulter tous les articles de Ivan CAPECCHI\" rel=\"nofollow noopener\" target=\"_blank\">Ivan CAPECCHI<\/a><br \/>\n                    <\/strong><\/p>\n<p>        Publi\u00e9 le<\/p>\n<p>            19 nov. 2025 \u00e0 12h41        <\/p>\n<p>Ce mercredi, une camionnette en feu a \u00e9t\u00e9 rep\u00e9r\u00e9e sur la <strong>M35<\/strong>,\u00a0au niveau de la sortie Place des Halles, \u00e0 <strong>Strasbourg<\/strong> par le compte Facebook Info Trafic Bas-Rhin.<\/p>\n<p>5 kilom\u00e8tres de bouchons dans le sens Colmar-Strasbourg<\/p>\n<p class=\" wall-content\">D\u2019apr\u00e8s la CRS autorouti\u00e8re jointe par nos soins, la camionnette a \u00e9t\u00e9 retir\u00e9e.<\/p>\n<p class=\" wall-content\">Cependant, il demeure <strong>5 kilom\u00e8tres de bouchons, dans le sens Colmar-Strasbourg<\/strong>.<\/p>\n<p class=\" wall-content\">Personnalisez votre actualit\u00e9 en ajoutant vos villes et m\u00e9dias en favori avec <a href=\"https:\/\/moncompte.actu.fr\" title=\"D\u00e9couvez Mon Actu\" rel=\"nofollow noopener\" data-trk=\"{&quot;cta&quot;:{&quot;action&quot;:&quot;https:\\\/\\\/moncompte.actu.fr&quot;,&quot;category&quot;:&quot;mon compte&quot;,&quot;from&quot;:&quot;article footer&quot;,&quot;name&quot;:&quot;Mon actu&quot;,&quot;type&quot;:&quot;cta&quot;}}\" target=\"_blank\">Mon Actu<\/a>.<\/p>\n","protected":false},"excerpt":{"rendered":"Par Ivan CAPECCHI Publi\u00e9 le 19 nov. 2025 \u00e0 12h41 Ce mercredi, une camionnette en feu a \u00e9t\u00e9&hellip;\n","protected":false},"author":2,"featured_media":544603,"comment_status":"","ping_status":"","sticky":false,"template":"","format":"standard","meta":{"footnotes":""},"categories":[2820],"tags":[1111,11,3542,1777,674,118,1011,27,775,12,25,640],"class_list":{"0":"post-544602","1":"post","2":"type-post","3":"status-publish","4":"format-standard","5":"has-post-thumbnail","7":"category-strasbourg","8":"tag-actu","9":"tag-actualites","10":"tag-circulation","11":"tag-eu","12":"tag-europe","13":"tag-faits-divers","14":"tag-fr","15":"tag-france","16":"tag-grand-est","17":"tag-news","18":"tag-republique-francaise","19":"tag-strasbourg"},"share_on_mastodon":{"url":"https:\/\/pubeurope.com\/@fr\/115576197839143748","error":""},"_links":{"self":[{"href":"https:\/\/www.europesays.com\/fr\/wp-json\/wp\/v2\/posts\/544602","targetHints":{"allow":["GET"]}}],"collection":[{"href":"https:\/\/www.europesays.com\/fr\/wp-json\/wp\/v2\/posts"}],"about":[{"href":"https:\/\/www.europesays.com\/fr\/wp-json\/wp\/v2\/types\/post"}],"author":[{"embeddable":true,"href":"https:\/\/www.europesays.com\/fr\/wp-json\/wp\/v2\/users\/2"}],"replies":[{"embeddable":true,"href":"https:\/\/www.europesays.com\/fr\/wp-json\/wp\/v2\/comments?post=544602"}],"version-history":[{"count":0,"href":"https:\/\/www.europesays.com\/fr\/wp-json\/wp\/v2\/posts\/544602\/revisions"}],"wp:featuredmedia":[{"embeddable":true,"href":"https:\/\/www.europesays.com\/fr\/wp-json\/wp\/v2\/media\/544603"}],"wp:attachment":[{"href":"https:\/\/www.europesays.com\/fr\/wp-json\/wp\/v2\/media?parent=544602"}],"wp:term":[{"taxonomy":"category","embeddable":true,"href":"https:\/\/www.europesays.com\/fr\/wp-json\/wp\/v2\/categories?post=544602"},{"taxonomy":"post_tag","embeddable":true,"href":"https:\/\/www.europesays.com\/fr\/wp-json\/wp\/v2\/tags?post=544602"}],"curies":[{"name":"wp","href":"https:\/\/api.w.org\/{rel}","templated":true}]}}