{"id":544614,"date":"2025-11-19T11:53:22","date_gmt":"2025-11-19T11:53:22","guid":{"rendered":"https:\/\/www.europesays.com\/fr\/544614\/"},"modified":"2025-11-19T11:53:22","modified_gmt":"2025-11-19T11:53:22","slug":"apres-paris-deep-purple-annonce-une-date-de-concert-a-bordeaux","status":"publish","type":"post","link":"https:\/\/www.europesays.com\/fr\/544614\/","title":{"rendered":"Apr\u00e8s Paris, Deep Purple annonce une date de concert \u00e0 Bordeaux"},"content":{"rendered":"\n<p>Ils font partie de ces groupes l\u00e9gendaires de l\u2019histoire du rock \u00e0 voir absolument sur sc\u00e8ne. Pour qui les aurait loup\u00e9s, un rattrapage s\u2019impose.<\/p>\n<p>50 ans de carri\u00e8re, cela se f\u00eate avec ces dinosaures du rock qui ont travers\u00e9 toutes les p\u00e9riodes, surv\u00e9cus \u00e0 tous les courants musicaux (dont certains voulaient leur mort) et, aujourd\u2019hui, en 2025, ils sont toujours l\u00e0.<\/p>\n<p>Enfin, en 2026 en fait. Car Deep Purple est une v\u00e9ritable machine de guerre. Alors que Ian Gillan annon\u00e7ait prendre sa retraite \u00e0 cause de sa vision de plus en plus d\u00e9faillante, il appara\u00eet pourtant qu\u2019il sera l\u00e0 pour assurer \u00e0 maintenant 80 ans.<\/p>\n<p>Apr\u00e8s Paris et l\u2019Adidas Arena (le 22 octobre 2026), les rockeurs britanniques ont choisi Bordeaux et l\u2019Arkea Arena de Floirac, le 12 novembre 2026 pour pousser leurs amplis au max en revenant sur leur tr\u00e8s longue carri\u00e8re gorg\u00e9e de tubes en puissance.<\/p>\n<p><a href=\"https:\/\/www.arkeaarena.com\/evenements\/deep-purple-en-concert-12-novembre-2026-billetterie-bordeaux?utm_source=brevo&amp;utm_campaign=AA%20-%20Prvente%20Deep%20Purple&amp;utm_medium=email\" rel=\"noopener\" target=\"_blank\">La pr\u00e9vente des billets est d\u00e9j\u00e0 ouverte<\/a>\u00a0; quand \u00e0 la vente g\u00e9n\u00e9rale, il faudra attendre vendredi \u00e0 partir de 11h.<\/p>\n<p>\u00a0<\/p>\n<p>On r\u00e9capitule, pour voir Deep Purple en France en 2026, ce sera :<\/p>\n<p>18\/06\/2026 \u2013 \u00e0 Clisson au Hellfest<\/p>\n<p>22\/10\/2026 \u2013 \u00e0 Paris \u00e0 l\u2019Adidas Arena<\/p>\n<p>10\/11\/2026 \u2013 \u00e0 Strasbourg au Z\u00e9nith<\/p>\n<p>12\/11\/2026 \u2013 \u00e0 Bordeaux \u00e0 l\u2019Ark\u00e9a Arena<\/p>\n<p>13\/11\/2026 \u2013 \u00e0 Nantes au Z\u00e9nith<\/p>\n<p>15\/11\/2026 \u2013 \u00e0 Lyon \u00e0 la LDLC Arena<\/p>\n","protected":false},"excerpt":{"rendered":"Ils font partie de ces groupes l\u00e9gendaires de l\u2019histoire du rock \u00e0 voir absolument sur sc\u00e8ne. Pour qui&hellip;\n","protected":false},"author":2,"featured_media":544615,"comment_status":"","ping_status":"","sticky":false,"template":"","format":"standard","meta":{"footnotes":""},"categories":[2817],"tags":[1111,11,66324,66325,66330,1997,66321,66319,66317,66322,1777,674,1011,27,66326,66320,66329,12,2219,66331,25,66323,66318,66332,66328,66327],"class_list":{"0":"post-544614","1":"post","2":"type-post","3":"status-publish","4":"format-standard","5":"has-post-thumbnail","7":"category-bordeaux","8":"tag-actu","9":"tag-actualites","10":"tag-adidas-arena-paris","11":"tag-arkea-arena-bordeaux","12":"tag-billets-deep-purple-2026","13":"tag-bordeaux","14":"tag-carriere-deep-purple-50-ans","15":"tag-concerts-deep-purple-france","16":"tag-deep-purple","17":"tag-dinosaures-du-rock","18":"tag-eu","19":"tag-europe","20":"tag-fr","21":"tag-france","22":"tag-hellfest-2026","23":"tag-ian-gillan-80-ans","24":"tag-ldlc-arena-lyon","25":"tag-news","26":"tag-nouvelle-aquitaine","27":"tag-prevente-deep-purple","28":"tag-republique-francaise","29":"tag-rock-britannique-legendaire","30":"tag-tournee-deep-purple-2026","31":"tag-tournee-rock-2026","32":"tag-zenith-nantes","33":"tag-zenith-strasbourg"},"share_on_mastodon":{"url":"https:\/\/pubeurope.com\/@fr\/115576229439768647","error":""},"_links":{"self":[{"href":"https:\/\/www.europesays.com\/fr\/wp-json\/wp\/v2\/posts\/544614","targetHints":{"allow":["GET"]}}],"collection":[{"href":"https:\/\/www.europesays.com\/fr\/wp-json\/wp\/v2\/posts"}],"about":[{"href":"https:\/\/www.europesays.com\/fr\/wp-json\/wp\/v2\/types\/post"}],"author":[{"embeddable":true,"href":"https:\/\/www.europesays.com\/fr\/wp-json\/wp\/v2\/users\/2"}],"replies":[{"embeddable":true,"href":"https:\/\/www.europesays.com\/fr\/wp-json\/wp\/v2\/comments?post=544614"}],"version-history":[{"count":0,"href":"https:\/\/www.europesays.com\/fr\/wp-json\/wp\/v2\/posts\/544614\/revisions"}],"wp:featuredmedia":[{"embeddable":true,"href":"https:\/\/www.europesays.com\/fr\/wp-json\/wp\/v2\/media\/544615"}],"wp:attachment":[{"href":"https:\/\/www.europesays.com\/fr\/wp-json\/wp\/v2\/media?parent=544614"}],"wp:term":[{"taxonomy":"category","embeddable":true,"href":"https:\/\/www.europesays.com\/fr\/wp-json\/wp\/v2\/categories?post=544614"},{"taxonomy":"post_tag","embeddable":true,"href":"https:\/\/www.europesays.com\/fr\/wp-json\/wp\/v2\/tags?post=544614"}],"curies":[{"name":"wp","href":"https:\/\/api.w.org\/{rel}","templated":true}]}}