{"id":544630,"date":"2025-11-19T12:02:21","date_gmt":"2025-11-19T12:02:21","guid":{"rendered":"https:\/\/www.europesays.com\/fr\/544630\/"},"modified":"2025-11-19T12:02:21","modified_gmt":"2025-11-19T12:02:21","slug":"lyon-la-garde-a-vue-de-lavocat-david-metaxas-soupconne-de-viols-et-agressions-sexuelles-est-toujours-en-cours","status":"publish","type":"post","link":"https:\/\/www.europesays.com\/fr\/544630\/","title":{"rendered":"Lyon. La garde \u00e0 vue de l\u2019avocat David Metaxas, soup\u00e7onn\u00e9 de viols et agressions sexuelles, est toujours en cours"},"content":{"rendered":"<p>La garde \u00e0 vue de l\u2019avocat lyonnais David Metaxas \u00ab\u00a0est toujours en cours, celle-ci ayant \u00e9t\u00e9 prolong\u00e9e par le magistrat instructeur\u00a0\u00bb, a indiqu\u00e9 mercredi midi au Progr\u00e8s  le procureur de la R\u00e9publique de Chamb\u00e9ry, Xavier Sicot.<\/p>\n<p>Le m\u00e9diatique auxiliaire de justice, en activit\u00e9 depuis 2002 et \u00e2g\u00e9 de 49 ans, est entendu dans le cadre d\u2019une information judiciaire ouverte pour des faits de viols aggrav\u00e9s, viols et agressions sexuelles. L\u2019enqu\u00eate a \u00e9t\u00e9 d\u00e9localis\u00e9e en Savoie, le mis en cause ayant son cabinet \u00e0 Lyon.<\/p>\n<p>Depuis plusieurs mois, des avocats du barreau de Lyon, notamment des anciens collaborateurs, employ\u00e9s et stagiaires, ont \u00e9t\u00e9 interrog\u00e9s par les gendarmes de la section de recherches de Chamb\u00e9ry.\u00a0Les accusations, que David Metaxas a toujours contest\u00e9es, \u00e9maneraient de cinq anciennes stagiaires de son cabinet pour des faits pr\u00e9sum\u00e9s <a href=\"https:\/\/www.leprogres.fr\/faits-divers-justice\/2025\/11\/17\/l-avocat-david-metaxas-en-garde-a-vue-des-anciennes-stagiaires-l-accusent-de-viols-et-agressions-sexuelles\" target=\"_blank\" rel=\"noopener\">remontant \u00e0 plusieurs ann\u00e9es<\/a>.<\/p>\n<p>  Un proc\u00e8s renvoy\u00e9<\/p>\n<p>Sollicit\u00e9 ce mercredi, l\u2019avocat de David Metaxas, Ma\u00eetre Alain Jakubowicz n\u2019a pas souhait\u00e9 s\u2019exprimer sur l\u2019affaire. Son client est pr\u00e9sum\u00e9 innocent.<\/p>\n<p>David Metaxas devait d\u00e9fendre d\u00e8s lundi matin, devant les assises du Vaucluse, un homme accus\u00e9 de complicit\u00e9 d\u2019assassinat sur fond de narcotrafic et de guerres de territoire \u00e0 Avignon. Le proc\u00e8s a \u00e9t\u00e9 renvoy\u00e9, pour \u00ab\u00a0raisons insurmontables\u00a0\u00bb, \u00e0 savoir la garde \u00e0 vue de l\u2019avocat lyonnais. David Metaxas intervient r\u00e9guli\u00e8rement dans des dossiers de premier plan. Il a pris r\u00e9cemment la d\u00e9fense du <a href=\"https:\/\/www.leprogres.fr\/faits-divers-justice\/2025\/02\/22\/le-cuisinier-mafieux-reste-en-prison-la-detention-devient-deraisonnable\" target=\"_blank\" rel=\"noopener\">pizza\u00efolo mafieux st\u00e9phanois<\/a> menac\u00e9 d\u2019\u00eatre extrad\u00e9 en Italie et d\u2019une g\u00e9rante du centre esth\u00e9tique <a href=\"https:\/\/www.leprogres.fr\/faits-divers-justice\/2024\/11\/26\/paupieres-brulees-dents-abimees-la-justice-a-besoin-de-plus-de-temps-sur-l-affaire-aunessa\" target=\"_blank\" rel=\"noopener\">Aunessa<\/a> poursuivie pour pratique ill\u00e9gale de la m\u00e9decine.<\/p>\n","protected":false},"excerpt":{"rendered":"La garde \u00e0 vue de l\u2019avocat lyonnais David Metaxas \u00ab\u00a0est toujours en cours, celle-ci ayant \u00e9t\u00e9 prolong\u00e9e par&hellip;\n","protected":false},"author":2,"featured_media":544631,"comment_status":"","ping_status":"","sticky":false,"template":"","format":"standard","meta":{"footnotes":""},"categories":[1889],"tags":[1111,11,2430,271,272,2757,1777,674,274,107,1011,27,2428,2756,12,25,2429],"class_list":{"0":"post-544630","1":"post","2":"type-post","3":"status-publish","4":"format-standard","5":"has-post-thumbnail","7":"category-lyon","8":"tag-actu","9":"tag-actualites","10":"tag-auvergne-rhone-alpes","11":"tag-crime","12":"tag-delit-et-contravention","13":"tag-edition-lyon-villeurbanne","14":"tag-eu","15":"tag-europe","16":"tag-faits-divers-justice","17":"tag-fil-info","18":"tag-fr","19":"tag-france","20":"tag-lyon","21":"tag-lyon-bassin","22":"tag-news","23":"tag-republique-francaise","24":"tag-rhone"},"share_on_mastodon":{"url":"https:\/\/pubeurope.com\/@fr\/115576264665731974","error":""},"_links":{"self":[{"href":"https:\/\/www.europesays.com\/fr\/wp-json\/wp\/v2\/posts\/544630","targetHints":{"allow":["GET"]}}],"collection":[{"href":"https:\/\/www.europesays.com\/fr\/wp-json\/wp\/v2\/posts"}],"about":[{"href":"https:\/\/www.europesays.com\/fr\/wp-json\/wp\/v2\/types\/post"}],"author":[{"embeddable":true,"href":"https:\/\/www.europesays.com\/fr\/wp-json\/wp\/v2\/users\/2"}],"replies":[{"embeddable":true,"href":"https:\/\/www.europesays.com\/fr\/wp-json\/wp\/v2\/comments?post=544630"}],"version-history":[{"count":0,"href":"https:\/\/www.europesays.com\/fr\/wp-json\/wp\/v2\/posts\/544630\/revisions"}],"wp:featuredmedia":[{"embeddable":true,"href":"https:\/\/www.europesays.com\/fr\/wp-json\/wp\/v2\/media\/544631"}],"wp:attachment":[{"href":"https:\/\/www.europesays.com\/fr\/wp-json\/wp\/v2\/media?parent=544630"}],"wp:term":[{"taxonomy":"category","embeddable":true,"href":"https:\/\/www.europesays.com\/fr\/wp-json\/wp\/v2\/categories?post=544630"},{"taxonomy":"post_tag","embeddable":true,"href":"https:\/\/www.europesays.com\/fr\/wp-json\/wp\/v2\/tags?post=544630"}],"curies":[{"name":"wp","href":"https:\/\/api.w.org\/{rel}","templated":true}]}}