{"id":544636,"date":"2025-11-19T12:07:17","date_gmt":"2025-11-19T12:07:17","guid":{"rendered":"https:\/\/www.europesays.com\/fr\/544636\/"},"modified":"2025-11-19T12:07:17","modified_gmt":"2025-11-19T12:07:17","slug":"paris-le-conducteur-de-metro-dont-lun-des-wagons-avait-traine-une-voyageuse-finalement-relaxe","status":"publish","type":"post","link":"https:\/\/www.europesays.com\/fr\/544636\/","title":{"rendered":"Paris : Le conducteur de m\u00e9tro dont l\u2019un des wagons avait tra\u00een\u00e9 une voyageuse, finalement relax\u00e9"},"content":{"rendered":"<p class=\"mb-4 text-lg md:leading-8 break-words\"><strong>justice &#8211; Inculp\u00e9 pour \u00ab\u00a0homicide involontaire\u00a0\u00bb en avril\u00a02023, le conducteur de m\u00e9tro de la ligne 6, \u00e0 Paris, dont l\u2019une des rames avait mortellement tra\u00een\u00e9 une femme sur les voies, a finalement \u00e9t\u00e9 relax\u00e9<\/strong><\/p>\n<p class=\"mb-4 text-lg md:leading-8 break-words\">Pas de caract\u00e9risation de l\u2019homicide involontaire. Le tribunal correctionnel de Paris a prononc\u00e9, hier, la relaxe du conducteur de <a href=\"https:\/\/www.20minutes.fr\/dossier\/metro?at_medium=RSS%20feed&amp;at_campaign=ynews&amp;utm_source=yahoo&amp;utm_medium=rss&amp;utm_campaign=news_feed&amp;utm_content=in_article_link\" rel=\"nofollow noopener\" target=\"_blank\" data-ylk=\"slk:m\u00e9tro;elm:context_link;itc:0;sec:content-canvas\" class=\"link \">m\u00e9tro<\/a> dont l\u2019une des rames avait <a href=\"https:\/\/www.20minutes.fr\/faits_divers\/4033954-20230423-accident-metro-parisien-veste-coincee-portes-automatiques-femme-meurt-happee?at_medium=RSS%20feed&amp;at_campaign=ynews&amp;utm_source=yahoo&amp;utm_medium=rss&amp;utm_campaign=news_feed&amp;utm_content=in_article_link\" rel=\"nofollow noopener\" target=\"_blank\" data-ylk=\"slk:mortellement tra\u00een\u00e9 une voyageuse;elm:context_link;itc:0;sec:content-canvas\" class=\"link \">mortellement tra\u00een\u00e9 une voyageuse<\/a> sortie \u00e0 la station Bel-Air, sur la ligne 6, et dont le manteau s\u2019\u00e9tait coinc\u00e9 dans les portes.<\/p>\n<p class=\"mb-4 text-lg md:leading-8 break-words\"><a href=\"https:\/\/www.20minutes.fr\/paris\/4034753-20230428-jamais-vu-ca-apres-accident-mortel-metro-paris-conducteur-garde-vue?at_medium=RSS%20feed&amp;at_campaign=ynews&amp;utm_source=yahoo&amp;utm_medium=rss&amp;utm_campaign=news_feed&amp;utm_content=in_article_link\" rel=\"nofollow noopener\" target=\"_blank\" data-ylk=\"slk:Mis en examen;elm:context_link;itc:0;sec:content-canvas\" class=\"link \">Mis en examen<\/a> pour homicide involontaire le 28\u00a0avril 2023, il avait \u00e9t\u00e9 alors suspect\u00e9 d\u2019avoir failli aux r\u00e8gles de s\u00e9curit\u00e9, en omettant de regarder correctement dans les deux miroirs se trouvant sur le quai. Selon <a href=\"https:\/\/www.leparisien.fr\/paris-75\/mort-de-najlat-trainee-par-le-metro-a-paris-le-conducteur-relaxe-18-11-2025-S654IVF6AVFQLEMTKUEAAXGAZA.php?at_medium=RSS%20feed&amp;at_campaign=ynews&amp;utm_source=yahoo&amp;utm_medium=rss&amp;utm_campaign=news_feed&amp;utm_content=in_article_link\" rel=\"nofollow noopener\" target=\"_blank\" data-ylk=\"slk:le rapport d\u2019un expert;elm:context_link;itc:0;sec:content-canvas\" class=\"link \">le rapport d\u2019un expert<\/a> sollicit\u00e9 dans le cadre du proc\u00e8s, l\u2019un d\u2019eux serait en effet mal orient\u00e9, et n\u2019aurait pas permis au chauffeur d\u2019effectuer les v\u00e9rifications d\u2019usage au risque de devoir quitter son poste.<\/p>\n<p>Des \u00ab\u00a0moyens limit\u00e9s\u00a0\u00bb de visibilit\u00e9<\/p>\n<p class=\"mb-4 text-lg md:leading-8 break-words\">Dans son jugement, le tribunal a indiqu\u00e9 avoir consid\u00e9r\u00e9 que \u00ab\u00a0l\u2019insuffisante v\u00e9rification dans le miroir-plan\u00a0\u00bb ne constituait donc pas une caract\u00e9risation de l\u2019homicide involontaire, soulignant les \u00ab\u00a0moyens limit\u00e9s\u00a0\u00bb de visibilit\u00e9 dont disposait le conducteur dans cette station de m\u00e9tro.<\/p>\n<p class=\"mb-4 text-lg md:leading-8 break-words\">Les d\u00e9pistages d\u2019alcool et de stup\u00e9fiants r\u00e9alis\u00e9s sur le conducteur, employ\u00e9 de la <a href=\"https:\/\/www.20minutes.fr\/dossier\/ratp?at_medium=RSS%20feed&amp;at_campaign=ynews&amp;utm_source=yahoo&amp;utm_medium=rss&amp;utm_campaign=news_feed&amp;utm_content=in_article_link\" rel=\"nofollow noopener\" target=\"_blank\" data-ylk=\"slk:RATP;elm:context_link;itc:0;sec:content-canvas\" class=\"link \">RATP<\/a> depuis quinze ans et travaillant sur la ligne 6 depuis onze ans au moment des faits, s\u2019\u00e9taient \u00e9galement av\u00e9r\u00e9s n\u00e9gatifs. \u00c0 l\u2019audience du 14\u00a0octobre, le parquet avait n\u00e9anmoins requis un an de prison avec sursis, \u00e0 son encontre. Le tribunal en a finalement d\u00e9cid\u00e9 autrement.<\/p>\n<p class=\"mb-4 text-lg md:leading-8 break-words\"><a href=\"https:\/\/www.20minutes.fr\/faits_divers\/4186539-20251119-paris-conducteur-metro-dont-wagons-traine-voyageuse-finalement-relaxe?at_medium=RSS%20feed&amp;at_campaign=ynews&amp;utm_source=yahoo&amp;utm_medium=rss&amp;utm_campaign=news_feed&amp;utm_content=read_more_link&quot;\" rel=\"nofollow noopener\" target=\"_blank\" data-ylk=\"slk:Lire la suite sur 20minutes;elm:context_link;itc:0;sec:content-canvas\" class=\"link \">Lire la suite sur 20minutes<\/a><\/p>\n<p>\u00c0 lire aussi :<br \/><a href=\"https:\/\/www.20minutes.fr\/paris\/4034204-20230425-femme-happee-metro-pourquoi-encore-accidents-mortels-voies-reseau-francilien?at_medium=RSS%20feed&amp;at_campaign=ynews&amp;utm_source=yahoo&amp;utm_medium=rss&amp;utm_campaign=news_feed&amp;utm_content=related_content_link\" rel=\"nofollow noopener\" target=\"_blank\" data-ylk=\"slk:Femme happ\u00e9e par le m\u00e9tro\u00a0: Pourquoi encore des accidents mortels sur les voies du r\u00e9seau francilien\u00a0?;elm:context_link;itc:0;sec:content-canvas\" class=\"link \">Femme happ\u00e9e par le m\u00e9tro\u00a0: Pourquoi encore des accidents mortels sur les voies du r\u00e9seau francilien\u00a0?<\/a><br \/><a href=\"https:\/\/www.20minutes.fr\/societe\/2160923-20171031-accident-grave-voyageur-pouvais-enlever-tete-tue-quelqu?at_medium=RSS%20feed&amp;at_campaign=ynews&amp;utm_source=yahoo&amp;utm_medium=rss&amp;utm_campaign=news_feed&amp;utm_content=related_content_link\" rel=\"nofollow noopener\" target=\"_blank\" data-ylk=\"slk:Accident grave de voyageur: \u00abJe ne pouvais pas m\u2019enlever de la t\u00eate que j\u2019avais tu\u00e9 quelqu\u2019un\u00bb;elm:context_link;itc:0;sec:content-canvas\" class=\"link \">Accident grave de voyageur: \u00abJe ne pouvais pas m\u2019enlever de la t\u00eate que j\u2019avais tu\u00e9 quelqu\u2019un\u00bb<\/a><\/p>\n","protected":false},"excerpt":{"rendered":"justice &#8211; Inculp\u00e9 pour \u00ab\u00a0homicide involontaire\u00a0\u00bb en avril\u00a02023, le conducteur de m\u00e9tro de la ligne 6, \u00e0 Paris,&hellip;\n","protected":false},"author":2,"featured_media":544637,"comment_status":"","ping_status":"","sticky":false,"template":"","format":"standard","meta":{"footnotes":""},"categories":[1888],"tags":[1111,1928,11,1927,66333,1777,674,1011,27,20850,52280,12,1926,626,1925,25,56598,34787],"class_list":{"0":"post-544636","1":"post","2":"type-post","3":"status-publish","4":"format-standard","5":"has-post-thumbnail","7":"category-paris","8":"tag-actu","9":"tag-actu-paris","10":"tag-actualites","11":"tag-actualites-paris","12":"tag-conducteur-de-metro","13":"tag-eu","14":"tag-europe","15":"tag-fr","16":"tag-france","17":"tag-homicide-involontaire","18":"tag-le-metro","19":"tag-news","20":"tag-news-paris","21":"tag-paris","22":"tag-paris-news","23":"tag-republique-francaise","24":"tag-station-de-metro","25":"tag-tribunal-correctionnel-de-paris"},"share_on_mastodon":{"url":"https:\/\/pubeurope.com\/@fr\/115576284339332944","error":""},"_links":{"self":[{"href":"https:\/\/www.europesays.com\/fr\/wp-json\/wp\/v2\/posts\/544636","targetHints":{"allow":["GET"]}}],"collection":[{"href":"https:\/\/www.europesays.com\/fr\/wp-json\/wp\/v2\/posts"}],"about":[{"href":"https:\/\/www.europesays.com\/fr\/wp-json\/wp\/v2\/types\/post"}],"author":[{"embeddable":true,"href":"https:\/\/www.europesays.com\/fr\/wp-json\/wp\/v2\/users\/2"}],"replies":[{"embeddable":true,"href":"https:\/\/www.europesays.com\/fr\/wp-json\/wp\/v2\/comments?post=544636"}],"version-history":[{"count":0,"href":"https:\/\/www.europesays.com\/fr\/wp-json\/wp\/v2\/posts\/544636\/revisions"}],"wp:featuredmedia":[{"embeddable":true,"href":"https:\/\/www.europesays.com\/fr\/wp-json\/wp\/v2\/media\/544637"}],"wp:attachment":[{"href":"https:\/\/www.europesays.com\/fr\/wp-json\/wp\/v2\/media?parent=544636"}],"wp:term":[{"taxonomy":"category","embeddable":true,"href":"https:\/\/www.europesays.com\/fr\/wp-json\/wp\/v2\/categories?post=544636"},{"taxonomy":"post_tag","embeddable":true,"href":"https:\/\/www.europesays.com\/fr\/wp-json\/wp\/v2\/tags?post=544636"}],"curies":[{"name":"wp","href":"https:\/\/api.w.org\/{rel}","templated":true}]}}