{"id":544652,"date":"2025-11-19T12:15:15","date_gmt":"2025-11-19T12:15:15","guid":{"rendered":"https:\/\/www.europesays.com\/fr\/544652\/"},"modified":"2025-11-19T12:15:15","modified_gmt":"2025-11-19T12:15:15","slug":"radio-france-et-france-televisions-portent-plainte-contre-cnews-europe-1-et-le-jdd","status":"publish","type":"post","link":"https:\/\/www.europesays.com\/fr\/544652\/","title":{"rendered":"Radio France et France T\u00e9l\u00e9visions portent plainte contre CNews, Europe 1 et le JDD"},"content":{"rendered":"<p class=\"article-p mdl\">Le ton monte entre l&rsquo;audiovisuel public et Vincent Bollor\u00e9. Radio France et France T\u00e9l\u00e9visions ont assign\u00e9 en justice les m\u00e9dias appartenant au milliardaire breton, \u00e0 savoir CNews, Europe 1 et le JDD, ce mardi 18 novembre 2025.<\/p>\n<p class=\"article-p mdl\">Des plaintes ont \u00e9t\u00e9 d\u00e9pos\u00e9es pour \u00ab\u00a0d\u00e9nigrement\u00a0\u00bb, apprend l&rsquo;AFP ce mardi de source proche, confirmant une information du Figaro. Selon le m\u00e9dia d&rsquo;information, la plainte a \u00e9t\u00e9 d\u00e9pos\u00e9e \u00ab\u00a0la semaine derni\u00e8re\u00a0\u00bb pour \u00ab\u00a0d\u00e9nigrement\u00a0\u00bb, qui \u00ab\u00a0est un grief constitutif de la concurrence d\u00e9loyale\u00a0\u00bb. Radio France et\u00a0France T\u00e9l\u00e9visions\u00a0\u00ab\u00a0se sont concert\u00e9s\u00a0\u00bb mais ont \u00ab\u00a0agi s\u00e9par\u00e9ment\u00a0\u00bb.<\/p>\n<p class=\"article-p mdl\">Les deux groupes publics n&rsquo;ont pas fait de commentaire sur cette action en justice engag\u00e9e s\u00e9par\u00e9ment aupr\u00e8s du tribunal des activit\u00e9s \u00e9conomiques. Contact\u00e9e, la direction de la radio Europe 1 a indiqu\u00e9 \u00ab\u00a0ne pas commenter\u00a0\u00bb ces informations.\u00a0<\/p>\n<p>            Pascal Praud r\u00e9agit<\/p>\n<p class=\"article-p mdl\">Le pr\u00e9sentateur vedette de CNews Pascal Praud a r\u00e9agi dans son \u00e9mission du soir, L&rsquo;Heure des pros 2, en affirmant que si CNews et Europe 1 disent \u00ab\u00a0du mal de l&rsquo;audiovisuel public\u00a0\u00bb, c&rsquo;est <strong>\u00ab\u00a0bien souvent en r\u00e9ponse\u00a0\u00bb \u00e0 des attaques <\/strong>contre cette cha\u00eene d&rsquo;info et cette radio.\u00a0<\/p>\n<p class=\"article-p mdl\">\u00ab\u00a0S&rsquo;ils attaquent, on va attaquer (&#8230;) Et, je vous dis, on va s&rsquo;amuser sur le d\u00e9nigrement\u00a0\u00bb, a-t-il ajout\u00e9. Il a en particulier cibl\u00e9 un r\u00e9cent billet, qu&rsquo;il a qualifi\u00e9 de \u00ab\u00a0d\u00e9gueulasse\u00a0\u00bb, du chroniqueur\u00a0<a class=\"link\" href=\"https:\/\/www.rtl.fr\/sport\/autres-sports\/video-bertrand-chameroy-pour-les-people-c-est-roland-gratos-7900273728\" title=\"VID\u00c9O - Bertrand Chameroy : pour les people, c&#039;est &quot;Roland-Gratos&quot;\" target=\"_blank\" rel=\"noopener\">Bertrand Chameroy<\/a>\u00a0se moquant de CNews sur la radio publique France Inter.\u00a0 \u00a0 \u00a0 \u00a0 \u00a0 \u00a0 \u00a0\u00a0<\/p>\n<p>            Dans le sillage de l&rsquo;affaire Legrand-Cohen<\/p>\n<p class=\"article-p mdl\">Le conflit entre ces deux blocs m\u00e9diatiques a explos\u00e9 en septembre dans le sillage de\u00a0<a class=\"link\" href=\"https:\/\/www.rtl.fr\/culture\/medias-people\/cnews-est-une-chaine-d-extreme-droite-la-lourde-charge-de-la-patronne-de-france-televisions-delphine-ernotte-7900542751\" target=\"_blank\" rel=\"noopener\">l&rsquo;affaire Legrand-Cohen<\/a>, deux journalistes du service public<strong> accus\u00e9s de connivence avec le Parti socialiste.<\/strong><\/p>\n<p class=\"article-p mdl\">Ces hostilit\u00e9s ont \u00e9t\u00e9 d\u00e9clench\u00e9es avec une vid\u00e9o diffus\u00e9e d\u00e9but septembre par le m\u00e9dia L&rsquo;Incorrect, source d&rsquo;une vive pol\u00e9mique politico-m\u00e9diatique. Cette affaire a \u00e9t\u00e9 amplement comment\u00e9e sur CNews, Europe 1 et le Journal du dimanche (JDD), qui y ont vu un signe de partialit\u00e9 politique du service public.<\/p>\n<p class=\"article-p mdl\">France T\u00e9l\u00e9visions et Radio France ont contre-attaqu\u00e9 en saisissant l&rsquo;Arcom, le r\u00e9gulateur de l&rsquo;audiovisuel aupr\u00e8s duquel ils ont d\u00e9nonc\u00e9 \u00ab\u00a0une campagne de d\u00e9nigrement\u00a0\u00bb, dont le \u00ab\u00a0caract\u00e8re outrancier et d\u00e9s\u00e9quilibr\u00e9\u00a0\u00bb d\u00e9passe \u00ab\u00a0le simple d\u00e9bat d&rsquo;opinions\u00a0\u00bb.\u00a0<\/p>\n<p>            Cnews qualifi\u00e9e d'\u00a0\u00bbextr\u00eame-droite\u00a0\u00bb par la patronne de France T\u00e9l\u00e9visions<\/p>\n<p class=\"article-p mdl\">\u00ab\u00a0La galaxie m\u00e9diatique de Vincent Bollor\u00e9 veut la peau de l&rsquo;audiovisuel public, r\u00e9clame sa privatisation\u00a0\u00bb, avait d\u00e9clar\u00e9 Delphine Ernotte Cunci, la pr\u00e9sidente de France T\u00e9l\u00e9visions, dans\u00a0<a class=\"link\" href=\"https:\/\/www.lemonde.fr\/economie\/article\/2025\/09\/18\/delphine-ernotte-presidente-de-france-televisions-la-galaxie-mediatique-de-vincent-bollore-veut-la-peau-de-l-audiovisuel-public_6641605_3234.html\" target=\"_blank\" rel=\"noopener\">une interview au Monde<\/a>\u00a0mi-septembre.\u00a0\u00a0<\/p>\n<p>\u00ab\u00a0Il faut admettre que CNews est un m\u00e9dia d&rsquo;opinion. Qu&rsquo;ils assument d&rsquo;\u00eatre une cha\u00eene d&rsquo;extr\u00eame droite !\u00a0\u00bb, avait-elle ajout\u00e9. Le patron de CNews, Serge Nedjar, avait r\u00e9agi en d\u00e9non\u00e7ant un \u00ab\u00a0manque de mesure et de responsabilit\u00e9 de la part de la pr\u00e9sidente de France T\u00e9l\u00e9visions\u00a0\u00bb.\u00a0\u00a0<\/p>\n<p>Apr\u00e8s avoir entendu Delphine Ernotte Cunci et Sibyle Veil, pr\u00e9sidente de Radio France, sur l&rsquo;affaire Legrand-Cohen, l&rsquo;<a class=\"link\" href=\"https:\/\/www.rtl.fr\/actu\/debats-societe\/des-annonces-pornographiques-postees-sur-vinted-la-haute-commissaire-a-l-enfance-sarah-el-hairy-saisit-l-arcom-7900566978\" target=\"_blank\" rel=\"noopener\">Arcom<\/a>\u00a0avait indiqu\u00e9 vouloir \u00ab\u00a0approfondir ses travaux sur l&rsquo;impartialit\u00e9 du service public\u00a0\u00bb.\u00a0<\/p>\n<p>    La r\u00e9daction vous recommande<\/p>\n<p class=\"s-newsletter__title\">\n                L\u2019actualit\u00e9 par la r\u00e9daction de RTL dans votre bo\u00eete mail.\n            <\/p>\n<p class=\"s-newsletter__subtitle\">\n                Gr\u00e2ce \u00e0 votre compte RTL abonnez-vous \u00e0 la newsletter RTL info pour suivre toute l&rsquo;actualit\u00e9 au quotidien\n            <\/p>\n<p>\n                                    Lire la suite\n                                <\/p>\n","protected":false},"excerpt":{"rendered":"Le ton monte entre l&rsquo;audiovisuel public et Vincent Bollor\u00e9. Radio France et France T\u00e9l\u00e9visions ont assign\u00e9 en justice&hellip;\n","protected":false},"author":2,"featured_media":544653,"comment_status":"","ping_status":"","sticky":false,"template":"","format":"standard","meta":{"footnotes":""},"categories":[1586],"tags":[11,898,1777,674,2414,107,1011,27,2400,500,12,25],"class_list":{"0":"post-544652","1":"post","2":"type-post","3":"status-publish","4":"format-standard","5":"has-post-thumbnail","7":"category-europe","8":"tag-actualites","9":"tag-alerte","10":"tag-eu","11":"tag-europe","12":"tag-fil-culture","13":"tag-fil-info","14":"tag-fr","15":"tag-france","16":"tag-france-televisions","17":"tag-medias","18":"tag-news","19":"tag-republique-francaise"},"share_on_mastodon":{"url":"https:\/\/pubeurope.com\/@fr\/115576315891039295","error":""},"_links":{"self":[{"href":"https:\/\/www.europesays.com\/fr\/wp-json\/wp\/v2\/posts\/544652","targetHints":{"allow":["GET"]}}],"collection":[{"href":"https:\/\/www.europesays.com\/fr\/wp-json\/wp\/v2\/posts"}],"about":[{"href":"https:\/\/www.europesays.com\/fr\/wp-json\/wp\/v2\/types\/post"}],"author":[{"embeddable":true,"href":"https:\/\/www.europesays.com\/fr\/wp-json\/wp\/v2\/users\/2"}],"replies":[{"embeddable":true,"href":"https:\/\/www.europesays.com\/fr\/wp-json\/wp\/v2\/comments?post=544652"}],"version-history":[{"count":0,"href":"https:\/\/www.europesays.com\/fr\/wp-json\/wp\/v2\/posts\/544652\/revisions"}],"wp:featuredmedia":[{"embeddable":true,"href":"https:\/\/www.europesays.com\/fr\/wp-json\/wp\/v2\/media\/544653"}],"wp:attachment":[{"href":"https:\/\/www.europesays.com\/fr\/wp-json\/wp\/v2\/media?parent=544652"}],"wp:term":[{"taxonomy":"category","embeddable":true,"href":"https:\/\/www.europesays.com\/fr\/wp-json\/wp\/v2\/categories?post=544652"},{"taxonomy":"post_tag","embeddable":true,"href":"https:\/\/www.europesays.com\/fr\/wp-json\/wp\/v2\/tags?post=544652"}],"curies":[{"name":"wp","href":"https:\/\/api.w.org\/{rel}","templated":true}]}}