{"id":544658,"date":"2025-11-19T12:18:12","date_gmt":"2025-11-19T12:18:12","guid":{"rendered":"https:\/\/www.europesays.com\/fr\/544658\/"},"modified":"2025-11-19T12:18:12","modified_gmt":"2025-11-19T12:18:12","slug":"emmanuel-macron-estime-que-ce-sont-parfois-les-bourgeois-des-centres-villes-qui-financent-les-narcotrafics","status":"publish","type":"post","link":"https:\/\/www.europesays.com\/fr\/544658\/","title":{"rendered":"Emmanuel Macron estime que ce sont \u00ab\u00a0parfois les bourgeois des centres-villes qui financent les narcotrafics\u00a0\u00bb"},"content":{"rendered":"<p class=\"paragraph text_align_left lp-f-body-02\">\u00c0 l\u2019issue du Conseil des ministres, la porte-parole du gouvernement <a href=\"https:\/\/www.leparisien.fr\/politique\/ce-ne-sera-ni-le-budget-des-socialistes-ni-celui-de-sebastien-lecornu-la-mise-au-point-de-la-ministre-maud-bregeon-18-10-2025-KLTD6C27PVDXJGLCNXEM5MQCUE.php\" target=\"_blank\" rel=\"noreferrer noopener\">Maud Bregeon<\/a> a \u00e9voqu\u00e9 ce mercredi \u00ab un point tristement d\u2019actualit\u00e9 \u00bb, la lutte contre le narcotrafic.<\/p>\n<p class=\"paragraph text_align_left lp-f-body-02\">\u00ab Le <a href=\"https:\/\/www.leparisien.fr\/politique\/emmanuel-macron\/\" target=\"_blank\" rel=\"noreferrer noopener\">pr\u00e9sident de la R\u00e9publique<\/a> a rappel\u00e9 que c\u2019\u00e9tait un combat entam\u00e9 depuis plusieurs ann\u00e9es, avec la cr\u00e9ation de l\u2019<a href=\"https:\/\/www.leparisien.fr\/faits-divers\/perquisitions-a-loffice-anti-stupefiants-a-nanterre-la-hierarchie-policiere-annonce-des-mutations-26-07-2025-SVEIDIEGP5EBBOQAWNSD4CGYHI.php\" target=\"_blank\" rel=\"noreferrer noopener\">Ofast<\/a>, des op\u00e9rations place nette initi\u00e9es par <a href=\"https:\/\/www.leparisien.fr\/politique\/gerald-darmanin\/\" target=\"_blank\" rel=\"noreferrer noopener\">G\u00e9rald Darmanin<\/a> et plus r\u00e9cemment du vote de la loi contre le narcotrafic \u00bb, \u00e9num\u00e8re-t-elle.<\/p>\n<p class=\"paragraph text_align_left lp-f-body-02\">Selon elle, <a href=\"https:\/\/www.leparisien.fr\/international\/ukraine\/accord-militaire-paix-avant-2027-ce-quil-faut-retenir-de-la-conference-de-presse-de-macron-et-de-zelensky-17-11-2025-YFYXKKZWKZGIJHOZKYWM4CPXWM.php\" target=\"_blank\" rel=\"noreferrer noopener\">Emmanuel Macron<\/a> a soulign\u00e9 que \u00ab ce narcotrafic irriguait la d\u00e9stabilisation de petites villes jusqu\u2019aux grandes m\u00e9tropoles et que c\u2019\u00e9tait un continuum qui affaiblit notre soci\u00e9t\u00e9 \u00bb.<\/p>\n<p class=\"paragraph text_align_left lp-f-body-02\">\u00ab Je reprends les mots du pr\u00e9sident : c\u2019est parfois les bourgeois des centres-villes qui financent les narcotrafics. On ne peut pas d\u00e9plorer d\u2019un c\u00f4t\u00e9 les morts et de l\u2019autre continuer \u00e0 consommer le soir en rentrant du travail \u00bb, d\u00e9clare Maud Bregeon.<\/p>\n<p class=\"lp-card-podcast-highlighting__title  lp-f-subtitle-05\">[2\/2] Mus\u00e9e Marmottan\u00a0: le vol spectaculaire d\u2019un chef-d\u2019\u0153uvre de Monet<\/p>\n<p class=\"lp-card-podcast-highlighting__description lp-f-ui-05\">Crime story raconte chaque semaine les grandes affaires criminelles.<\/p>\n<p><a class=\"lp-card-podcast-highlighting__call-to-action\" data-page-type=\"HP\" data-block-name=\"podcast-highlight\">\u00c9couter<\/a>\u00ab Complice \u00bb<\/p>\n<p class=\"paragraph text_align_left lp-f-body-02\">La veille, \u00e0 Berlin, le pr\u00e9sident fran\u00e7ais avait d\u00e9clar\u00e9 qu\u2019\u00ab acheter de la coca\u00efne \u00bb ou \u00ab du cannabis \u00bb signifiait \u00ab de fait \u00eatre complice et donner du financement \u00e0 des r\u00e9seaux de criminalit\u00e9 organis\u00e9 \u00bb.<\/p>\n<p class=\"paragraph text_align_left lp-f-body-02\">\u00ab Ce qui a \u00e9t\u00e9 fait \u00bb, \u00ab et m\u00eame r\u00e9ussi, dans la lutte contre le terrorisme \u00bb, \u00ab nous devons le faire \u00bb sur le narcotrafic, avait-il affirm\u00e9, lors d\u2019une conf\u00e9rence de presse \u00e0 Berlin, plaidant pour \u00ab une approche totalement int\u00e9gr\u00e9e \u00bb, \u00ab qui va du local \u00e0 l\u2019international \u00bb, apr\u00e8s avoir tenu une r\u00e9union sur ce dossier dans la matin\u00e9e \u00e0 l\u2019\u00c9lys\u00e9e.<\/p>\n<p class=\"title-embed-dailymotion lp-color-text lp-f-subtitle-04\">Vid\u00e9oNarcobanditisme : un assassinat comme signe d&rsquo;avertissement ?<\/p>\n<p class=\"paragraph text_align_left lp-f-body-02\">Ce mercredi, Emmanuel Macron a insist\u00e9 sur \u00ab la n\u00e9cessit\u00e9 d\u2019avoir une approche interminist\u00e9rielle du tr\u00e8s local \u00e0 l\u2019international \u00bb. La question est au centre du d\u00e9bat public, depuis l\u2019assassinat jeudi \u00e0 Marseille de <a href=\"https:\/\/www.leparisien.fr\/faits-divers\/un-bon-garcon-loin-de-la-drogue-qui-etait-mehdi-kessaci-frere-dun-militant-anti-narcotrafic-assassine-a-marseille-15-11-2025-JSUMPGBDNNAVRGQ5VRK2HG2WTE.php\" target=\"_blank\" rel=\"noreferrer noopener\">Mehdi Kessaci, le fr\u00e8re d\u2019un militant engag\u00e9<\/a> contre le narcotrafic.<\/p>\n","protected":false},"excerpt":{"rendered":"\u00c0 l\u2019issue du Conseil des ministres, la porte-parole du gouvernement Maud Bregeon a \u00e9voqu\u00e9 ce mercredi \u00ab un&hellip;\n","protected":false},"author":2,"featured_media":544659,"comment_status":"","ping_status":"","sticky":false,"template":"","format":"standard","meta":{"footnotes":""},"categories":[2],"tags":[11,118,1011,27,12,25,2955],"class_list":{"0":"post-544658","1":"post","2":"type-post","3":"status-publish","4":"format-standard","5":"has-post-thumbnail","7":"category-actualites","8":"tag-actualites","9":"tag-faits-divers","10":"tag-fr","11":"tag-france","12":"tag-news","13":"tag-republique-francaise","14":"tag-videos"},"share_on_mastodon":{"url":"https:\/\/pubeurope.com\/@fr\/115576327770705896","error":""},"_links":{"self":[{"href":"https:\/\/www.europesays.com\/fr\/wp-json\/wp\/v2\/posts\/544658","targetHints":{"allow":["GET"]}}],"collection":[{"href":"https:\/\/www.europesays.com\/fr\/wp-json\/wp\/v2\/posts"}],"about":[{"href":"https:\/\/www.europesays.com\/fr\/wp-json\/wp\/v2\/types\/post"}],"author":[{"embeddable":true,"href":"https:\/\/www.europesays.com\/fr\/wp-json\/wp\/v2\/users\/2"}],"replies":[{"embeddable":true,"href":"https:\/\/www.europesays.com\/fr\/wp-json\/wp\/v2\/comments?post=544658"}],"version-history":[{"count":0,"href":"https:\/\/www.europesays.com\/fr\/wp-json\/wp\/v2\/posts\/544658\/revisions"}],"wp:featuredmedia":[{"embeddable":true,"href":"https:\/\/www.europesays.com\/fr\/wp-json\/wp\/v2\/media\/544659"}],"wp:attachment":[{"href":"https:\/\/www.europesays.com\/fr\/wp-json\/wp\/v2\/media?parent=544658"}],"wp:term":[{"taxonomy":"category","embeddable":true,"href":"https:\/\/www.europesays.com\/fr\/wp-json\/wp\/v2\/categories?post=544658"},{"taxonomy":"post_tag","embeddable":true,"href":"https:\/\/www.europesays.com\/fr\/wp-json\/wp\/v2\/tags?post=544658"}],"curies":[{"name":"wp","href":"https:\/\/api.w.org\/{rel}","templated":true}]}}