{"id":54466,"date":"2025-04-26T13:20:09","date_gmt":"2025-04-26T13:20:09","guid":{"rendered":"https:\/\/www.europesays.com\/fr\/54466\/"},"modified":"2025-04-26T13:20:09","modified_gmt":"2025-04-26T13:20:09","slug":"les-albatros-nous-donnent-une-somme-folle-denseignements-decrit-la-scientifique-marseillaise-deborah-pardo","status":"publish","type":"post","link":"https:\/\/www.europesays.com\/fr\/54466\/","title":{"rendered":"\u00ab\u00a0Les albatros nous donnent une somme folle d\u2019enseignements\u00a0\u00bb, d\u00e9crit la scientifique marseillaise D\u00e9borah Pardo"},"content":{"rendered":"<p>D\u00e9borah Pardo, scientifique marseillaise install\u00e9e sur la c\u00f4te Bleue, conf\u00e9renci\u00e8re, docteure en \u00e9cologie des populations et administratrice du Parc national des calanques a fait une rencontre d\u00e9terminante, qui a boulevers\u00e9 sa fa\u00e7on de penser et d\u2019appr\u00e9hender le vivant et les animaux.<\/p>\n<p>Lors d\u2019exp\u00e9ditions en Antarctique, elle est all\u00e9e \u00e0 la rencontre des albatros dont l\u2019envergure peut atteindre 3,50\u00a0m, des \u00ab\u00a0vastes oiseaux des mers\u00a0\u00bb, d\u00e9peints par Charles Baudelaire dans le recueil Les Fleurs du Mal. D\u00e8s lors, la jeune femme a pos\u00e9, un regard singulier et diff\u00e9rent sur le monde et la protection de la plan\u00e8te. Elle signe un premier livre D\u00e9ployer sa vie comme un albatros\u00a0aux \u00e9ditions Tana. Un essai dense, fruit de ses recherches, \u00e0 la pens\u00e9e complexe et exigeante, o\u00f9 la jeune femme donne des pistes pour s\u2019engager tout simplement.<\/p>\n<p><strong>Avant d\u2019\u00e9voquer votre livre \u00ab\u00a0D\u00e9ployer sa vie comme un Albatros\u00a0\u00bb paru aux \u00e9ditions Tana, peut-on revenir sur votre parcours\u00a0?<\/strong>&#13;\n<\/p>\n<p>Je suis Marseillaise. Mes parents sont arriv\u00e9s en France, mon p\u00e8re d\u2019\u00c9gypte, ma m\u00e8re d\u2019Alg\u00e9rie, avec rien. Les valeurs familiales ont \u00e9t\u00e9 fortement marqu\u00e9es par cette histoire, m\u00eame si mon fr\u00e8re et moi, nous n\u2019avons manqu\u00e9 de rien et avons toujours eu un grand respect du monde vivant. J\u2019avais beaucoup de fascination pour ce qui nous entoure. Il y avait cette curiosit\u00e9 insatiable qui ne m\u2019a jamais quitt\u00e9. Je suis all\u00e9e au plus haut niveau d\u2019\u00e9tudes en d\u00e9crochant un financement de th\u00e8se sur les albatros des<a href=\"https:\/\/www.laprovence.com\/article\/edition-marseille\/4295457\/kerguelen-les-iles-sentinelles.html\" target=\"_blank\" rel=\"noopener\"> \u00eeles Crozet et Kerguelen<\/a>.<\/p>\n","protected":false},"excerpt":{"rendered":"D\u00e9borah Pardo, scientifique marseillaise install\u00e9e sur la c\u00f4te Bleue, conf\u00e9renci\u00e8re, docteure en \u00e9cologie des populations et administratrice du&hellip;\n","protected":false},"author":2,"featured_media":54467,"comment_status":"","ping_status":"","sticky":false,"template":"","format":"standard","meta":{"footnotes":""},"categories":[2814],"tags":[17,1111,11,14896,251,14897,1777,674,14898,1011,27,151,884,12,3946,882,25,1941,96],"class_list":{"0":"post-54466","1":"post","2":"type-post","3":"status-publish","4":"format-standard","5":"has-post-thumbnail","7":"category-marseille","8":"tag-17","9":"tag-actu","10":"tag-actualites","11":"tag-albatros","12":"tag-culture","13":"tag-donnent","14":"tag-eu","15":"tag-europe","16":"tag-folle","17":"tag-fr","18":"tag-france","19":"tag-les","20":"tag-marseille","21":"tag-news","22":"tag-nous","23":"tag-provence-alpes-cote-dazur","24":"tag-republique-francaise","25":"tag-somme","26":"tag-une"},"share_on_mastodon":{"url":"https:\/\/pubeurope.com\/@fr\/114404473204874079","error":""},"_links":{"self":[{"href":"https:\/\/www.europesays.com\/fr\/wp-json\/wp\/v2\/posts\/54466","targetHints":{"allow":["GET"]}}],"collection":[{"href":"https:\/\/www.europesays.com\/fr\/wp-json\/wp\/v2\/posts"}],"about":[{"href":"https:\/\/www.europesays.com\/fr\/wp-json\/wp\/v2\/types\/post"}],"author":[{"embeddable":true,"href":"https:\/\/www.europesays.com\/fr\/wp-json\/wp\/v2\/users\/2"}],"replies":[{"embeddable":true,"href":"https:\/\/www.europesays.com\/fr\/wp-json\/wp\/v2\/comments?post=54466"}],"version-history":[{"count":0,"href":"https:\/\/www.europesays.com\/fr\/wp-json\/wp\/v2\/posts\/54466\/revisions"}],"wp:featuredmedia":[{"embeddable":true,"href":"https:\/\/www.europesays.com\/fr\/wp-json\/wp\/v2\/media\/54467"}],"wp:attachment":[{"href":"https:\/\/www.europesays.com\/fr\/wp-json\/wp\/v2\/media?parent=54466"}],"wp:term":[{"taxonomy":"category","embeddable":true,"href":"https:\/\/www.europesays.com\/fr\/wp-json\/wp\/v2\/categories?post=54466"},{"taxonomy":"post_tag","embeddable":true,"href":"https:\/\/www.europesays.com\/fr\/wp-json\/wp\/v2\/tags?post=54466"}],"curies":[{"name":"wp","href":"https:\/\/api.w.org\/{rel}","templated":true}]}}