{"id":544668,"date":"2025-11-19T12:27:16","date_gmt":"2025-11-19T12:27:16","guid":{"rendered":"https:\/\/www.europesays.com\/fr\/544668\/"},"modified":"2025-11-19T12:27:16","modified_gmt":"2025-11-19T12:27:16","slug":"lyon-turin-les-premiers-details-devoiles-actualite","status":"publish","type":"post","link":"https:\/\/www.europesays.com\/fr\/544668\/","title":{"rendered":"Lyon-Turin : les premiers d\u00e9tails d\u00e9voil\u00e9s &#8211; Actualit\u00e9"},"content":{"rendered":"<p>            <a href=\"https:\/\/fr-eu.wahoofitness.com\/\" onclick=\"trackOutboundLink(&#039;https:\/\/fr-eu.wahoofitness.com\/&#039;); return false;\" target=\"_blank\" rel=\"noopener\"><br \/>\n            <img decoding=\"async\" src=\"https:\/\/www.europesays.com\/fr\/wp-content\/uploads\/2025\/10\/saison-pro-2023-wahoo.jpg\" alt=\"La saison Pro avec WAHOO\" width=\"100%\"\/><br \/>\n        <\/a><\/p>\n<p>                                                                    <img decoding=\"async\" src=\"https:\/\/www.europesays.com\/fr\/wp-content\/uploads\/2025\/11\/691d993b05aa2.jpg\" height=\"auto\" loading=\"lazy\"\/><br \/>\n                                                                    Cr\u00e9dit photo Philippe Pradier &#8211; DirectVelo<\/p>\n<p class=\"images-caption\">Cr\u00e9dit photo Philippe Pradier &#8211; DirectVelo<\/p>\n<p class=\"metadata\">\n            Par<br \/>\n        <strong class=\"text-black\">DOMINIQUE TURGIS<\/strong><br \/>\n                    <br \/>Le<br \/>\n    19 novembre 2025, 11:42<\/p>\n<p style=\"text-align: justify;\">Une nouvelle course entre la France et l&rsquo;Italie va voir le jour en 2026. L&rsquo;\u00e9preuve Lyon-Turin (2.1), qui aura lieu du 1er au 3 juillet, organis\u00e9e par Extragiro c\u00f4t\u00e9 italien et Alpes V\u00e9lo, l&rsquo;organisateur du Tour de l&rsquo;Avenir et du Tour de l&rsquo;Ain, c\u00f4t\u00e9 fran\u00e7ais. La course est inscrite au calendrier italien.<\/p>\n<p><a href=\"https:\/\/torinocronaca.it\/news\/sport\/577555\/giro-d-italia-una-sola-tappa-in-piemonte-ma-torino-si-consola-con-due-grandi-corse.html\" target=\"_blank\" rel=\"noopener\"><strong>Le site Torinocronaca<\/strong><\/a>\u00a0donne quelques d\u00e9tails sur cette premi\u00e8re \u00e9dition. La premi\u00e8re \u00e9tape se d\u00e9roulera en France. La deuxi\u00e8me \u00e9tape aura lieu dans la province frontali\u00e8re de Coni. Le dernier jour sera d\u00e9coup\u00e9 en deux demi-\u00e9tapes dont un contre-la-montre en c\u00f4te, toujours selon Torinocronaca.<\/p>\n","protected":false},"excerpt":{"rendered":"Cr\u00e9dit photo Philippe Pradier &#8211; DirectVelo Cr\u00e9dit photo Philippe Pradier &#8211; DirectVelo Par DOMINIQUE TURGIS Le 19 novembre&hellip;\n","protected":false},"author":2,"featured_media":544669,"comment_status":"","ping_status":"","sticky":false,"template":"","format":"standard","meta":{"footnotes":""},"categories":[1411],"tags":[834,828,836,829,837,827,83,826,824,823,1154,207,814,817,815,816,822,821,832,211,839,1011,27,820,818,819,835,831,830,833,838,60,212,208,825],"class_list":{"0":"post-544668","1":"post","2":"type-post","3":"status-publish","4":"format-standard","5":"has-post-thumbnail","7":"category-cyclisme","8":"tag-attaque","9":"tag-belgique","10":"tag-braquet","11":"tag-bretagne","12":"tag-chute","13":"tag-competition","14":"tag-coupe-de-france","15":"tag-coureur","16":"tag-course-cyclisme","17":"tag-course-cycliste","18":"tag-cycling","19":"tag-cyclisme","20":"tag-direct","21":"tag-direct-velo","22":"tag-directvelo","23":"tag-directvelo-com","24":"tag-epreuve","25":"tag-epreuve-cycliste","26":"tag-federation-francaise-de-cyclisme","27":"tag-ffc","28":"tag-flandres","29":"tag-fr","30":"tag-france","31":"tag-live","32":"tag-live-course","33":"tag-live-epreuve","34":"tag-peloton","35":"tag-radio-peloton","36":"tag-radio-tour","37":"tag-ravitaillement","38":"tag-relance","39":"tag-sports","40":"tag-uci","41":"tag-velo","42":"tag-velos"},"share_on_mastodon":{"url":"https:\/\/pubeurope.com\/@fr\/115576363875535110","error":""},"_links":{"self":[{"href":"https:\/\/www.europesays.com\/fr\/wp-json\/wp\/v2\/posts\/544668","targetHints":{"allow":["GET"]}}],"collection":[{"href":"https:\/\/www.europesays.com\/fr\/wp-json\/wp\/v2\/posts"}],"about":[{"href":"https:\/\/www.europesays.com\/fr\/wp-json\/wp\/v2\/types\/post"}],"author":[{"embeddable":true,"href":"https:\/\/www.europesays.com\/fr\/wp-json\/wp\/v2\/users\/2"}],"replies":[{"embeddable":true,"href":"https:\/\/www.europesays.com\/fr\/wp-json\/wp\/v2\/comments?post=544668"}],"version-history":[{"count":0,"href":"https:\/\/www.europesays.com\/fr\/wp-json\/wp\/v2\/posts\/544668\/revisions"}],"wp:featuredmedia":[{"embeddable":true,"href":"https:\/\/www.europesays.com\/fr\/wp-json\/wp\/v2\/media\/544669"}],"wp:attachment":[{"href":"https:\/\/www.europesays.com\/fr\/wp-json\/wp\/v2\/media?parent=544668"}],"wp:term":[{"taxonomy":"category","embeddable":true,"href":"https:\/\/www.europesays.com\/fr\/wp-json\/wp\/v2\/categories?post=544668"},{"taxonomy":"post_tag","embeddable":true,"href":"https:\/\/www.europesays.com\/fr\/wp-json\/wp\/v2\/tags?post=544668"}],"curies":[{"name":"wp","href":"https:\/\/api.w.org\/{rel}","templated":true}]}}