{"id":544670,"date":"2025-11-19T12:28:14","date_gmt":"2025-11-19T12:28:14","guid":{"rendered":"https:\/\/www.europesays.com\/fr\/544670\/"},"modified":"2025-11-19T12:28:14","modified_gmt":"2025-11-19T12:28:14","slug":"les-chiffres-ahurissants-autour-du-bresilien-endrick","status":"publish","type":"post","link":"https:\/\/www.europesays.com\/fr\/544670\/","title":{"rendered":"les chiffres ahurissants autour du Br\u00e9silien Endrick"},"content":{"rendered":"<p>L\u2019Olympique Lyonnais et le Real Madrid seraient bien tomb\u00e9s d\u2019accord sur le pr\u00eat pour six mois de l\u2019avant-centre br\u00e9silien Endrick Felipe Moreira de Souza. Ce petit prodige, barr\u00e9 actuellement au Real, et qui n\u2019avait pas pr\u00e9vu l\u2019\u00e9mergence de Gonzalo Garcia 21 ans, (7 matchs), voit en l\u2019OL une grande opportunit\u00e9 de se relancer et de jouer la prochaine Coupe du monde.<\/p>\n<p>Dans tous les cas, le joueur ne pourra pas signer \u00e0 Lyon <a href=\"https:\/\/www.leprogres.fr\/sport\/2025\/11\/12\/endrick-a-l-ol-le-dossier-avance-dans-le-bon-sens\" target=\"_blank\" rel=\"noopener\">avant le 1er\u00a0janvier<\/a> au cas o\u00f9 d\u2019ici l\u00e0, le Real, qui en a fait la demande, serait confront\u00e9 \u00e0 des blessures. Le club madril\u00e8ne, dont l\u2019int\u00e9r\u00eat est de maintenir le niveau de son joueur, aurait d\u2019ailleurs propos\u00e9 une date de transfert \u00e0 fin janvier, ne convenant pas \u00e0 <a href=\"https:\/\/www.leprogres.fr\/sport\/2025\/11\/12\/endrick-a-l-ol-le-dossier-avance-dans-le-bon-sens\" target=\"_blank\" rel=\"noopener\"> l\u2019OL<\/a> , dans l\u2019urgence sur le sujet.<\/p>\n<p>Des clauses incroyables<\/p>\n<p>L\u2019ex-star de Palmeiras dispose de clauses incroyables, r\u00e9v\u00e9l\u00e9es par \u00ab\u00a0O Globo\u00a0\u00bb. <strong> Exemple <\/strong> \u00a0: pour chaque but, passe d\u00e9cisive ou p\u00e9nalty obtenu, le Real Madrid doit verser 35\u00a0000\u00a0\u20ac \u00e0 Palmeiras. Chaque fois qu\u2019il est titulaire et joue au moins 45 minutes, le Real verse 75\u00a0000\u00a0\u20ac \u00e0 Palmeiras. Si le Real est champion, et qu\u2019il a \u00e9t\u00e9 titulaire au moins huit fois, le Real verse 500\u00a0000\u00a0\u20ac \u00e0 Palmeiras, et un million (pour dix-huit titularisations). Un million est aussi attribu\u00e9 au club bas\u00e9 \u00e0 S\u00e3o Paulo si le Real gagne la Ligue des champions (et qu\u2019il a fait quatre matchs).<\/p>\n<p>De surcro\u00eet, l\u2019homme dispose d\u2019avantages personnels sur ses productions allant crescendo jusqu\u2019en 2030. Ce n\u2019est pas un joueur commun que l\u2019OL tente d\u2019attirer.<\/p>\n","protected":false},"excerpt":{"rendered":"L\u2019Olympique Lyonnais et le Real Madrid seraient bien tomb\u00e9s d\u2019accord sur le pr\u00eat pour six mois de l\u2019avant-centre&hellip;\n","protected":false},"author":2,"featured_media":544671,"comment_status":"","ping_status":"","sticky":false,"template":"","format":"standard","meta":{"footnotes":""},"categories":[1410],"tags":[2757,63,1011,27,2428,2756,2755,517,60],"class_list":{"0":"post-544670","1":"post","2":"type-post","3":"status-publish","4":"format-standard","5":"has-post-thumbnail","7":"category-football","8":"tag-edition-lyon-villeurbanne","9":"tag-football","10":"tag-fr","11":"tag-france","12":"tag-lyon","13":"tag-lyon-bassin","14":"tag-ol-olympique-lyonnais-football","15":"tag-sport","16":"tag-sports"},"share_on_mastodon":{"url":"https:\/\/pubeurope.com\/@fr\/115576367212321419","error":""},"_links":{"self":[{"href":"https:\/\/www.europesays.com\/fr\/wp-json\/wp\/v2\/posts\/544670","targetHints":{"allow":["GET"]}}],"collection":[{"href":"https:\/\/www.europesays.com\/fr\/wp-json\/wp\/v2\/posts"}],"about":[{"href":"https:\/\/www.europesays.com\/fr\/wp-json\/wp\/v2\/types\/post"}],"author":[{"embeddable":true,"href":"https:\/\/www.europesays.com\/fr\/wp-json\/wp\/v2\/users\/2"}],"replies":[{"embeddable":true,"href":"https:\/\/www.europesays.com\/fr\/wp-json\/wp\/v2\/comments?post=544670"}],"version-history":[{"count":0,"href":"https:\/\/www.europesays.com\/fr\/wp-json\/wp\/v2\/posts\/544670\/revisions"}],"wp:featuredmedia":[{"embeddable":true,"href":"https:\/\/www.europesays.com\/fr\/wp-json\/wp\/v2\/media\/544671"}],"wp:attachment":[{"href":"https:\/\/www.europesays.com\/fr\/wp-json\/wp\/v2\/media?parent=544670"}],"wp:term":[{"taxonomy":"category","embeddable":true,"href":"https:\/\/www.europesays.com\/fr\/wp-json\/wp\/v2\/categories?post=544670"},{"taxonomy":"post_tag","embeddable":true,"href":"https:\/\/www.europesays.com\/fr\/wp-json\/wp\/v2\/tags?post=544670"}],"curies":[{"name":"wp","href":"https:\/\/api.w.org\/{rel}","templated":true}]}}