{"id":544674,"date":"2025-11-19T12:30:19","date_gmt":"2025-11-19T12:30:19","guid":{"rendered":"https:\/\/www.europesays.com\/fr\/544674\/"},"modified":"2025-11-19T12:30:19","modified_gmt":"2025-11-19T12:30:19","slug":"la-demande-insolite-de-roglic-a-un-photographe-sur-sa-photo-iconique-de-montmartre","status":"publish","type":"post","link":"https:\/\/www.europesays.com\/fr\/544674\/","title":{"rendered":"la demande insolite de Roglic \u00e0 un photographe sur sa photo iconique de Montmartre"},"content":{"rendered":"<p>\n    <strong>LE SCAN SPORT &#8211; <\/strong>Lors du dernier Tour de France, un photographe a pris une photo de Roglic \u00e0 Montmartre devenu culte. Le Slov\u00e8ne a demand\u00e9 les droits de celle-ci pour sa fondation.<\/p>\n<p class=\"fig-paragraph\">Quentin Joly, ancien<a href=\"https:\/\/www.lefigaro.fr\/tag\/ski-de-fond\" target=\"_blank\" rel=\"sponsored noopener\" data-gtm-custom-categorie=\"navigation\" data-gtm-custom-action=\"crossclick\" data-gtm-custom-label=\"Contextuel\" data-gtm-event=\"customEventSPE\">\u00a0skieur de fond<\/a>\u00a0de haut niveau, r\u00eave depuis petit de faire de la photographie sportive son m\u00e9tier. Le 27 juillet, il grimpe sur la butte Montmartre pour immortaliser le passage exceptionnel du\u00a0<a href=\"https:\/\/www.lefigaro.fr\/sports\/cyclisme\/tour-de-france\" target=\"_blank\" data-fig-type=\"Section\" rel=\"sponsored noopener\" data-gtm-custom-categorie=\"navigation\" data-gtm-custom-action=\"crossclick\" data-gtm-custom-label=\"Contextuel\" data-gtm-event=\"customEventSPE\" data-fig-domain=\"LEFIGARO\">Tour de France<\/a>\u00a0dans ce d\u00e9cor mythique. Pour la premi\u00e8re fois de l\u2019histoire, Montmartre est travers\u00e9 trois fois par le peloton.<\/p>\n<p class=\"fig-paragraph\">Gr\u00e2ce \u00e0 l\u2019aide d\u2019un habitant, Quentin s\u2019installe sur le toit d\u2019un caf\u00e9 dominant les marches, un emplacement aussi audacieux que strat\u00e9gique. Lorsque les stars du peloton d\u00e9filent, l\u2019effervescence retombe peu \u00e0 peu\u2026 sauf pour lui.<\/p>\n<p>                                    <a class=\"fig-a11y-skip a11y-hidden\" href=\"#fig-a11y-skip-main-inarticle\"><br \/>\n        Passer la publicit\u00e9<br \/>\n    <\/a><\/p>\n<p class=\"fig-paragraph\">C\u2019est alors qu\u2019il aper\u00e7oit Primoz Roglic, levant la main vers le public. Comme \u00e0 son, habitude, il d\u00e9cide de prendre la photo puis de la poster sur les r\u00e9seaux sociaux apr\u00e8s une rapide retouche. Le lendemain, la photo explose en visibilit\u00e9. Sur X, les partages s\u2019encha\u00eenent. Et surtout\u00a0: Roglic lui-m\u00eame la republie.<\/p>\n<p>Quand le champion remercie l\u2019artiste<\/p>\n<p class=\"fig-paragraph\">L\u2019histoire aurait pu s\u2019arr\u00eater l\u00e0. Mais deux semaines plus tard, Quentin re\u00e7oit une demande officielle de la fondation de Primoz Roglic, engag\u00e9e aupr\u00e8s d\u2019enfants d\u00e9favoris\u00e9s. Le coureur souhaite utiliser la photo lors d\u2019un gala caritatif. Le jeune photographe accepte imm\u00e9diatement de lui c\u00e9der les droits.<\/p>\n<p class=\"fig-paragraph\">Quelques jours plus tard, c\u2019est une lettre personnelle du champion qui arrive dans sa bo\u00eete aux lettres. Roglic y salue son regard, sa sensibilit\u00e9, et l\u2019\u00e9motion unique capt\u00e9e par l\u2019image.<\/p>\n","protected":false},"excerpt":{"rendered":"LE SCAN SPORT &#8211; Lors du dernier Tour de France, un photographe a pris une photo de Roglic&hellip;\n","protected":false},"author":2,"featured_media":544675,"comment_status":"","ping_status":"","sticky":false,"template":"","format":"standard","meta":{"footnotes":""},"categories":[1358],"tags":[1348,1384,1385,1386,58,59,1011,27,4977],"class_list":{"0":"post-544674","1":"post","2":"type-post","3":"status-publish","4":"format-standard","5":"has-post-thumbnail","7":"category-arts-et-design","8":"tag-arts","9":"tag-arts-and-design","10":"tag-arts-et-design","11":"tag-design","12":"tag-divertissement","13":"tag-entertainment","14":"tag-fr","15":"tag-france","16":"tag-le-scan-sport"},"share_on_mastodon":{"url":"https:\/\/pubeurope.com\/@fr\/115576374768856827","error":""},"_links":{"self":[{"href":"https:\/\/www.europesays.com\/fr\/wp-json\/wp\/v2\/posts\/544674","targetHints":{"allow":["GET"]}}],"collection":[{"href":"https:\/\/www.europesays.com\/fr\/wp-json\/wp\/v2\/posts"}],"about":[{"href":"https:\/\/www.europesays.com\/fr\/wp-json\/wp\/v2\/types\/post"}],"author":[{"embeddable":true,"href":"https:\/\/www.europesays.com\/fr\/wp-json\/wp\/v2\/users\/2"}],"replies":[{"embeddable":true,"href":"https:\/\/www.europesays.com\/fr\/wp-json\/wp\/v2\/comments?post=544674"}],"version-history":[{"count":0,"href":"https:\/\/www.europesays.com\/fr\/wp-json\/wp\/v2\/posts\/544674\/revisions"}],"wp:featuredmedia":[{"embeddable":true,"href":"https:\/\/www.europesays.com\/fr\/wp-json\/wp\/v2\/media\/544675"}],"wp:attachment":[{"href":"https:\/\/www.europesays.com\/fr\/wp-json\/wp\/v2\/media?parent=544674"}],"wp:term":[{"taxonomy":"category","embeddable":true,"href":"https:\/\/www.europesays.com\/fr\/wp-json\/wp\/v2\/categories?post=544674"},{"taxonomy":"post_tag","embeddable":true,"href":"https:\/\/www.europesays.com\/fr\/wp-json\/wp\/v2\/tags?post=544674"}],"curies":[{"name":"wp","href":"https:\/\/api.w.org\/{rel}","templated":true}]}}