{"id":544679,"date":"2025-11-19T12:37:38","date_gmt":"2025-11-19T12:37:38","guid":{"rendered":"https:\/\/www.europesays.com\/fr\/544679\/"},"modified":"2025-11-19T12:37:38","modified_gmt":"2025-11-19T12:37:38","slug":"avec-dossier-137-dominik-moll-explore-les-violences-policieres-dans-un-drame-poignant","status":"publish","type":"post","link":"https:\/\/www.europesays.com\/fr\/544679\/","title":{"rendered":"Avec \u00ab\u00a0Dossier 137\u00a0\u00bb, Dominik Moll explore les violences polici\u00e8res dans un drame poignant"},"content":{"rendered":"<p>A voir en salles d\u00e8s aujourd&rsquo;hui apr\u00e8s avoir \u00e9t\u00e9 pr\u00e9sent\u00e9 en comp\u00e9tition au Festival de Cannes, \u00ab\u00a0Dossier 137\u00a0\u00bb du r\u00e9alisateur fran\u00e7ais Dominik Moll explore le th\u00e8me des violences polici\u00e8res avec un soin scrupuleux. Un drame poignant port\u00e9 par l&rsquo;actrice L\u00e9a Drucker.<\/p>\n<p>Inspir\u00e9 de faits r\u00e9els, \u00ab\u00a0Dossier 137\u00a0\u00bb nous ram\u00e8ne en 2018, au moment des manifestations des Gilets jaunes. Enqu\u00eatrice \u00e0 l\u2019IGPN, la police des polices, St\u00e9phanie (L\u00e9a Drucker) prend la d\u00e9position d\u2019une m\u00e8re venue parler de son fils, gri\u00e8vement bless\u00e9 \u00e0 la t\u00eate par un tir de LBD (ndlr, lanceur de balles de d\u00e9fense, une arme utilis\u00e9e par la police) dans des circonstances troubles.<\/p>\n<p>D\u00e9couvrant que cette femme modeste vient de la m\u00eame ville o\u00f9 elle est n\u00e9e, St\u00e9phanie d\u00e9cide de se charger de ce dossier complexe. Elle interroge des membres de la BRI (Brigade de recherche et d\u2019intervention), encore aur\u00e9ol\u00e9s par leur intervention durant les attentats du Bataclan. Mais d\u00e9terminer qui est responsable du tir, dans quelles circonstances et pour quelle raison, s\u2019av\u00e8re bien plus difficile qu\u2019attendu.<\/p>\n<p>Contenu externe<\/p>\n<p> Ce contenu externe ne peut pas \u00eatre affich\u00e9 car il est susceptible de collecter des donn\u00e9es personnelles. Pour voir ce contenu vous devez autoriser la cat\u00e9gorie <strong>R\u00e9seaux sociaux<\/strong>. <\/p>\n<p> Accepter Plus d&rsquo;info <\/p>\n<p>Dans le prolongement de son pr\u00e9c\u00e9dent film, \u00ab\u00a0La nuit du 12\u00a0\u00bb, qui relatait l\u2019investigation insoluble d\u2019un f\u00e9minicide sordide, Dominik Moll s\u2019applique ici \u00e0 d\u00e9crire, avec un soin scrupuleux, les proc\u00e9dures d\u2019enqu\u00eates dans un drame qui met en lumi\u00e8re les tensions entre policiers et IGPN, les jugements h\u00e2tifs au sujet des forces de l\u2019ordre ou des Gilets jaunes, les ravages caus\u00e9s sur un jeune homme dont la vie est d\u00e9truite \u00e0 tout jamais.<\/p>\n<p>Le r\u00f4le de l\u2019image film\u00e9e devient par ailleurs tr\u00e8s vite essentiel, et passionnant, au cours de cette investigation qui avance gr\u00e2ce aux cam\u00e9ras de surveillance, aux vid\u00e9os des manifestations, aux plans tourn\u00e9s sur t\u00e9l\u00e9phone portable.<\/p>\n<p> &gt;&gt; A \u00e9couter, l&rsquo;interview du r\u00e9alisateur Dominik Moll dans Forum\u00a0:   <img decoding=\"async\" class=\"embed-responsive-item\" loading=\"lazy\" src=\"https:\/\/www.europesays.com\/fr\/wp-content\/uploads\/2025\/11\/dx3c8m-29057038.image\" alt=\"&quot;Dossier 137&quot;, le dernier film de Dominik Moll sur les violences polici\u00e8res\"\/>    \u00ab\u00a0Dossier 137\u00a0\u00bb, le dernier film de Dominik Moll sur les violences polici\u00e8res \/ Forum \/ 9 min. \/ le 12 novembre 2025 <\/p>\n<p>Pr\u00e9f\u00e9rant saisir les nuances et les paradoxes plut\u00f4t que les raccourcis et les pr\u00e9jug\u00e9s, Dominik Moll complexifie son h\u00e9ro\u00efne, interpr\u00e9t\u00e9e avec une pr\u00e9cision et une ma\u00eetrise remarquables par L\u00e9a Drucker, qui s\u2019interroge sur l\u2019utilit\u00e9 v\u00e9ritable de son m\u00e9tier, se confronte au rejet de son fils et doute de sa vocation face \u00e0 une hi\u00e9rarchie bureaucratique ignorant la v\u00e9rit\u00e9 pour ne pas froisser les int\u00e9r\u00eats politiques. Ou quand les individus ne p\u00e8sent rien face \u00e0 la raison d\u2019Etat. Poignant.<\/p>\n<p>Note: 4\/5<\/p>\n<p class=\"sources\">Rafael Wolf\/olhor<\/p>\n<p class=\"article-footnote\"><b>\u00ab\u00a0Dossier 137\u00a0\u00bb de Dominik Moll, avec L\u00e9a Drucker, Yoann Blanc, Pascal Sangla, Claire Bodson. A voir dans les salles romandes depuis le 19 novembre 2025.<\/b><\/p>\n","protected":false},"excerpt":{"rendered":"A voir en salles d\u00e8s aujourd&rsquo;hui apr\u00e8s avoir \u00e9t\u00e9 pr\u00e9sent\u00e9 en comp\u00e9tition au Festival de Cannes, \u00ab\u00a0Dossier 137\u00a0\u00bb&hellip;\n","protected":false},"author":2,"featured_media":544680,"comment_status":"","ping_status":"","sticky":false,"template":"","format":"standard","meta":{"footnotes":""},"categories":[1354],"tags":[1348,650,2951,251,58,41864,41354,8616,59,1346,3160,47301,1011,27,2683,22294,1360,1072,10910,8878,809],"class_list":{"0":"post-544679","1":"post","2":"type-post","3":"status-publish","4":"format-standard","5":"has-post-thumbnail","7":"category-films","8":"tag-arts","9":"tag-cinema","10":"tag-criminalite","11":"tag-culture","12":"tag-divertissement","13":"tag-divertissement-et-medias","14":"tag-dominik-moll","15":"tag-droit-et-justice","16":"tag-entertainment","17":"tag-films","18":"tag-forces-de-lordre","19":"tag-forme-dramatique","20":"tag-fr","21":"tag-france","22":"tag-homicide","23":"tag-lea-drucker","24":"tag-movies","25":"tag-police","26":"tag-policier","27":"tag-salle","28":"tag-violence"},"share_on_mastodon":{"url":"https:\/\/pubeurope.com\/@fr\/115576405061186082","error":""},"_links":{"self":[{"href":"https:\/\/www.europesays.com\/fr\/wp-json\/wp\/v2\/posts\/544679","targetHints":{"allow":["GET"]}}],"collection":[{"href":"https:\/\/www.europesays.com\/fr\/wp-json\/wp\/v2\/posts"}],"about":[{"href":"https:\/\/www.europesays.com\/fr\/wp-json\/wp\/v2\/types\/post"}],"author":[{"embeddable":true,"href":"https:\/\/www.europesays.com\/fr\/wp-json\/wp\/v2\/users\/2"}],"replies":[{"embeddable":true,"href":"https:\/\/www.europesays.com\/fr\/wp-json\/wp\/v2\/comments?post=544679"}],"version-history":[{"count":0,"href":"https:\/\/www.europesays.com\/fr\/wp-json\/wp\/v2\/posts\/544679\/revisions"}],"wp:featuredmedia":[{"embeddable":true,"href":"https:\/\/www.europesays.com\/fr\/wp-json\/wp\/v2\/media\/544680"}],"wp:attachment":[{"href":"https:\/\/www.europesays.com\/fr\/wp-json\/wp\/v2\/media?parent=544679"}],"wp:term":[{"taxonomy":"category","embeddable":true,"href":"https:\/\/www.europesays.com\/fr\/wp-json\/wp\/v2\/categories?post=544679"},{"taxonomy":"post_tag","embeddable":true,"href":"https:\/\/www.europesays.com\/fr\/wp-json\/wp\/v2\/tags?post=544679"}],"curies":[{"name":"wp","href":"https:\/\/api.w.org\/{rel}","templated":true}]}}