{"id":544689,"date":"2025-11-19T12:45:22","date_gmt":"2025-11-19T12:45:22","guid":{"rendered":"https:\/\/www.europesays.com\/fr\/544689\/"},"modified":"2025-11-19T12:45:22","modified_gmt":"2025-11-19T12:45:22","slug":"kering-chute-le-dg-luca-de-meo-evoque-un-redressement-sur-plusieurs-annees-19-11-2025-a-1233","status":"publish","type":"post","link":"https:\/\/www.europesays.com\/fr\/544689\/","title":{"rendered":"Kering chute, le DG Luca de Meo \u00e9voque un redressement sur plusieurs ann\u00e9es &#8211; 19\/11\/2025 \u00e0 12:33"},"content":{"rendered":"<p>        <img decoding=\"async\" src=\"https:\/\/www.europesays.com\/fr\/wp-content\/uploads\/2025\/11\/07fce43d82ef1b9bd1eac2fccd3272ee-760x484.jpg\" alt=\"Un logo de Kering est expos\u00e9 sur le stand de l'entreprise au site de la 8e Exposition internationale d'importation de Chine (CIIE) \u00e0 Shangha\u00ef\" loading=\"eager\" fetchpriority=\"high\" width=\"760\" height=\"484\" style=\"max-width: 100%!important; height: auto;\"\/><\/p>\n<p class=\"c-image-news__legend\">Un logo de Kering est expos\u00e9 sur le stand de l&rsquo;entreprise au site de la 8e Exposition internationale d&rsquo;importation de Chine (CIIE) \u00e0 Shangha\u00ef<\/p>\n<p>\n Kering chute mercredi \u00e0 la Bourse de Paris en r\u00e9action \u00e0 une note interne, d\u00e9voil\u00e9e par Reuters, dans laquelle son directeur g\u00e9n\u00e9ral, Luca de Meo, \u00e9voque un d\u00e9lai de plusieurs ann\u00e9es pour redresser le groupe de luxe dont la marque phare Gucci conna\u00eet d&rsquo;importantes difficult\u00e9s.\n<\/p>\n<p>\n Vers 11h11 GMT, l&rsquo;action recule de 2,58%, accusant la plus forte baisse du CAC 40, qui perd 0,07% au m\u00eame moment. La valeur a perdu jusqu&rsquo;\u00e0 4% plus t\u00f4t en s\u00e9ance.\n<\/p>\n<p>\n Dans une note interne consult\u00e9e par Reuters, qui r\u00e9sume un document plus d\u00e9taill\u00e9 intitul\u00e9 \u00ab\u00a0ReconKering\u00a0\u00bb, Luca de Meo     fixe un d\u00e9lai de 18 mois pour remettre toutes les marques sur la voie de la croissance, tout en pr\u00e9cisant que le r\u00e9tablissement d&rsquo;une \u00ab\u00a0performance financi\u00e8re optimale\u00a0\u00bb prendra trois ans.\n<\/p>\n<p>\n Il d\u00e9fend notamment l&rsquo;id\u00e9e que le groupe devrait r\u00e9duire sa \u00ab\u00a0d\u00e9pendance excessive\u00a0\u00bb vis-\u00e0-vis de Gucci en d\u00e9veloppant ses marques Saint Laurent, Bottega Veneta et Balenciaga, ainsi que la taille de son r\u00e9seau de boutiques.\n<\/p>\n<p>\n Kering, qui a ferm\u00e9 55 magasins au cours de l&rsquo;ann\u00e9e \u00e9coul\u00e9e, doit \u00e9galement encore r\u00e9duire son r\u00e9seau de distribution et repenser son positionnement tarifaire et son assortiment apr\u00e8s des ann\u00e9es de hausses de prix, est-il indiqu\u00e9 dans la note.\n<\/p>\n<p>\n Ce document, qui a r\u00e9cemment \u00e9t\u00e9 envoy\u00e9 aux cadres sup\u00e9rieurs du groupe, offre un premier aper\u00e7u d\u00e9taill\u00e9 de la strat\u00e9gie du nouveau directeur g\u00e9n\u00e9ral, qui a pris ses fonctions en septembre apr\u00e8s son d\u00e9part surprise du constructeur automobile Renault.\n<\/p>\n<p>\n \u00ab\u00a0Je pense que le march\u00e9 r\u00e9agit \u00e0 une communication de Luca De Meo qui d\u00e9finit correctement une feuille de route pluriannuelle visant \u00e0 r\u00e9tablir la performance financi\u00e8re\u00a0\u00bb, d\u00e9clare Luca Solca, analyste chez Bernstein.\n<\/p>\n<p>\n \u00ab\u00a0Le cours de l&rsquo;action Kering s&rsquo;\u00e9tait r\u00e9cemment comport\u00e9 comme si le succ\u00e8s total \u00e9tait imminent\u00a0\u00bb, ajoute-t-il, faisant r\u00e9f\u00e9rence \u00e0 la hausse du titre depuis l&rsquo;annonce en juin de l&rsquo;arriv\u00e9e de Luca de Meo \u00e0 la t\u00eate du groupe.\n<\/p>\n<p>\n \u00ab\u00a0Le rythme du march\u00e9 boursier est beaucoup plus rapide que celui de la relance des entreprises, d&rsquo;o\u00f9 le mouvement de &lsquo;yo-yo&rsquo;.\u00a0\u00bb\n<\/p>\n<p>\n Longtemps consid\u00e9r\u00e9 comme une menace pour son grand rival fran\u00e7ais LVMH, Kering est confront\u00e9 \u00e0 la baisse des ventes de sa marque phare Gucci, tandis que l&rsquo;endettement du groupe est devenu un sujet de pr\u00e9occupation pour les investisseurs.\n<\/p>\n<p>\n L&rsquo;action Kering, qui avait perdu jusqu&rsquo;\u00e0 la moiti\u00e9 de sa valeur en deux ans, a rebondi de 75% depuis l&rsquo;annonce de l&rsquo;arriv\u00e9e de Luca de Meo \u00e0 la direction g\u00e9n\u00e9rale du groupe de luxe.\n<\/p>\n<p>\n (R\u00e9dig\u00e9 par Diana Mandi\u00e1, avec Tassilo Hummel et Hugo Lhomedet, \u00e9dit\u00e9 par Blandine H\u00e9nault)<\/p>\n","protected":false},"excerpt":{"rendered":"Un logo de Kering est expos\u00e9 sur le stand de l&rsquo;entreprise au site de la 8e Exposition internationale&hellip;\n","protected":false},"author":2,"featured_media":544690,"comment_status":"","ping_status":"","sticky":false,"template":"","format":"standard","meta":{"footnotes":""},"categories":[6],"tags":[400,398,408,35,405,33,34,1011,27,403,402,399,404,401,406,407],"class_list":{"0":"post-544689","1":"post","2":"type-post","3":"status-publish","4":"format-standard","5":"has-post-thumbnail","7":"category-economie","8":"tag-action-cac-40","9":"tag-bourse-de-paris","10":"tag-boursorama","11":"tag-business","12":"tag-cotations","13":"tag-economie","14":"tag-economy","15":"tag-fr","16":"tag-france","17":"tag-indices-devises","18":"tag-investir","19":"tag-investissement","20":"tag-marche-boursier","21":"tag-sicav","22":"tag-trackers","23":"tag-warrants"},"share_on_mastodon":{"url":"https:\/\/pubeurope.com\/@fr\/115576434367275375","error":""},"_links":{"self":[{"href":"https:\/\/www.europesays.com\/fr\/wp-json\/wp\/v2\/posts\/544689","targetHints":{"allow":["GET"]}}],"collection":[{"href":"https:\/\/www.europesays.com\/fr\/wp-json\/wp\/v2\/posts"}],"about":[{"href":"https:\/\/www.europesays.com\/fr\/wp-json\/wp\/v2\/types\/post"}],"author":[{"embeddable":true,"href":"https:\/\/www.europesays.com\/fr\/wp-json\/wp\/v2\/users\/2"}],"replies":[{"embeddable":true,"href":"https:\/\/www.europesays.com\/fr\/wp-json\/wp\/v2\/comments?post=544689"}],"version-history":[{"count":0,"href":"https:\/\/www.europesays.com\/fr\/wp-json\/wp\/v2\/posts\/544689\/revisions"}],"wp:featuredmedia":[{"embeddable":true,"href":"https:\/\/www.europesays.com\/fr\/wp-json\/wp\/v2\/media\/544690"}],"wp:attachment":[{"href":"https:\/\/www.europesays.com\/fr\/wp-json\/wp\/v2\/media?parent=544689"}],"wp:term":[{"taxonomy":"category","embeddable":true,"href":"https:\/\/www.europesays.com\/fr\/wp-json\/wp\/v2\/categories?post=544689"},{"taxonomy":"post_tag","embeddable":true,"href":"https:\/\/www.europesays.com\/fr\/wp-json\/wp\/v2\/tags?post=544689"}],"curies":[{"name":"wp","href":"https:\/\/api.w.org\/{rel}","templated":true}]}}