{"id":544693,"date":"2025-11-19T12:47:16","date_gmt":"2025-11-19T12:47:16","guid":{"rendered":"https:\/\/www.europesays.com\/fr\/544693\/"},"modified":"2025-11-19T12:47:16","modified_gmt":"2025-11-19T12:47:16","slug":"sur-lci-gros-debat-et-petite-confrontation-liberation","status":"publish","type":"post","link":"https:\/\/www.europesays.com\/fr\/544693\/","title":{"rendered":"sur LCI, gros d\u00e9bat et petite confrontation \u2013 Lib\u00e9ration"},"content":{"rendered":"<p class=\"sc-cPiKLX AiZTS text-element\"><b>Extrait de <\/b><b>Chez Pol, <\/b><b>notre newsletter politique r\u00e9serv\u00e9e \u00e0 nos abonn\u00e9s : <\/b><a href=\"https:\/\/offre.liberation.fr\/chez-pol-mois-offert\" target=\"_blank\" rel=\"noopener\"><b>d<\/b><\/a><a href=\"https:\/\/offre.liberation.fr\/chez-pol-mois-offert\" target=\"_blank\" rel=\"noopener\"><b>\u00e9couvrez-la gratuitement.<\/b><\/a><\/p>\n<p class=\"sc-cPiKLX AiZTS text-element\">Le combat de farfadets politiques est autoris\u00e9 en France, et LCI nous en a offert un beau, mardi 18 novembre, entre Rapha\u00ebl Glucksmann et Eric Zemmour. Une joute verbale entre deux hommes dont les partis cumulent \u00e0 eux deux 8 parlementaires (Assembl\u00e9e nationale, S\u00e9nat et Parlement europ\u00e9en) est finalement devenue le climax de la journ\u00e9e politique. Si vous aviez autre chose de plus passionnant \u00e0 faire hier soir que <a href=\"https:\/\/x.com\/clement_mci\/status\/1990911884296327551\" target=\"_blank\" rel=\"noreferrer\" title=\"https:\/\/x.com\/clement_mci\/status\/1990911884296327551\">de les \u00e9couter<\/a>, comme ranger vos chaussettes par exemple, on vous fait un rapide r\u00e9sum\u00e9 ici.<\/p>\n<p class=\"sc-cPiKLX AiZTS text-element\">Pour Zemmour, comme d\u2019habitude, l\u2019islam est la cause de tous les maux de la France. Et le multicondamn\u00e9 a beau faire une citation par phrase, il manque cruellement de culture et ne comprend rien \u00e0 la la\u00efcit\u00e9.<\/p>\n<p class=\"sc-cPiKLX AiZTS text-element\">En face, Glucksmann \u00e9tait visiblement fatigu\u00e9 et a eu toutes les peines du monde \u00e0 ne pas baisser les yeux devant son interlocuteur qu\u2019il conspuait et traitait de supp\u00f4t de Poutine et d\u2019Orb\u00e1n.<\/p>\n<p class=\"sc-cPiKLX AiZTS text-element\">Et puis soudain, Zemmour a \u00e9voqu\u00e9 les meurtres sordides de Lola Daviet et Thomas Perotto par des \u00abracailles islamiques\u00bb \u2013 aucun rapport avec la religion dans ces deux meurtres mais passons, on ne peut pas reprendre tous les mensonges de Zemmour. \u00abVous vous moquez de ces gens que j\u2019ai cit\u00e9s, a lanc\u00e9 l\u2019ancien pol\u00e9miste. Vous n\u2019en avez rien \u00e0 faire. Mais \u00e7a se voit !\u00bb<\/p>\n<p class=\"sc-cPiKLX AiZTS text-element\">Glucksmann a tent\u00e9 de r\u00e9pliquer mais c\u2019\u00e9tait impossible, Zemmour monopolisant la parole. Bref, \u00e7a criait dans tous les sens et David Pujadas a d\u00fb intervenir et se lever de son si\u00e8ge pour stopper cet \u00ab\u00e9change\u00bb en essayant de s\u2019interposer physiquement : \u00abArr\u00eatez, vous ne donnez pas le bon exemple !\u00bb<\/p>\n<p class=\"sc-cPiKLX AiZTS text-element\">Qui aurait pu pr\u00e9dire qu\u2019un d\u00e9bat avec un multir\u00e9cidiviste, condamn\u00e9 pour injures raciales, provocations \u00e0 la haine religieuse ou encore contestation de crime contre l\u2019humanit\u00e9 (liste non exhaustive) se passerait mal ?<\/p>\n","protected":false},"excerpt":{"rendered":"Extrait de Chez Pol, notre newsletter politique r\u00e9serv\u00e9e \u00e0 nos abonn\u00e9s : d\u00e9couvrez-la gratuitement. Le combat de farfadets&hellip;\n","protected":false},"author":2,"featured_media":544694,"comment_status":"","ping_status":"","sticky":false,"template":"","format":"standard","meta":{"footnotes":""},"categories":[4],"tags":[11,3220,1011,27,12,4289,15923,10838,25],"class_list":{"0":"post-544693","1":"post","2":"type-post","3":"status-publish","4":"format-standard","5":"has-post-thumbnail","7":"category-france","8":"tag-actualites","9":"tag-eric-zemmour","10":"tag-fr","11":"tag-france","12":"tag-news","13":"tag-place-publique","14":"tag-raphael-glucksmann","15":"tag-reconquete","16":"tag-republique-francaise"},"share_on_mastodon":{"url":"https:\/\/pubeurope.com\/@fr\/115576441529229887","error":""},"_links":{"self":[{"href":"https:\/\/www.europesays.com\/fr\/wp-json\/wp\/v2\/posts\/544693","targetHints":{"allow":["GET"]}}],"collection":[{"href":"https:\/\/www.europesays.com\/fr\/wp-json\/wp\/v2\/posts"}],"about":[{"href":"https:\/\/www.europesays.com\/fr\/wp-json\/wp\/v2\/types\/post"}],"author":[{"embeddable":true,"href":"https:\/\/www.europesays.com\/fr\/wp-json\/wp\/v2\/users\/2"}],"replies":[{"embeddable":true,"href":"https:\/\/www.europesays.com\/fr\/wp-json\/wp\/v2\/comments?post=544693"}],"version-history":[{"count":0,"href":"https:\/\/www.europesays.com\/fr\/wp-json\/wp\/v2\/posts\/544693\/revisions"}],"wp:featuredmedia":[{"embeddable":true,"href":"https:\/\/www.europesays.com\/fr\/wp-json\/wp\/v2\/media\/544694"}],"wp:attachment":[{"href":"https:\/\/www.europesays.com\/fr\/wp-json\/wp\/v2\/media?parent=544693"}],"wp:term":[{"taxonomy":"category","embeddable":true,"href":"https:\/\/www.europesays.com\/fr\/wp-json\/wp\/v2\/categories?post=544693"},{"taxonomy":"post_tag","embeddable":true,"href":"https:\/\/www.europesays.com\/fr\/wp-json\/wp\/v2\/tags?post=544693"}],"curies":[{"name":"wp","href":"https:\/\/api.w.org\/{rel}","templated":true}]}}