{"id":544697,"date":"2025-11-19T12:51:52","date_gmt":"2025-11-19T12:51:52","guid":{"rendered":"https:\/\/www.europesays.com\/fr\/544697\/"},"modified":"2025-11-19T12:51:52","modified_gmt":"2025-11-19T12:51:52","slug":"a-saint-chamond-isabelle-surply-remettra-le-couvert-pour-lextreme-droite","status":"publish","type":"post","link":"https:\/\/www.europesays.com\/fr\/544697\/","title":{"rendered":"A Saint-Chamond, Isabelle Surply remettra le couvert pour l\u2019extr\u00eame droite"},"content":{"rendered":"<p class=\"is-style-chapo\">Candidate du RN aux Municipales de Saint-Chamond en 2020, Isabelle Surply sera \u00e0 nouveau de la partie en 2026 pour mener une liste d\u00e9pouill\u00e9e d\u2019\u00e9tiquette. Ce qui ne l\u2019am\u00e8nera pas pour autant \u00e0 subir la concurrence de son ex parti ou d\u2019autres, tr\u00e8s proches de sa ligne. Extr\u00eamement probable qu\u2019elle obtienne au contraire leur soutien, ne serait-ce qu\u2019officieux. Au regard des derniers r\u00e9sultats couramiauds exprim\u00e9s en faveur du RN et apparent\u00e9s en 2024, de son hyper activit\u00e9 ces 6 derni\u00e8res ann\u00e9es \u2013 battage m\u00e9diatique selon les uns, r\u00e9elle selon les autres \u2013, \u00e0 quel point peut-elle peser ? Peut-\u00eatre bien plus que le poids d\u2019une trouble-f\u00eate\u2026<\/p>\n<p><img fetchpriority=\"high\" decoding=\"async\" width=\"1024\" height=\"576\" src=\"https:\/\/www.europesays.com\/fr\/wp-content\/uploads\/2025\/11\/esign-IF-581-1024x576.png\" alt=\"\" class=\"wp-image-74932\"  \/>En regardant dans le r\u00e9troviseur, jamais Saint-Chamond n\u2019a eu une opposante municipale d\u2019extr\u00eame droite aussi pr\u00e9sente. \u00a9If Saint-Etienne \/ XA<\/p>\n<p>Combative, tr\u00e8s active dans son opposition, pas seulement en conseil municipal, omnipr\u00e9sente sur les r\u00e9seaux. M\u00e9diatique donc. Hyper m\u00e9diatique. Voil\u00e0 8 ans qu\u2019Isabelle Surply, alors encart\u00e9e au FN dans un premier temps a fait irruption sur la petite sc\u00e8ne politique couramiaude. 6 ann\u00e9es qu\u2019elle y est fermement ancr\u00e9e. \u00ab\u00a0Herv\u00e9 Reynaud (maire de Saint-Chamond de 2014 \u00e0 <a href=\"https:\/\/www.if-saint-etienne.fr\/politique\/succession-a-saint-chamond-ce-sera-bien-axel-dugua\" target=\"_blank\" rel=\"noreferrer noopener\">2023<\/a>, Ndlr) m\u2019avait dit apr\u00e8s les \u00e9lections\u00a0: \u00ab\u00a0vous on va vous voir une fois ou deux et apr\u00e8s, vous dispara\u00eetrez\u00a0\u00bb. Perdue\u00a0! Je suis encore l\u00e0\u00a0\u00bb, lance-t-elle goguenarde. Encore l\u00e0, sans habiter l\u00e0. Rhodanienne, Isabelle Surply, 41 ans, graphiste de profession,assume sans sourciller de n\u2019avoir ici qu\u2019une r\u00e9sidence secondaire\u00a0:<\/p>\n<p>\u00ab Ce n\u2019est pas un probl\u00e8me. Parce que moi je suis r\u00e9ellement attach\u00e9e \u00e0 cette ville, que je d\u00e9fends vraiment sa population, tous les jours\u00a0: je lui parle, je parle vrai, je comprends ses r\u00e9alit\u00e9s, ses probl\u00e9matiques et veux y rem\u00e9dier. C\u2019est ce qui compte. Les Saint-Chamonais le savent. La majorit\u00e9 ne peut pas en dire autant. Vous savez, je fais des tests de notori\u00e9t\u00e9 dans les rues. Moi, les gens me reconnaissent, alors que les autres, nouveau maire compris\u2026\u00a0\u00bb R\u00e9seaux sociaux, terrain, conseil municipal, attaque de la majorit\u00e9 en <a href=\"https:\/\/www.if-saint-etienne.fr\/politique-societe\/saint-chamond-isabelle-surply-ajoute-une-couche-a-ses-premieres-accusations\" target=\"_blank\" rel=\"noopener\">J<\/a><a href=\"https:\/\/www.if-saint-etienne.fr\/politique-societe\/saint-chamond-isabelle-surply-ajoute-une-couche-a-ses-premieres-accusations\" target=\"_blank\" rel=\"noreferrer noopener\">u<\/a><a href=\"https:\/\/www.if-saint-etienne.fr\/politique-societe\/saint-chamond-isabelle-surply-ajoute-une-couche-a-ses-premieres-accusations\" target=\"_blank\" rel=\"noopener\">stice<\/a>\u00a0: Isabelle Surply a la \u00ab\u00a0grinta\u00a0\u00bb, on ne peut pas lui enlever. Malgr\u00e9, ne manque-elle, pas de souligner \u00ab\u00a0les incessantes pressions de toutes part, jusque sur les propri\u00e9taires de restau avec qui je signe pour mes r\u00e9unions, les achats de domaines web avec mon nom, comme par hasard, cette ann\u00e9e et, pire, les menaces de mort, de viol \u00e0 mon encontre. Je ne me prom\u00e8ne jamais seule.\u00a0\u00bb<\/p>\n<p>Sans concurrence du m\u00eame bord<\/p>\n<p>Si elle a quitt\u00e9 le RN \u2013 qui l\u2019avait rep\u00e9r\u00e9e \u00e0 l\u2019occasion de son implication dans la Manif pour tous version lyonnaise et lanc\u00e9e en politique\u00a0; elle fut \u00e9lue \u00e0 la R\u00e9gion -, pour se rapprocher de Reconqu\u00eate, pas de guerre ouverte. Il faut dire qu\u2019elle a pris soin de ne pas squatter la candidature d\u2019Angelina La Marca aux l\u00e9gislatives 2024\u2026 Encore moins de f\u00e2cheries avec les \u00ab\u00a0Zemmouristes\u00a0\u00bb, Debout la France et l\u2019UDR dont le pr\u00e9sident Ciotti se serait entretenu avec elle en personne, s\u2019enthousiasme Isabelle Surply. Bref, pourquoi des partis \u00ab\u00a0amis\u00a0\u00bb en manque cruel de cadres iraient chercher des noises \u00e0 une alli\u00e9e d\u00e9j\u00e0 dans la place\u00a0? \u00ab\u00a0Toutes les droites \u2013 UDI compris\u00a0? Oui\u00a0! \u2013 sont bienvenues sur ma liste o\u00f9 il y aura toutefois beaucoup de non encart\u00e9s. Par rapport \u00e0 2020, elle sera renouvel\u00e9e aux 2\/3 mais elle est d\u00e9j\u00e0 beaucoup plus avanc\u00e9e, beaucoup plus facile \u00e0 composer apr\u00e8s tout le travail effectu\u00e9. Et j\u2019ai d\u00e9j\u00e0 le soutien officieux de beaucoup de partis\u2026\u00a0\u00bb<\/p>\n<p><img loading=\"lazy\" decoding=\"async\" width=\"1024\" height=\"576\" src=\"https:\/\/www.europesays.com\/fr\/wp-content\/uploads\/2025\/11\/thumbnail_IMG-20251114-WA0001-1024x576.jpg\" alt=\"\" class=\"wp-image-81063\"  \/>Photo de lancement de campagne prise jeudi dernier et transmise par Isabelle Surply. A la droite d\u2019Isabelle Surply, de \u00ab\u00a0futurs adjoints\u00a0\u00bb\u00a0; \u00e0 sa gauche, se reconna\u00eet Charles Perrot, ex personnalit\u00e9 du RN Loire, Zemmouriste en <a href=\"https:\/\/france3-regions.franceinfo.fr\/auvergne-rhone-alpes\/loire\/presidentielle-charles-perrot-un-poids-lourd-du-rn-de-la-loire-rejoint-eric-zemmour-2445099.html\" target=\"_blank\" rel=\"noreferrer noopener\">2022<\/a>.<\/p>\n<p>Du RN par exemple\u00a0? A d\u00e9faut de le confirmer, son d\u00e9l\u00e9gu\u00e9 d\u00e9partemental, Corentin Jousserand, <a href=\"https:\/\/www.if-saint-etienne.fr\/politique-societe\/municipales-a-saint-etienne-le-rn-a-sa-tete-de-liste-pour-2026\" target=\"_blank\" rel=\"noreferrer noopener\">poulain<\/a> du parti pour Saint-Etienne, contact\u00e9 par If, confirme qu\u2019il n\u2019enverra pas de liste contre elle. Pour un soutien officiel, c\u2019est encore \u00e0 voir\u00a0: \u00ab\u00a0\u00c7a d\u00e9pendra beaucoup du programme qu\u2019elle va d\u00e9ployer.\u00a0\u00bb On doute qu\u2019il puisse radicalement diff\u00e9rer du parti de Marine Le Pen. Qu\u2019en est-il d\u2019ailleurs \u00e0 ce stade\u00a0? \u00ab\u00a0Cela fait bient\u00f4t 15 ans que je fais de la politique et malgr\u00e9 la violence \u00e0 laquelle on m\u2019expose, l\u2019\u00e9chelon municipal est ce qui me pla\u00eet le plus, ce qui est le plus concret, le plus quotidien. J\u2019ai appris \u00e0 aimer Saint-Chamond dont me parlait ma m\u00e8re qui habitait juste \u00e0 sa limite, comme de des amis. Cette ville m\u00e9rite tellement mieux que son image du \u00ab\u00a0\u00e7a craint\u00a0\u00bb. Elle est plein de potentiel mais on g\u00e2che ses chances.\u00a0\u00bb<\/p>\n<p>\u00ab Remettre Saint-Chamond en ordre\u00a0\u00bb<\/p>\n<p>Son programme se d\u00e9clinera donc en trois axes\u00a0: \u00ab\u00a0\u00ab\u00a0Assainir\u00a0\u00bb, \u00ab\u00a0prot\u00e9ger\u00a0\u00bb, \u00ab\u00a0dynamiser\u00a0\u00bb\u00a0\u00bb. Assainir\u00a0? \u00ab\u00a0L\u00e0, je parle de finances qui commencent \u00e0 d\u00e9railler (analyse fermement contredite par la majorit\u00e9, Ndlr). On est \u00e0 deux tiers des charges dans le personnel, c\u2019est dingue parce qu\u2019en face, le service public n\u2019est pas \u00e0 la hauteur. Il faut une utilisation plus rationnelle, efficace des employ\u00e9s. C\u2019est valable pour la Police Municipale quand on parle de \u00ab\u00a0prot\u00e9ger\u00a0\u00bb\u00a0: 300 cam\u00e9ras ok, mais UN op\u00e9rateur pour les visionner\u00a0! Bien s\u00fbr qu\u2019il y a un sujet s\u00e9curit\u00e9 quand on constate les rod\u00e9os, les trafics \u00e0 la vue de tous, comme devant notre permanence au Ch\u00e2teau du Jarez o\u00f9 les tarifs sont affich\u00e9s, quand on entend l\u2019adjoint \u00e0 la s\u00e9curit\u00e9 dire qu\u2019il est en \u00ab\u00a0m\u00e9diation\u00a0\u00bb avec les d\u00e9linquants. 20 ans que l\u2019on a droit \u00e0 cette logique\u00a0: un peu de bon sens, on ne n\u00e9gocie pas avec la d\u00e9linquance\u00a0! Oui il faut remettre Saint-Chamond en ordre.\u00a0\u00bb<\/p>\n<blockquote class=\"wp-block-quote is-layout-flow wp-block-quote-is-layout-flow\">\n<p>20 ans que l\u2019on a droit \u00e0 cette logique\u00a0: un peu de bon sens, on ne n\u00e9gocie pas avec la d\u00e9linquance\u00a0!<\/p>\n<\/blockquote>\n<p>Et pour ce qui est de dynamiser\u00a0? \u00ab\u00a0C\u00f4t\u00e9 animations, nous avons besoin du retour d\u2019une grande f\u00eate populaire, f\u00e9d\u00e9rative sans craindre l\u00e2chement que des voyous la g\u00e2chent. Il faut une halle couverte pour des manifestations qui ne soient pas g\u00e2cher par la pluie. C\u00f4t\u00e9 attractivit\u00e9, plut\u00f4t que de parler de placer Emma\u00fcs comme l\u2019envisage le maire, nous aimerions que la halle 39 accueille un p\u00f4le de formation technique, infiniment plus coh\u00e9rent avec le contexte de <a href=\"https:\/\/www.if-saint-etienne.fr\/economie\/novacieries-il-faudra-bientot-reveiller-les-geants-dellapitr\" target=\"_blank\" rel=\"noreferrer noopener\">Novaci\u00e9ries<\/a>, infiniment plus logique pour attirer la fr\u00e9quentation de jeunes qui font des choses constructives. Au lyc\u00e9e Claude-Lebois, une <a href=\"https:\/\/c.leprogres.fr\/economie\/2025\/02\/18\/le-lycee-claude-lebois-ouvre-une-classe-de-chaudronnerie-dediee-au-nucleaire\" target=\"_blank\" rel=\"noreferrer noopener\">classe<\/a> d\u00e9di\u00e9e \u00e0 la chaudronnerie nucl\u00e9aire vient d\u2019ouvrir. C\u2019est hyper pertinent avec la relance du <a href=\"https:\/\/www.if-saint-etienne.fr\/economie\/fusion-42-le-nucleaire-de-la-loire-a-sa-banniere\" target=\"_blank\" rel=\"noreferrer noopener\">secteur<\/a>. Vous croyez qu\u2019elle est mise en avant par la municipalit\u00e9\u00a0? Ils restent dans leurs vieux sch\u00e9mas\u2026 \u00bb \u00a0\u00a0<\/p>\n<p>Isabelle Surply sera tr\u00e8s probablement au 2e tour<\/p>\n<p>Aucune chance malgr\u00e9 tout qu\u2019elle devienne premi\u00e8re magistrate\u00a0? Si on se fie aux seuls r\u00e9sultats des Municipales 2014 et <a href=\"https:\/\/www.archives-resultats-elections.interieur.gouv.fr\/resultats\/municipales-2020\/042\/042207.php\" target=\"_blank\" rel=\"noreferrer noopener\">2020<\/a>, effectivement, m\u00eame si sa liste sera tr\u00e8s probablement au second tour puisqu\u2019il faut 10 % des votants (et non des inscrits) pour en \u00eatre. Il y a 11 ans, le tr\u00e8s, le trop jeune Franck Descours avait obtenu 12,5 % au 1er puis 15,2 % au 2e dans un contexte de triangulaire (Emmanuel Mandon, alors UDI, d\u00e9cidant de se retirer au profit du LR Herv\u00e9 Reynaud). Le recul de l\u2019abstention entre les deux rounds (45,03 \u00e0 39,99 %) ne lui avait pas \u00e9t\u00e9 d\u00e9favorable. En 2020, Herv\u00e9 Reynaud, sans concurrent c\u00f4t\u00e9 centre droit, avait \u00e9cras\u00e9 l\u2019\u00e9lection d\u00e8s le 1er tour\u00a0: 58,91 % des exprim\u00e9s. Mais le scrutin fut marqu\u00e9 par une abstention affolante flirtant avec les 70 %\u00a0! Isabelle Surply, loin d\u2019\u00eatre aussi connue avait r\u00e9alis\u00e9 13 % sous \u00e9tiquette RN.<\/p>\n<p>Depuis, elle s\u2019est fait conna\u00eetre oui. Et il y a eu les <a href=\"https:\/\/www.archives-resultats-elections.interieur.gouv.fr\/resultats\/europeennes2024\/ensemble_geographique\/84\/42\/42207\/index.php\" target=\"_blank\" rel=\"noreferrer noopener\">Europ\u00e9ennes<\/a> 2024. Les votants (54\u00a0,5 % d\u2019abstention) de Saint-Chamond ont donn\u00e9, en cumul\u00e9, \u00e0 l\u2019extr\u00eame droite\u2026 41 %\u00a0! Choix \u00ab\u00a0tabou\u00a0\u00bb sautant \u00e0 l\u2019\u00e9chelle UE\u00a0? Peut-\u00eatre. Reste qu\u2019aux <a href=\"https:\/\/www.archives-resultats-elections.interieur.gouv.fr\/resultats\/legislatives2024\/ensemble_geographique\/84\/42\/4203\/42207\/index.php\" target=\"_blank\" rel=\"noreferrer noopener\">l\u00e9gislatives<\/a> qui ont suivi, dans un contexte d\u2019abstention en repli (39,49 % puis 38,81 %), Angelina La Marca pour le RN avait confirm\u00e9 avec, au 1er tour, 36,86 % des exprim\u00e9s couramiauds, certes avec un Emmanuel Mandon (Modem) sans LR face \u00e0 lui\u2026 Le d\u00e9put\u00e9 de la \u00ab\u00a03e\u00a0\u00bb doit sans doute sa r\u00e9\u00e9lection au fait que Vincent Bony (NFP) se soit retir\u00e9 au 2e malgr\u00e9 sa qualification. Enfin, si on se penche sur les l\u00e9gislatives 2017, 2022, Isabelle Surply d\u00e9j\u00e0 puis Angelina La Marca avaient toutes les deux r\u00e9alis\u00e9 \u00e0 peine plus de 16 % au 1er tour\u2026 Entre 2022 et 2024, le score du RN \u00e0 Saint-Chamond a plus que doubl\u00e9.<\/p>\n<p>Conclusion\u00a0: si les \u00e9lecteurs Saint-Chamonais maintiennent ou poussent sur cette tendance, Isabelle Surply a ses chances d\u2019\u00eatre en t\u00eate \u00e0 l\u2019issue d\u2019un 2e tour en cas de triangulaire, a fortiori en cas de quadrangulaire. Et \u00e0 ce stade, difficile d\u2019imaginer une \u00ab\u00a0r\u00e9conciliation\u00a0\u00bb express d\u2019entre deux tours entre les deux camps de droite issus de la majorit\u00e9 initiale d\u2019Herv\u00e9 Reynaud\u2026 Division qui avait profit\u00e9 au socialiste Philippe Kizirian en 2008. A l\u2019\u00e9poque, l\u2019extr\u00eame droite n\u2019avait pas de candidat, m\u00eame pas un \u00ab\u00a0effac\u00e9\u00a0\u00bb. En 2026, il semble qu\u2019il y en ait une bien visible, ayant gagn\u00e9 \u00e0 \u00eatre connue. \u00a0\u00a0\u00a0\u00a0\u00a0\u00a0\u00a0\u00a0\u00a0\u00a0<\/p>\n","protected":false},"excerpt":{"rendered":"Candidate du RN aux Municipales de Saint-Chamond en 2020, Isabelle Surply sera \u00e0 nouveau de la partie en&hellip;\n","protected":false},"author":2,"featured_media":544698,"comment_status":"","ping_status":"","sticky":false,"template":"","format":"standard","meta":{"footnotes":""},"categories":[9653],"tags":[1111,11,2430,15916,4188,2761,1777,674,1076,1011,27,20802,66334,12,25,34244,4001,20803],"class_list":{"0":"post-544697","1":"post","2":"type-post","3":"status-publish","4":"format-standard","5":"has-post-thumbnail","7":"category-saint-etienne","8":"tag-actu","9":"tag-actualites","10":"tag-auvergne-rhone-alpes","11":"tag-electif","12":"tag-elections-municipales","13":"tag-elections-municipales-2026","14":"tag-eu","15":"tag-europe","16":"tag-extreme-droite","17":"tag-fr","18":"tag-france","19":"tag-isabelle-surply","20":"tag-municipalite-de-saint-chamond","21":"tag-news","22":"tag-republique-francaise","23":"tag-rn-loire","24":"tag-saint-etienne","25":"tag-ville-de-saint-chamond"},"share_on_mastodon":{"url":"https:\/\/pubeurope.com\/@fr\/115576461866469495","error":""},"_links":{"self":[{"href":"https:\/\/www.europesays.com\/fr\/wp-json\/wp\/v2\/posts\/544697","targetHints":{"allow":["GET"]}}],"collection":[{"href":"https:\/\/www.europesays.com\/fr\/wp-json\/wp\/v2\/posts"}],"about":[{"href":"https:\/\/www.europesays.com\/fr\/wp-json\/wp\/v2\/types\/post"}],"author":[{"embeddable":true,"href":"https:\/\/www.europesays.com\/fr\/wp-json\/wp\/v2\/users\/2"}],"replies":[{"embeddable":true,"href":"https:\/\/www.europesays.com\/fr\/wp-json\/wp\/v2\/comments?post=544697"}],"version-history":[{"count":0,"href":"https:\/\/www.europesays.com\/fr\/wp-json\/wp\/v2\/posts\/544697\/revisions"}],"wp:featuredmedia":[{"embeddable":true,"href":"https:\/\/www.europesays.com\/fr\/wp-json\/wp\/v2\/media\/544698"}],"wp:attachment":[{"href":"https:\/\/www.europesays.com\/fr\/wp-json\/wp\/v2\/media?parent=544697"}],"wp:term":[{"taxonomy":"category","embeddable":true,"href":"https:\/\/www.europesays.com\/fr\/wp-json\/wp\/v2\/categories?post=544697"},{"taxonomy":"post_tag","embeddable":true,"href":"https:\/\/www.europesays.com\/fr\/wp-json\/wp\/v2\/tags?post=544697"}],"curies":[{"name":"wp","href":"https:\/\/api.w.org\/{rel}","templated":true}]}}