{"id":54470,"date":"2025-04-26T13:22:13","date_gmt":"2025-04-26T13:22:13","guid":{"rendered":"https:\/\/www.europesays.com\/fr\/54470\/"},"modified":"2025-04-26T13:22:13","modified_gmt":"2025-04-26T13:22:13","slug":"lyon-estimee-a-plus-de-200-000-e-la-replique-de-la-statue-de-louis-xiv-senvole-aux-encheres","status":"publish","type":"post","link":"https:\/\/www.europesays.com\/fr\/54470\/","title":{"rendered":"Lyon. Estim\u00e9e \u00e0 plus de 200 000 \u20ac, la r\u00e9plique de la statue de Louis XIV s&rsquo;envole aux ench\u00e8res"},"content":{"rendered":"<p>Ce jeudi 25 avril \u00e9tait mise aux ench\u00e8res \u00e0 Drouot (Paris) une importante statue \u00e9questre repr\u00e9sentant Louis XIV. Et pas n\u2019importe laquelle : une r\u00e9plique, en acier damasquin\u00e9 d\u2019or, de la statue qui a tr\u00f4n\u00e9 au centre de la place Bellecour, de 1713 \u00e0 la R\u00e9volution, date \u00e0 laquelle elle a \u00e9t\u00e9 fondue.<\/p>\n<p>Elle ne fut remplac\u00e9e qu\u2019en 1826-1826 par la statue que l\u2019on conna\u00eet aujourd\u2019hui, sculpt\u00e9e par Fran\u00e7ois-Fr\u00e9d\u00e9ric Lemot. Cette r\u00e9plique vendue aux ench\u00e8res, <a href=\"https:\/\/www.leprogres.fr\/culture-loisirs\/2025\/04\/23\/une-replique-de-la-statue-equestre-de-louis-xiv-a-bellecour-mise-aux-encheres\" target=\"_blank\" rel=\"nofollow noopener\">et pr\u00e9sent\u00e9e par l\u2019\u00e9tude Gros &amp; Delettrez<\/a> , est donc un t\u00e9moignage pr\u00e9cieux du monument disparu.<\/p>\n<p>  Un mod\u00e8le unique<\/p>\n<p>Command\u00e9 en deux exemplaires, ce mod\u00e8le r\u00e9duit avait \u00e9t\u00e9 offert \u00e0 Louis XIV et \u00e0 Maximilien Titon, directeur g\u00e9n\u00e9ral des manufactures et magasins royaux d\u2019armes. <a href=\"https:\/\/drouot.com\/fr\/l\/28928205-importante-statue-equestre-de-louis-xiv-en-acier-damasquine\" target=\"_blank\" rel=\"nofollow noopener\">C\u2019est la r\u00e9plique de ce dernier<\/a> \u2013 celle du Roi n\u2019a jamais \u00e9t\u00e9 retrouv\u00e9e \u2013 qui a \u00e9t\u00e9 vendue ce jeudi.<\/p>\n<p>Estim\u00e9e entre 200 000 et 250 000 euros, elle a finalement \u00e9t\u00e9 adjug\u00e9e au prix de 266 500 \u20ac.<\/p>\n","protected":false},"excerpt":{"rendered":"Ce jeudi 25 avril \u00e9tait mise aux ench\u00e8res \u00e0 Drouot (Paris) une importante statue \u00e9questre repr\u00e9sentant Louis XIV.&hellip;\n","protected":false},"author":2,"featured_media":54471,"comment_status":"","ping_status":"","sticky":false,"template":"","format":"standard","meta":{"footnotes":""},"categories":[1889],"tags":[1111,11,2430,1687,2757,1777,674,107,1011,27,1757,2428,2756,12,2661,25,2429],"class_list":{"0":"post-54470","1":"post","2":"type-post","3":"status-publish","4":"format-standard","5":"has-post-thumbnail","7":"category-lyon","8":"tag-actu","9":"tag-actualites","10":"tag-auvergne-rhone-alpes","11":"tag-culture-loisirs","12":"tag-edition-lyon-villeurbanne","13":"tag-eu","14":"tag-europe","15":"tag-fil-info","16":"tag-fr","17":"tag-france","18":"tag-insolite","19":"tag-lyon","20":"tag-lyon-bassin","21":"tag-news","22":"tag-patrimoine-culturel","23":"tag-republique-francaise","24":"tag-rhone"},"share_on_mastodon":{"url":"https:\/\/pubeurope.com\/@fr\/114404481057730797","error":""},"_links":{"self":[{"href":"https:\/\/www.europesays.com\/fr\/wp-json\/wp\/v2\/posts\/54470","targetHints":{"allow":["GET"]}}],"collection":[{"href":"https:\/\/www.europesays.com\/fr\/wp-json\/wp\/v2\/posts"}],"about":[{"href":"https:\/\/www.europesays.com\/fr\/wp-json\/wp\/v2\/types\/post"}],"author":[{"embeddable":true,"href":"https:\/\/www.europesays.com\/fr\/wp-json\/wp\/v2\/users\/2"}],"replies":[{"embeddable":true,"href":"https:\/\/www.europesays.com\/fr\/wp-json\/wp\/v2\/comments?post=54470"}],"version-history":[{"count":0,"href":"https:\/\/www.europesays.com\/fr\/wp-json\/wp\/v2\/posts\/54470\/revisions"}],"wp:featuredmedia":[{"embeddable":true,"href":"https:\/\/www.europesays.com\/fr\/wp-json\/wp\/v2\/media\/54471"}],"wp:attachment":[{"href":"https:\/\/www.europesays.com\/fr\/wp-json\/wp\/v2\/media?parent=54470"}],"wp:term":[{"taxonomy":"category","embeddable":true,"href":"https:\/\/www.europesays.com\/fr\/wp-json\/wp\/v2\/categories?post=54470"},{"taxonomy":"post_tag","embeddable":true,"href":"https:\/\/www.europesays.com\/fr\/wp-json\/wp\/v2\/tags?post=54470"}],"curies":[{"name":"wp","href":"https:\/\/api.w.org\/{rel}","templated":true}]}}