{"id":544710,"date":"2025-11-19T13:05:20","date_gmt":"2025-11-19T13:05:20","guid":{"rendered":"https:\/\/www.europesays.com\/fr\/544710\/"},"modified":"2025-11-19T13:05:20","modified_gmt":"2025-11-19T13:05:20","slug":"vol-en-reunion-filme-deux-suspects-interpelles","status":"publish","type":"post","link":"https:\/\/www.europesays.com\/fr\/544710\/","title":{"rendered":"vol en r\u00e9union film\u00e9, deux suspects interpell\u00e9s"},"content":{"rendered":"<p>\nInterpell\u00e9s le v\u00e9lo \u00e0 la main, les deux suspects affirment l&rsquo;avoir achet\u00e9.<\/p>\n<p>\n\u00a9 Police Municipale de Montpellier \/ Photo d\u2019illustration.<\/p>\n<p><a data-no-instant=\"1\" href=\"https:\/\/nimes-metropole-entreprises.fr\/le-territoire-de-nimes-metropole\/un-reseau-economique-et-collaboratif\/digiweek-de-nimes-metropole\/\" rel=\"noopener nofollow\" class=\"a2t-link\" aria-label=\"461-image\" target=\"_blank\"><img decoding=\"async\" loading=\"lazy\" src=\"https:\/\/www.europesays.com\/fr\/wp-content\/uploads\/2025\/11\/461-image.jpeg\" alt=\"\"   width=\"1220\" height=\"260\"\/><\/a><\/p>\n<p>En pleine nuit, les cam\u00e9ras du Centre de Supervision Urbain (<strong>CSU<\/strong>) ont film\u00e9 le <strong>vol d\u2019un v\u00e9lo \u00e9lectrique <\/strong>par deux hommes <strong>rue Mareschal<\/strong>, \u00e0 <a href=\"https:\/\/infoccitanie.fr\/tag\/montpellier\/\" rel=\"nofollow noopener\" target=\"_blank\">Montpellier<\/a>. Les images montrent les suspects s\u2019approcher du v\u00e9lo et l\u2019emporter avant de prendre la fuite. Alert\u00e9s, les policiers de la Brigade Anti-Criminalit\u00e9 (<strong>BAC<\/strong>) interviennent et <strong>interpellent<\/strong> les deux hommes, \u00e2g\u00e9s de <strong>38 et 35 ans<\/strong>, le v\u00e9lo \u00e0 la main pr\u00e8s de la place de la Com\u00e9die. Les suspects <strong>nient<\/strong> cat\u00e9goriquement les faits et affirment l\u2019avoir <strong>achet\u00e9<\/strong> pour la somme de 80 euros. Plac\u00e9s en <strong>garde \u00e0 vue<\/strong>, ils sont convoqu\u00e9s dans le cadre d\u2019une <strong>ordonnance p\u00e9nale<\/strong> pr\u00e9vue le 16 janvier 2026.<\/p>\n","protected":false},"excerpt":{"rendered":"Interpell\u00e9s le v\u00e9lo \u00e0 la main, les deux suspects affirment l&rsquo;avoir achet\u00e9. \u00a9 Police Municipale de Montpellier \/&hellip;\n","protected":false},"author":2,"featured_media":544711,"comment_status":"","ping_status":"","sticky":false,"template":"","format":"standard","meta":{"footnotes":""},"categories":[9599],"tags":[1111,11,1777,674,1011,27,2208,12,2680,1072,25],"class_list":{"0":"post-544710","1":"post","2":"type-post","3":"status-publish","4":"format-standard","5":"has-post-thumbnail","7":"category-montpellier","8":"tag-actu","9":"tag-actualites","10":"tag-eu","11":"tag-europe","12":"tag-fr","13":"tag-france","14":"tag-montpellier","15":"tag-news","16":"tag-occitanie","17":"tag-police","18":"tag-republique-francaise"},"share_on_mastodon":{"url":"https:\/\/pubeurope.com\/@fr\/115576513221300584","error":""},"_links":{"self":[{"href":"https:\/\/www.europesays.com\/fr\/wp-json\/wp\/v2\/posts\/544710","targetHints":{"allow":["GET"]}}],"collection":[{"href":"https:\/\/www.europesays.com\/fr\/wp-json\/wp\/v2\/posts"}],"about":[{"href":"https:\/\/www.europesays.com\/fr\/wp-json\/wp\/v2\/types\/post"}],"author":[{"embeddable":true,"href":"https:\/\/www.europesays.com\/fr\/wp-json\/wp\/v2\/users\/2"}],"replies":[{"embeddable":true,"href":"https:\/\/www.europesays.com\/fr\/wp-json\/wp\/v2\/comments?post=544710"}],"version-history":[{"count":0,"href":"https:\/\/www.europesays.com\/fr\/wp-json\/wp\/v2\/posts\/544710\/revisions"}],"wp:featuredmedia":[{"embeddable":true,"href":"https:\/\/www.europesays.com\/fr\/wp-json\/wp\/v2\/media\/544711"}],"wp:attachment":[{"href":"https:\/\/www.europesays.com\/fr\/wp-json\/wp\/v2\/media?parent=544710"}],"wp:term":[{"taxonomy":"category","embeddable":true,"href":"https:\/\/www.europesays.com\/fr\/wp-json\/wp\/v2\/categories?post=544710"},{"taxonomy":"post_tag","embeddable":true,"href":"https:\/\/www.europesays.com\/fr\/wp-json\/wp\/v2\/tags?post=544710"}],"curies":[{"name":"wp","href":"https:\/\/api.w.org\/{rel}","templated":true}]}}