{"id":544712,"date":"2025-11-19T13:06:14","date_gmt":"2025-11-19T13:06:14","guid":{"rendered":"https:\/\/www.europesays.com\/fr\/544712\/"},"modified":"2025-11-19T13:06:14","modified_gmt":"2025-11-19T13:06:14","slug":"le-championnat-du-pull-moche-revient-a-rouen-prets-a-briller-meme-trop","status":"publish","type":"post","link":"https:\/\/www.europesays.com\/fr\/544712\/","title":{"rendered":"Le Championnat du Pull Moche revient \u00e0 Rouen : pr\u00eats \u00e0 briller (m\u00eame trop) ?"},"content":{"rendered":"<p>            <strong>Le grand retour du pull le plus kitsch de l\u2019ann\u00e9e \u2013 \u00e9dition 2025<\/strong><\/p>\n<p>Pr\u00e9pare ton plus <strong>beau pull moche<\/strong>, celui avec les <strong>pompons<\/strong>, les <strong>rennes en 3D<\/strong> ou les <strong>guirlandes qui clignotent<\/strong> parce que l\u2019\u00e9v\u00e9nement le plus d\u00e9cal\u00e9 du mois de d\u00e9cembre fait son comeback. Le <strong>Championnat normand du pull moche de No\u00ebl<\/strong> revient le <strong>dimanche 14 d\u00e9cembre 2025<\/strong>, au Jardin des Contemplations, en plein c\u0153ur de la <strong>place de la Cath\u00e9drale<\/strong>.<\/p>\n<p style=\"margin: 0; color: #000000; font-size: 16px; font-weight: bold;\">\u00c0 voir aussi sur Rouen Bouge<\/p>\n<\/p>\n<p>                    \u2716\n                <\/p>\n<p>Un rendez-vous aussi improbable que g\u00e9nial, o\u00f9 le mot d\u2019ordre est simple : <strong>s\u2019amuser<\/strong>.<\/p>\n<p><strong>Pourquoi on adore (d\u00e9j\u00e0) cet \u00e9v\u00e9nement ?<\/strong><\/p>\n<p>Parce qu\u2019il coche toutes les cases d\u2019un No\u00ebl \u00e0 la sauce rouennaise :<br \/>\u2728 une animation <strong>traditionnelle<\/strong>, mais totalement <strong>d\u00e9cal\u00e9e<\/strong><br \/>\u2728 un d\u00e9fil\u00e9 funky et ambiance feel-good<br \/>\u2728 des looks improbables et assum\u00e9s<br \/>\u2728 et, \u00e9videmment, des <strong>r\u00e9compenses<\/strong> \u00e0 gagner<\/p>\n<p>Le but ? D\u00e9voiler ton pull le plus <strong>impossible<\/strong>, le plus <strong>charg\u00e9<\/strong>, le plus <strong>\u201cpourquoi tu as mis \u00e7a ?\u201d<\/strong>, bref : celui dont tu es secr\u00e8tement fier.<\/p>\n<p><strong>Les r\u00e8gles du jeu (promis, c\u2019est simple)<\/strong><\/p>\n<p>Pour participer, il faut :<\/p>\n<ul class=\"wp-block-list\">\n<li>un <strong>gros pull<\/strong> fa\u00e7on hiver grand froid ;<\/li>\n<li>des <strong>motifs de No\u00ebl<\/strong> (sapins, lutins, rennes, on prend tout) ;<\/li>\n<li>des <strong>couleurs criardes<\/strong> (plus c\u2019est flashy, mieux c\u2019est) ;<\/li>\n<li>et, pour les plus t\u00e9m\u00e9raires, des <strong>pompons<\/strong>, des <strong>guirlandes<\/strong> ou m\u00eame des <strong>lumi\u00e8res<\/strong>.<\/li>\n<\/ul>\n<p>Seuls les <strong>majeurs<\/strong> peuvent concourir, mais les enfants sont les bienvenus pour d\u00e9filer hors comp\u00e9tition.<\/p>\n<p><strong>\ud83c\udf9f\ufe0f Inscriptions : du Lundi 3 novembre au Mercredi 3 d\u00e9cembre 2025<\/strong><\/p>\n<p>Tu veux tenter ta chance ? Les <strong>50 premiers inscrits<\/strong> participeront \u00e0 la phase qualificative.<\/p>\n<p>\ud83d\udc49 Pour s\u2019inscrire, il suffit de remplir le formulaire : <a href=\"https:\/\/formulaires.demarches.rouen.fr\/concours\/inscription-au-championnat-normand-du-pull-moche-de-noel-2025\" target=\"_blank\" rel=\"noopener nofollow\">Juste ici<\/a><\/p>\n<p><strong>\ud83c\udfa4 D\u00e9roulement du championnat : le jour J<\/strong><\/p>\n<p>\ud83d\udcc5 <strong>Dimanche 14 d\u00e9cembre 2025<\/strong><br \/>\ud83d\udd52 <strong>De 15h \u00e0 18h<\/strong><br \/>\ud83d\udccd <strong>Jardin des Contemplations \u2013 Place de la Cath\u00e9drale<\/strong><\/p>\n<p><strong>1\ufe0f\u20e3 Le premier d\u00e9fil\u00e9<\/strong><\/p>\n<p>Les <strong>50 participants<\/strong> montent sur sc\u00e8ne avec leurs supporters.<\/p>\n<p>\u00c0 l\u2019issue du d\u00e9fil\u00e9 : s\u00e9lection de <strong>10 finalistes<\/strong>\u2026 \u00e0 l\u2019<strong>applaudim\u00e8tre<\/strong> !<\/p>\n<p>(Autant dire : ramenez vos potes.)<\/p>\n<p><strong>2\ufe0f\u20e3 Le d\u00e9fil\u00e9 final<\/strong><\/p>\n<p>Les 10 \u00e9lus repassent devant un <strong>jury<\/strong> qui d\u00e9terminera le classement et \u00e9lira la <strong>Championne<\/strong> ou le <strong>Champion normand du pull moche 2025<\/strong>.<\/p>\n<p><strong>\ud83c\udfc6 R\u00e9compenses : des ch\u00e8ques-cadeaux pour se faire plaisir chez les commer\u00e7ants rouennais<\/strong><\/p>\n<p>\ud83c\udf81 <strong>Championne \/ Champion<\/strong> : <strong>300\u20ac<\/strong> de ch\u00e8ques-cadeaux<br \/>\ud83c\udf81 <strong>2e place<\/strong> : <strong>200\u20ac<\/strong><br \/>\ud83c\udf81 <strong>3e place<\/strong> : <strong>100<\/strong>\u20ac<br \/>\ud83c\udf81 <strong>4e \u00e0 10e place<\/strong> : <strong>50\u20ac<\/strong><\/p>\n<p>De quoi faire une session shopping tout en soutenant les <strong>commer\u00e7ants rouennais participants<\/strong>.<\/p>\n<p><strong>Pourquoi tu dois absolument t\u2019inscrire ?<\/strong><\/p>\n<p>Parce qu\u2019on adore voir Rouen s\u2019animer, se marrer et assumer son sens du style le plus <strong>moche<\/strong>, mais le plus <strong>cool<\/strong>.<br \/>Parce qu\u2019on a tous un pull honteux au fond du placard.<br \/>Et parce que, franchement, qui refuserait la possibilit\u00e9 de devenir <strong>Champion du pull moche 2025<\/strong> ?<\/p>\n<p>Alors\u2026 pr\u00eat \u00e0 briller plus fort qu\u2019une guirlande LED ?<\/p>\n","protected":false},"excerpt":{"rendered":"Le grand retour du pull le plus kitsch de l\u2019ann\u00e9e \u2013 \u00e9dition 2025 Pr\u00e9pare ton plus beau pull&hellip;\n","protected":false},"author":2,"featured_media":544713,"comment_status":"","ping_status":"","sticky":false,"template":"","format":"standard","meta":{"footnotes":""},"categories":[9587],"tags":[1111,11,1777,674,1011,27,12,5161,25,9590],"class_list":{"0":"post-544712","1":"post","2":"type-post","3":"status-publish","4":"format-standard","5":"has-post-thumbnail","7":"category-rouen","8":"tag-actu","9":"tag-actualites","10":"tag-eu","11":"tag-europe","12":"tag-fr","13":"tag-france","14":"tag-news","15":"tag-normandie","16":"tag-republique-francaise","17":"tag-rouen"},"share_on_mastodon":{"url":"https:\/\/pubeurope.com\/@fr\/115576516447237222","error":""},"_links":{"self":[{"href":"https:\/\/www.europesays.com\/fr\/wp-json\/wp\/v2\/posts\/544712","targetHints":{"allow":["GET"]}}],"collection":[{"href":"https:\/\/www.europesays.com\/fr\/wp-json\/wp\/v2\/posts"}],"about":[{"href":"https:\/\/www.europesays.com\/fr\/wp-json\/wp\/v2\/types\/post"}],"author":[{"embeddable":true,"href":"https:\/\/www.europesays.com\/fr\/wp-json\/wp\/v2\/users\/2"}],"replies":[{"embeddable":true,"href":"https:\/\/www.europesays.com\/fr\/wp-json\/wp\/v2\/comments?post=544712"}],"version-history":[{"count":0,"href":"https:\/\/www.europesays.com\/fr\/wp-json\/wp\/v2\/posts\/544712\/revisions"}],"wp:featuredmedia":[{"embeddable":true,"href":"https:\/\/www.europesays.com\/fr\/wp-json\/wp\/v2\/media\/544713"}],"wp:attachment":[{"href":"https:\/\/www.europesays.com\/fr\/wp-json\/wp\/v2\/media?parent=544712"}],"wp:term":[{"taxonomy":"category","embeddable":true,"href":"https:\/\/www.europesays.com\/fr\/wp-json\/wp\/v2\/categories?post=544712"},{"taxonomy":"post_tag","embeddable":true,"href":"https:\/\/www.europesays.com\/fr\/wp-json\/wp\/v2\/tags?post=544712"}],"curies":[{"name":"wp","href":"https:\/\/api.w.org\/{rel}","templated":true}]}}