{"id":544714,"date":"2025-11-19T13:07:23","date_gmt":"2025-11-19T13:07:23","guid":{"rendered":"https:\/\/www.europesays.com\/fr\/544714\/"},"modified":"2025-11-19T13:07:23","modified_gmt":"2025-11-19T13:07:23","slug":"un-homme-retranche-a-son-domicile-avec-ses-parents-interpelle-par-le-raid","status":"publish","type":"post","link":"https:\/\/www.europesays.com\/fr\/544714\/","title":{"rendered":"un homme retranch\u00e9 \u00e0 son domicile avec ses parents interpell\u00e9 par le Raid"},"content":{"rendered":"<p class=\"intro\">L&rsquo;homme \u00e9tait retranch\u00e9 \u00e0 Canteleu, commune proche de Rouen, avec ses parents. Pour le moment, les autorit\u00e9s n&rsquo;ont pas pr\u00e9cis\u00e9 s&rsquo;il \u00e9tait arm\u00e9 ou non. Il a finalement \u00e9t\u00e9 interpell\u00e9. <\/p>\n<p><a href=\"https:\/\/www.parismatch.com\/actu\/faits-divers\/grenoble-un-homme-arme-et-retranche-avec-son-fils-interpelle-par-le-raid-247689\" rel=\"nofollow noopener\" target=\"_blank\">Un homme qui s\u2019\u00e9tait retranch\u00e9<\/a> \u00e0 son domicile de Canteleu, une commune de Seine-Maritime ce mercredi 19\u00a0novembre, a \u00e9t\u00e9 interpell\u00e9 peu avant 11\u00a0heures, a appris Paris Match. \u00c0 l\u2019int\u00e9rieur de l\u2019appartement, l\u2019homme se trouvait avec ses parents et l\u2019immeuble dans lequel les trois personnes \u00e9taient enferm\u00e9es a \u00e9t\u00e9 \u00e9vacu\u00e9.<\/p>\n<p>Le Raid sur place<\/p>\n<p>Devant l\u2019avenue Gounord, o\u00f9 se situe l\u2019habitation, le Raid a \u00e9t\u00e9 d\u00e9clench\u00e9 pour tenter de faire sortir le forcen\u00e9, qui a finalement \u00e9t\u00e9 interpell\u00e9 \u00ab\u00a0sans incident\u00a0\u00bb. Sur son compte X, la police nationale du d\u00e9partement avait indiqu\u00e9 qu\u2019une \u00ab\u00a0op\u00e9ration est en cours\u00a0\u00bb dans la rue et demande aux habitants d\u2019\u00e9viter le secteur. \u00ab\u00a0Le quartier est s\u00e9curis\u00e9, et la circulation peut reprendre normalement\u00a0\u00bb, pr\u00e9cise d\u00e9sormais le tribunal.<\/p>\n<p>    La suite apr\u00e8s cette publicit\u00e9<\/p>\n<p>Pour le moment, les autorit\u00e9s n\u2019ont pas pr\u00e9cis\u00e9 si l\u2019homme \u00e9tait arm\u00e9 ou non. \u00ab\u00a0Les op\u00e9rations sont en cours, et toutes les autorit\u00e9s sont pr\u00e9sentes sur place pour g\u00e9rer la situation\u00a0\u00bb, pr\u00e9cise le parquet de Rouen.<\/p>\n","protected":false},"excerpt":{"rendered":"L&rsquo;homme \u00e9tait retranch\u00e9 \u00e0 Canteleu, commune proche de Rouen, avec ses parents. Pour le moment, les autorit\u00e9s n&rsquo;ont&hellip;\n","protected":false},"author":2,"featured_media":544715,"comment_status":"","ping_status":"","sticky":false,"template":"","format":"standard","meta":{"footnotes":""},"categories":[9587],"tags":[1111,11,1777,674,1011,27,12,5161,25,9590],"class_list":{"0":"post-544714","1":"post","2":"type-post","3":"status-publish","4":"format-standard","5":"has-post-thumbnail","7":"category-rouen","8":"tag-actu","9":"tag-actualites","10":"tag-eu","11":"tag-europe","12":"tag-fr","13":"tag-france","14":"tag-news","15":"tag-normandie","16":"tag-republique-francaise","17":"tag-rouen"},"share_on_mastodon":{"url":"https:\/\/pubeurope.com\/@fr\/115576520273006129","error":""},"_links":{"self":[{"href":"https:\/\/www.europesays.com\/fr\/wp-json\/wp\/v2\/posts\/544714","targetHints":{"allow":["GET"]}}],"collection":[{"href":"https:\/\/www.europesays.com\/fr\/wp-json\/wp\/v2\/posts"}],"about":[{"href":"https:\/\/www.europesays.com\/fr\/wp-json\/wp\/v2\/types\/post"}],"author":[{"embeddable":true,"href":"https:\/\/www.europesays.com\/fr\/wp-json\/wp\/v2\/users\/2"}],"replies":[{"embeddable":true,"href":"https:\/\/www.europesays.com\/fr\/wp-json\/wp\/v2\/comments?post=544714"}],"version-history":[{"count":0,"href":"https:\/\/www.europesays.com\/fr\/wp-json\/wp\/v2\/posts\/544714\/revisions"}],"wp:featuredmedia":[{"embeddable":true,"href":"https:\/\/www.europesays.com\/fr\/wp-json\/wp\/v2\/media\/544715"}],"wp:attachment":[{"href":"https:\/\/www.europesays.com\/fr\/wp-json\/wp\/v2\/media?parent=544714"}],"wp:term":[{"taxonomy":"category","embeddable":true,"href":"https:\/\/www.europesays.com\/fr\/wp-json\/wp\/v2\/categories?post=544714"},{"taxonomy":"post_tag","embeddable":true,"href":"https:\/\/www.europesays.com\/fr\/wp-json\/wp\/v2\/tags?post=544714"}],"curies":[{"name":"wp","href":"https:\/\/api.w.org\/{rel}","templated":true}]}}