{"id":544716,"date":"2025-11-19T13:09:14","date_gmt":"2025-11-19T13:09:14","guid":{"rendered":"https:\/\/www.europesays.com\/fr\/544716\/"},"modified":"2025-11-19T13:09:14","modified_gmt":"2025-11-19T13:09:14","slug":"pres-de-grenoble-un-rodeo-urbain-a-moto-en-pleine-journee-degenere-dans-cette-commune","status":"publish","type":"post","link":"https:\/\/www.europesays.com\/fr\/544716\/","title":{"rendered":"Pr\u00e8s de Grenoble. Un rod\u00e9o urbain \u00e0 moto en pleine journ\u00e9e d\u00e9g\u00e9n\u00e8re dans cette commune"},"content":{"rendered":"<p>                    Par<br \/>\n        <strong><br \/>\n            <a href=\"https:\/\/actu.fr\/auteur\/lisa-rodrigues\" title=\"Consulter tous les articles de Lisa Rodrigues\" target=\"_blank\" rel=\"noopener\">Lisa Rodrigues<\/a><br \/>\n                    <\/strong><\/p>\n<p>        Publi\u00e9 le<\/p>\n<p>            19 nov. 2025 \u00e0 10h22        <\/p>\n<p>Les faits se sont d\u00e9roul\u00e9s en pleine journ\u00e9e, sur le mail Marcel-Cachin \u00e0 Fontaine, pr\u00e8s de <a href=\"https:\/\/actu.fr\/auvergne-rhone-alpes\/grenoble_38185\" target=\"_blank\" rel=\"noopener\">Grenoble<\/a>, mardi 18 novembre.<\/p>\n<p class=\" wall-content\">En d\u00e9but d\u2019apr\u00e8s-midi, aux alentours de 14h30, un \u00e9quipage de la police municipale rep\u00e8re un <strong>individu \u00e0 moto, en plein rod\u00e9o urbain<\/strong>. Les agents proc\u00e8dent donc \u00e0 l\u2019interpellation du conducteur, mais la situation a rapidement d\u00e9g\u00e9n\u00e9r\u00e9.<\/p>\n<p>    <a href=\"https:\/\/www.google.com\/maps\/embed?pb=!1m18!1m12!1m3!1d2364.2482195834!2d5.689230697731491!3d45.19558132012893!2m3!1f0!2f0!3f0!3m2!1i1024!2i768!4f13.1!3m3!1m2!1s0x478af3752ce44917%3A0x5fcf639729446dc6!2sMail%20Marcel%20Cachin%2C%2038600%20Fontaine!5e0!3m2!1sfr!2sfr!4v1763542554220!5m2!1sfr!2sfr\" title=\"Ouvrie le lien\" target=\"_blank\" rel=\"noopener\">Cliquez ici pour visualiser le contenu<\/a><\/p>\n<p>Un policier \u00ab\u00a0tra\u00een\u00e9 au sol\u00a0\u00bb<\/p>\n<p class=\" wall-content\">D\u2019autres personnes arrivent sur les lieux, \u00ab\u00a0des individus du quartier\u00a0\u00bb selon les forces de l\u2019ordre, s\u2019opposant \u00e0 l\u2019interpellation du conducteur de la moto, qui a pu prendre la fuite.<\/p>\n<p class=\" wall-content\">Les <strong>\u00e9changes se sont envenim\u00e9s<\/strong> entre le groupe et les policiers municipaux. Dans le feu de l\u2019action, l\u2019un des agents \u00ab\u00a0a \u00e9t\u00e9 tra\u00een\u00e9 au sol par un individu\u00a0\u00bb, pr\u00e9cise la Direction interd\u00e9partementale de la police nationale.\u00a0<\/p>\n<p class=\" wall-content\">L\u00e9g\u00e8rement bless\u00e9 sur le bas du corps, le policier municipal souffre de dermabrasions (des l\u00e9sions de l\u2019\u00e9piderme qui a \u00e9t\u00e9 en partie arrach\u00e9).<\/p>\n<p>Votre r\u00e9gion, votre actu !<\/p>\n<p>Recevez chaque jour les infos qui comptent pour vous.<\/p>\n<p>\t<a href=\"https:\/\/actu.fr\/newsletter\" class=\"ac-btn ac-btn--corner ac-btn--medium ac-btn--blue800\" target=\"_blank\" rel=\"noopener\">S&rsquo;incrire<\/a><br \/>\nUne interpellation r\u00e9alis\u00e9e<\/p>\n<p class=\" wall-content\">L\u2019auteur pr\u00e9sum\u00e9 des faits est, comme le conducteur de la moto, actuellement <strong>en fuite<\/strong>.<\/p>\n<p class=\" wall-content\">Parmi le groupe d\u2019individus hostiles, seul un homme de 21 ans a pu \u00eatre interpell\u00e9 pour violences sur personne d\u00e9positaire de l\u2019autorit\u00e9 publique et outrages.<\/p>\n<p class=\" wall-content\">Personnalisez votre actualit\u00e9 en ajoutant vos villes et m\u00e9dias en favori avec <a href=\"https:\/\/moncompte.actu.fr\" title=\"D\u00e9couvez Mon Actu\" rel=\"nofollow noopener\" data-trk=\"{&quot;cta&quot;:{&quot;action&quot;:&quot;https:\\\/\\\/moncompte.actu.fr&quot;,&quot;category&quot;:&quot;mon compte&quot;,&quot;from&quot;:&quot;article footer&quot;,&quot;name&quot;:&quot;Mon actu&quot;,&quot;type&quot;:&quot;cta&quot;}}\" target=\"_blank\">Mon Actu<\/a>.<\/p>\n","protected":false},"excerpt":{"rendered":"Par Lisa Rodrigues Publi\u00e9 le 19 nov. 2025 \u00e0 10h22 Les faits se sont d\u00e9roul\u00e9s en pleine journ\u00e9e,&hellip;\n","protected":false},"author":2,"featured_media":544717,"comment_status":"","ping_status":"","sticky":false,"template":"","format":"standard","meta":{"footnotes":""},"categories":[9566],"tags":[1111,11,2430,1777,674,118,1011,27,2731,2825,12,1072,25],"class_list":{"0":"post-544716","1":"post","2":"type-post","3":"status-publish","4":"format-standard","5":"has-post-thumbnail","7":"category-grenoble","8":"tag-actu","9":"tag-actualites","10":"tag-auvergne-rhone-alpes","11":"tag-eu","12":"tag-europe","13":"tag-faits-divers","14":"tag-fr","15":"tag-france","16":"tag-grenoble","17":"tag-insecurite","18":"tag-news","19":"tag-police","20":"tag-republique-francaise"},"share_on_mastodon":{"url":"https:\/\/pubeurope.com\/@fr\/115576528209231162","error":""},"_links":{"self":[{"href":"https:\/\/www.europesays.com\/fr\/wp-json\/wp\/v2\/posts\/544716","targetHints":{"allow":["GET"]}}],"collection":[{"href":"https:\/\/www.europesays.com\/fr\/wp-json\/wp\/v2\/posts"}],"about":[{"href":"https:\/\/www.europesays.com\/fr\/wp-json\/wp\/v2\/types\/post"}],"author":[{"embeddable":true,"href":"https:\/\/www.europesays.com\/fr\/wp-json\/wp\/v2\/users\/2"}],"replies":[{"embeddable":true,"href":"https:\/\/www.europesays.com\/fr\/wp-json\/wp\/v2\/comments?post=544716"}],"version-history":[{"count":0,"href":"https:\/\/www.europesays.com\/fr\/wp-json\/wp\/v2\/posts\/544716\/revisions"}],"wp:featuredmedia":[{"embeddable":true,"href":"https:\/\/www.europesays.com\/fr\/wp-json\/wp\/v2\/media\/544717"}],"wp:attachment":[{"href":"https:\/\/www.europesays.com\/fr\/wp-json\/wp\/v2\/media?parent=544716"}],"wp:term":[{"taxonomy":"category","embeddable":true,"href":"https:\/\/www.europesays.com\/fr\/wp-json\/wp\/v2\/categories?post=544716"},{"taxonomy":"post_tag","embeddable":true,"href":"https:\/\/www.europesays.com\/fr\/wp-json\/wp\/v2\/tags?post=544716"}],"curies":[{"name":"wp","href":"https:\/\/api.w.org\/{rel}","templated":true}]}}