{"id":544720,"date":"2025-11-19T13:11:13","date_gmt":"2025-11-19T13:11:13","guid":{"rendered":"https:\/\/www.europesays.com\/fr\/544720\/"},"modified":"2025-11-19T13:11:13","modified_gmt":"2025-11-19T13:11:13","slug":"elle-a-crie-et-sest-debattue-un-automobiliste-renverse-une-cycliste-avant-de-tenter-de-la-violer-en-pleine-rue-a-rennes","status":"publish","type":"post","link":"https:\/\/www.europesays.com\/fr\/544720\/","title":{"rendered":"\u00ab\u00a0Elle a cri\u00e9 et s\u2019est d\u00e9battue\u00a0\u00bb\u00a0: un automobiliste renverse une cycliste avant de tenter de la violer en pleine rue \u00e0 Rennes"},"content":{"rendered":"<p class=\"paragraph text_align_left lp-f-body-02\">C\u2019est un trajet qui a vir\u00e9 au cauchemar pour la victime. Une jeune femme, qui circulait \u00e0 v\u00e9lo, a \u00e9t\u00e9 volontairement renvers\u00e9e par un automobiliste qui a ensuite tent\u00e9 de la violer, mardi 11 novembre \u00e0 Rennes (<a href=\"https:\/\/www.leparisien.fr\/ille-et-vilaine-35\/\" target=\"_blank\" rel=\"noreferrer nofollow noopener\">Ille-et-Vilaine<\/a>), a fait savoir le parquet de la ville au Parisien, confirmant <a href=\"https:\/\/www.rennes-infos-autrement.fr\/un-homme-renverse-une-cycliste-et-tente-de-la-violer-info-ria\/\" target=\"_blank\" rel=\"noreferrer nofollow noopener\">une information du m\u00e9dia Rennes Info Autrement<\/a>.<\/p>\n<p class=\"paragraph text_align_left lp-f-body-02\">Ce soir-l\u00e0, la jeune femme, qui sortait de son cours de th\u00e9\u00e2tre, a enfourch\u00e9 son v\u00e9lo pour rentrer chez elle. Mais alors qu\u2019elle roulait sur le c\u00f4t\u00e9 de la route, un automobiliste l\u2019a percut\u00e9 volontairement, la projetant au sol.<\/p>\n<p>L\u2019homme sous curatelle<\/p>\n<p class=\"paragraph text_align_left lp-f-body-02\">Apr\u00e8s s\u2019\u00eatre gar\u00e9, l\u2019individu s\u2019est dirig\u00e9 vers la jeune femme, \u00ab l\u2019a pouss\u00e9e, mise par terre et s\u2019est mis sur elle en la tenant avec une main, essayant de lui arracher son collant avec l\u2019autre main \u00bb, selon le parquet de Rennes. L\u2019homme a alors tent\u00e9 de \u00ab la p\u00e9n\u00e9trer sexuellement avec les doigts \u00bb, mais il en a \u00ab \u00e9t\u00e9 emp\u00each\u00e9 par la tenue vestimentaire de la victime \u00bb, poursuit le parquet.<\/p>\n<p class=\"paragraph text_align_left lp-f-body-02\">Les cris de la jeune femme, qui \u00ab s\u2019est d\u00e9battue \u00bb, ont alert\u00e9 des t\u00e9moins pr\u00e9sents \u00e0 proximit\u00e9, qui \u00ab ont mis l\u2019auteur en fuite \u00bb, avant de composer le 17. L\u2019agresseur, lui, a tent\u00e9 de prendre la fuite avec le v\u00e9lo de la victime, qui a r\u00e9sist\u00e9. Il est finalement reparti \u00e0 pied, avant d\u2019\u00eatre \u00ab interpell\u00e9 \u00e0 proximit\u00e9 par les effectifs de la brigade anticriminalit\u00e9 (BAC) \u00bb.<\/p>\n<p class=\"lp-card-podcast-highlighting__title  lp-f-subtitle-05\">[2\/2] Mus\u00e9e Marmottan\u00a0: le vol spectaculaire d\u2019un chef-d\u2019\u0153uvre de Monet<\/p>\n<p class=\"lp-card-podcast-highlighting__description lp-f-ui-05\">Crime story raconte chaque semaine les grandes affaires criminelles.<\/p>\n<p><a class=\"lp-card-podcast-highlighting__call-to-action\" data-page-type=\"HP\" data-block-name=\"podcast-highlight\">\u00c9couter<\/a><\/p>\n<p class=\"paragraph text_align_left lp-f-body-02\">En \u00e9tat de choc, la jeune femme s\u2019est vue d\u00e9livrer 4 jours d\u2019incapacit\u00e9 totale de travail (ITT). Le suspect, sous curatelle, a \u00e9t\u00e9 entendu. Devant les policiers, il a reconnu les faits. <a href=\"https:\/\/www.lefigaro.fr\/faits-divers\/rennes-un-automobiliste-renverse-une-cycliste-puis-tente-de-la-violer-20251118\" target=\"_blank\" rel=\"noreferrer nofollow noopener\">Selon nos confr\u00e8res du Figaro<\/a>, l\u2019homme, \u00e2g\u00e9 de 33 ans \u00ab \u00e9tait inconnu des services de police \u00bb.<\/p>\n<p class=\"paragraph text_align_left lp-f-body-02\">\u00c0 l\u2019issue de sa garde \u00e0 vue, le trentenaire a \u00e9t\u00e9 pr\u00e9sent\u00e9 \u00e0 la justice le 13 novembre. Il sera jug\u00e9 dans le cadre d\u2019une comparution \u00e0 d\u00e9lai diff\u00e9r\u00e9 le 12 janvier 2026, \u00ab une expertise psychiatrique devant \u00eatre r\u00e9alis\u00e9e d\u2019ici \u00e0 cette date \u00bb, pr\u00e9cise le parquet de Rennes. Conform\u00e9ment aux r\u00e9quisitions du parquet, il a \u00e9t\u00e9 plac\u00e9 en d\u00e9tention provisoire.<\/p>\n","protected":false},"excerpt":{"rendered":"C\u2019est un trajet qui a vir\u00e9 au cauchemar pour la victime. Une jeune femme, qui circulait \u00e0 v\u00e9lo,&hellip;\n","protected":false},"author":2,"featured_media":536696,"comment_status":"","ping_status":"","sticky":false,"template":"","format":"standard","meta":{"footnotes":""},"categories":[2821],"tags":[1111,11,829,459,1777,674,118,1011,27,12,584,25],"class_list":{"0":"post-544720","1":"post","2":"type-post","3":"status-publish","4":"format-standard","5":"has-post-thumbnail","7":"category-rennes","8":"tag-actu","9":"tag-actualites","10":"tag-bretagne","11":"tag-departements-horsidfo","12":"tag-eu","13":"tag-europe","14":"tag-faits-divers","15":"tag-fr","16":"tag-france","17":"tag-news","18":"tag-rennes","19":"tag-republique-francaise"},"share_on_mastodon":{"url":"https:\/\/pubeurope.com\/@fr\/115576536127105737","error":""},"_links":{"self":[{"href":"https:\/\/www.europesays.com\/fr\/wp-json\/wp\/v2\/posts\/544720","targetHints":{"allow":["GET"]}}],"collection":[{"href":"https:\/\/www.europesays.com\/fr\/wp-json\/wp\/v2\/posts"}],"about":[{"href":"https:\/\/www.europesays.com\/fr\/wp-json\/wp\/v2\/types\/post"}],"author":[{"embeddable":true,"href":"https:\/\/www.europesays.com\/fr\/wp-json\/wp\/v2\/users\/2"}],"replies":[{"embeddable":true,"href":"https:\/\/www.europesays.com\/fr\/wp-json\/wp\/v2\/comments?post=544720"}],"version-history":[{"count":0,"href":"https:\/\/www.europesays.com\/fr\/wp-json\/wp\/v2\/posts\/544720\/revisions"}],"wp:featuredmedia":[{"embeddable":true,"href":"https:\/\/www.europesays.com\/fr\/wp-json\/wp\/v2\/media\/536696"}],"wp:attachment":[{"href":"https:\/\/www.europesays.com\/fr\/wp-json\/wp\/v2\/media?parent=544720"}],"wp:term":[{"taxonomy":"category","embeddable":true,"href":"https:\/\/www.europesays.com\/fr\/wp-json\/wp\/v2\/categories?post=544720"},{"taxonomy":"post_tag","embeddable":true,"href":"https:\/\/www.europesays.com\/fr\/wp-json\/wp\/v2\/tags?post=544720"}],"curies":[{"name":"wp","href":"https:\/\/api.w.org\/{rel}","templated":true}]}}