{"id":544723,"date":"2025-11-19T13:13:11","date_gmt":"2025-11-19T13:13:11","guid":{"rendered":"https:\/\/www.europesays.com\/fr\/544723\/"},"modified":"2025-11-19T13:13:11","modified_gmt":"2025-11-19T13:13:11","slug":"un-autre-chantier-ne-sera-pas-termine-avant-le-marche-de-noel-comme-prevu-voici-lequel","status":"publish","type":"post","link":"https:\/\/www.europesays.com\/fr\/544723\/","title":{"rendered":"un autre chantier ne sera pas termin\u00e9 avant le march\u00e9 de No\u00ebl comme pr\u00e9vu, voici lequel"},"content":{"rendered":"<p>                    Par<br \/>\n        <strong><br \/>\n            <a href=\"https:\/\/actu.fr\/auteur\/thomas-blanc\" title=\"Consulter tous les articles de Thomas Blanc\" target=\"_blank\" rel=\"noopener\">Thomas Blanc<\/a><br \/>\n                    <\/strong><\/p>\n<p>        Publi\u00e9 le<\/p>\n<p>            19 nov. 2025 \u00e0 14h04        <\/p>\n<p>Les <a href=\"https:\/\/actu.fr\/grand-est\/strasbourg_67482\/strasbourg-les-habitants-des-halles-conciliants-malgre-les-travaux-massifs-c-est-pas-trop-mal-organise_63377271.html\" target=\"_blank\" rel=\"noopener\">travaux du secteur des Halles<\/a> se poursuivent depuis novembre\u00a02024. \u00c0 la fin du mois de septembre\u00a02025, <strong>Jeanne Barseghian<\/strong>, maire de Strasbourg, <a href=\"https:\/\/actu.fr\/grand-est\/strasbourg_67482\/strasbourg-la-maire-promet-que-tous-les-gros-chantiers-de-la-ville-seront-finis-avant-le-marche-de-noel-2025_63205348.html\" target=\"_blank\" rel=\"noopener\">avait annonc\u00e9 que les travaux dans ce quartier seraient termin\u00e9s avant le d\u00e9but du march\u00e9 de No\u00ebl<\/a>. S\u2019il est d\u00e9j\u00e0 officiel que <a href=\"https:\/\/actu.fr\/grand-est\/strasbourg_67482\/strasbourg-ce-chantier-ne-sera-pas-fini-avant-le-marche-de-noel-comme-promis_63400563.html\" target=\"_blank\" rel=\"noopener\">la bretelle des Halles ne sera pas empruntable pour cette p\u00e9riode<\/a>, il est<strong> un autre chantier du quartier qui ne sera pas fini<\/strong> dans les temps annonc\u00e9s.<\/p>\n<p>Le square des Halles ne sera pas accessible le 20\u00a0novembre<\/p>\n<p class=\" wall-content\">Le square, permis par la suppression de la gare routi\u00e8re \u00e0 l\u2019arri\u00e8re du centre commercial Place des Halles, ne sera pas livr\u00e9 ce jeudi, comme initialement pr\u00e9vu.<\/p>\n<p class=\" wall-content\">Lors d\u2019une visite organis\u00e9e ce mercredi, Nassim Robati, cheffe de projet transport \u00e0 l\u2019Eurom\u00e9tropole de Strasbourg, a reconnu : \u00ab\u2009Nous n\u2019aurons pas, comme pr\u00e9vu, tout termin\u00e9 avant le <a href=\"https:\/\/actu.fr\/tag\/marche-de-noel-de-strasbourg\" target=\"_blank\" rel=\"noopener\">march\u00e9 de No\u00ebl<\/a>. <strong>La livraison du mobilier a pris du retard<\/strong>.\u2009\u00bb<\/p>\n<p>Une forme finale en f\u00e9vrier\u00a02026<\/p>\n<p class=\" wall-content\">Concr\u00e8tement, la pose des pelouses, la plantation des arbres et la r\u00e9alisation des all\u00e9es en sol sabl\u00e9 seront faites \u00ab<strong>\u2009pour la fin d\u2019ann\u00e9e<\/strong>\u2009\u00bb, d\u2019apr\u00e8s Mme Robati. La cl\u00f4ture sur-mesure, d\u20191,95 m\u00e8tre de haut, \u00ab<strong>\u2009arrivera en f\u00e9vrier\u00a02026<\/strong>\u2009\u00bb, fait savoir de son c\u00f4t\u00e9 Jeanne Barseghian. <strong>Les bancs<\/strong> seront \u00e9galement install\u00e9s \u00e0 une \u00e9ch\u00e9ance similaire.<\/p>\n<p>    <img   decoding=\"async\" loading=\"lazy\" src=\"https:\/\/www.europesays.com\/fr\/wp-content\/uploads\/2025\/11\/aire-de-jeu-square-des-halles-960x640.jpg\" alt=\"Seule l'aire de jeu centrale est en place bien que non termin\u00e9e.\" width=\"960\" height=\"640\"\/><br \/>\n    Seule l\u2019aire de jeu centrale commence \u00e0 prendre forme bien qu\u2019elle ne soit pas non plus termin\u00e9e. (\u00a9Thomas Blanc \/ Actu Strasbourg)<\/p>\n<p class=\" wall-content\">Ce square, <strong>quatre fois plus \u00e9tendu<\/strong> que celui qui s\u2019y trouvait jusque-l\u00e0, devrait, une fois qu\u2019il sera enti\u00e8rement r\u00e9alis\u00e9, contenir<strong> quatre all\u00e9es<\/strong>, <strong>23 nouveaux arbres<\/strong>, <strong>une aire de jeux<\/strong> pour enfants de 450 m\u00b2 et <strong>un bac \u00e0 sable<\/strong> d\u2019environ 50 m\u00b2.<\/p>\n<p class=\" wall-content\">Personnalisez votre actualit\u00e9 en ajoutant vos villes et m\u00e9dias en favori avec <a href=\"https:\/\/moncompte.actu.fr\" title=\"D\u00e9couvez Mon Actu\" rel=\"nofollow noopener\" data-trk=\"{&quot;cta&quot;:{&quot;action&quot;:&quot;https:\\\/\\\/moncompte.actu.fr&quot;,&quot;category&quot;:&quot;mon compte&quot;,&quot;from&quot;:&quot;article footer&quot;,&quot;name&quot;:&quot;Mon actu&quot;,&quot;type&quot;:&quot;cta&quot;}}\" target=\"_blank\">Mon Actu<\/a>.<\/p>\n","protected":false},"excerpt":{"rendered":"Par Thomas Blanc Publi\u00e9 le 19 nov. 2025 \u00e0 14h04 Les travaux du secteur des Halles se poursuivent&hellip;\n","protected":false},"author":2,"featured_media":544724,"comment_status":"","ping_status":"","sticky":false,"template":"","format":"standard","meta":{"footnotes":""},"categories":[2820],"tags":[1111,11,1777,674,1011,27,775,56596,12,25,104,640,2086],"class_list":{"0":"post-544723","1":"post","2":"type-post","3":"status-publish","4":"format-standard","5":"has-post-thumbnail","7":"category-strasbourg","8":"tag-actu","9":"tag-actualites","10":"tag-eu","11":"tag-europe","12":"tag-fr","13":"tag-france","14":"tag-grand-est","15":"tag-marche-de-noel-de-strasbourg","16":"tag-news","17":"tag-republique-francaise","18":"tag-societe","19":"tag-strasbourg","20":"tag-travaux"},"share_on_mastodon":{"url":"https:\/\/pubeurope.com\/@fr\/115576544959968861","error":""},"_links":{"self":[{"href":"https:\/\/www.europesays.com\/fr\/wp-json\/wp\/v2\/posts\/544723","targetHints":{"allow":["GET"]}}],"collection":[{"href":"https:\/\/www.europesays.com\/fr\/wp-json\/wp\/v2\/posts"}],"about":[{"href":"https:\/\/www.europesays.com\/fr\/wp-json\/wp\/v2\/types\/post"}],"author":[{"embeddable":true,"href":"https:\/\/www.europesays.com\/fr\/wp-json\/wp\/v2\/users\/2"}],"replies":[{"embeddable":true,"href":"https:\/\/www.europesays.com\/fr\/wp-json\/wp\/v2\/comments?post=544723"}],"version-history":[{"count":0,"href":"https:\/\/www.europesays.com\/fr\/wp-json\/wp\/v2\/posts\/544723\/revisions"}],"wp:featuredmedia":[{"embeddable":true,"href":"https:\/\/www.europesays.com\/fr\/wp-json\/wp\/v2\/media\/544724"}],"wp:attachment":[{"href":"https:\/\/www.europesays.com\/fr\/wp-json\/wp\/v2\/media?parent=544723"}],"wp:term":[{"taxonomy":"category","embeddable":true,"href":"https:\/\/www.europesays.com\/fr\/wp-json\/wp\/v2\/categories?post=544723"},{"taxonomy":"post_tag","embeddable":true,"href":"https:\/\/www.europesays.com\/fr\/wp-json\/wp\/v2\/tags?post=544723"}],"curies":[{"name":"wp","href":"https:\/\/api.w.org\/{rel}","templated":true}]}}