{"id":544731,"date":"2025-11-19T13:17:12","date_gmt":"2025-11-19T13:17:12","guid":{"rendered":"https:\/\/www.europesays.com\/fr\/544731\/"},"modified":"2025-11-19T13:17:12","modified_gmt":"2025-11-19T13:17:12","slug":"au-sud-de-nantes-cet-ancien-gendarme-ouvre-une-agence-immobiliere","status":"publish","type":"post","link":"https:\/\/www.europesays.com\/fr\/544731\/","title":{"rendered":"Au sud de Nantes, cet ancien gendarme ouvre une agence immobili\u00e8re"},"content":{"rendered":"<p>                    Par<br \/>\n        <strong><br \/>\n            <a href=\"https:\/\/actu.fr\/auteur\/journaliste-cp\" title=\"Consulter tous les articles de R\u00e9daction Courrier du Pays de Retz\" target=\"_blank\" rel=\"noopener\">R\u00e9daction Courrier du Pays de Retz<\/a><br \/>\n                    <\/strong><\/p>\n<p>        Publi\u00e9 le<\/p>\n<p>            19 nov. 2025 \u00e0 14h10        <\/p>\n<p>Dans le cadre d\u2019une reconversion apr\u00e8s une carri\u00e8re dans la gendarmerie, <b>Tony Bourcereau<\/b> a \u00e9t\u00e9 <b>agent immobilier<\/b> pendant cinq ans \u00e0 <b>Saint-Philbert-de-Grand Lieu<\/b>.<\/p>\n<p class=\" wall-content\">Titulaire d\u2019un bachelor de responsable affaires immobili\u00e8res, il occupe aujourd\u2019hui le poste de responsable d\u2019agence \u00e0<a href=\"https:\/\/actu.fr\/pays-de-la-loire\/pont-saint-martin_44130\" target=\"_blank\" rel=\"noopener\"> Pont Saint-Martin<\/a> au sein de la <b>franchise Nestenn<\/b> qui compte 400 agences en France.<\/p>\n<p class=\" wall-content\">L\u2019\u00e9quipe de quatre personnes, dont deux n\u00e9gociateurs, g\u00e8re la <b>gestion locative<\/b> et la <b>vente de biens immobiliers sur le secteur de Bouguenais, Bouaye, Saint-Aignan-de-Grand-Lieu, Pont-Saint-Martin, La Chevroli\u00e8re, Saint-Philbert-de-Grand-Lieu, Geneston, Le Bignon, Montbert<\/b>.<\/p>\n<p class=\" wall-content\">\u00ab\u2009Nestenn se d\u00e9marque par son estimation en ligne et ses outils digitaux\u2009\u00bb, indique Tony Bourcereau.<\/p>\n<p>Aagence immobili\u00e8re Nestenn, 97, rue de Nantes, Pont Saint-Martin. Contacts\u2009: 02\u200928\u200991\u200999\u200976 ou 07\u200983\u200907\u200999\u200918.<\/p>\n<p class=\" wall-content\">Personnalisez votre actualit\u00e9 en ajoutant vos villes et m\u00e9dias en favori avec <a href=\"https:\/\/moncompte.actu.fr\" title=\"D\u00e9couvez Mon Actu\" rel=\"nofollow noopener\" data-trk=\"{&quot;cta&quot;:{&quot;action&quot;:&quot;https:\\\/\\\/moncompte.actu.fr&quot;,&quot;category&quot;:&quot;mon compte&quot;,&quot;from&quot;:&quot;article footer&quot;,&quot;name&quot;:&quot;Mon actu&quot;,&quot;type&quot;:&quot;cta&quot;}}\" target=\"_blank\">Mon Actu<\/a>.<\/p>\n","protected":false},"excerpt":{"rendered":"Par R\u00e9daction Courrier du Pays de Retz Publi\u00e9 le 19 nov. 2025 \u00e0 14h10 Dans le cadre d\u2019une&hellip;\n","protected":false},"author":2,"featured_media":544732,"comment_status":"","ping_status":"","sticky":false,"template":"","format":"standard","meta":{"footnotes":""},"categories":[2818],"tags":[1111,11,344,33,1777,674,1011,27,766,12,2636,25],"class_list":{"0":"post-544731","1":"post","2":"type-post","3":"status-publish","4":"format-standard","5":"has-post-thumbnail","7":"category-nantes","8":"tag-actu","9":"tag-actualites","10":"tag-creation-dentreprise","11":"tag-economie","12":"tag-eu","13":"tag-europe","14":"tag-fr","15":"tag-france","16":"tag-nantes","17":"tag-news","18":"tag-pays-de-la-loire","19":"tag-republique-francaise"},"share_on_mastodon":{"url":"https:\/\/pubeurope.com\/@fr\/115576559678169052","error":""},"_links":{"self":[{"href":"https:\/\/www.europesays.com\/fr\/wp-json\/wp\/v2\/posts\/544731","targetHints":{"allow":["GET"]}}],"collection":[{"href":"https:\/\/www.europesays.com\/fr\/wp-json\/wp\/v2\/posts"}],"about":[{"href":"https:\/\/www.europesays.com\/fr\/wp-json\/wp\/v2\/types\/post"}],"author":[{"embeddable":true,"href":"https:\/\/www.europesays.com\/fr\/wp-json\/wp\/v2\/users\/2"}],"replies":[{"embeddable":true,"href":"https:\/\/www.europesays.com\/fr\/wp-json\/wp\/v2\/comments?post=544731"}],"version-history":[{"count":0,"href":"https:\/\/www.europesays.com\/fr\/wp-json\/wp\/v2\/posts\/544731\/revisions"}],"wp:featuredmedia":[{"embeddable":true,"href":"https:\/\/www.europesays.com\/fr\/wp-json\/wp\/v2\/media\/544732"}],"wp:attachment":[{"href":"https:\/\/www.europesays.com\/fr\/wp-json\/wp\/v2\/media?parent=544731"}],"wp:term":[{"taxonomy":"category","embeddable":true,"href":"https:\/\/www.europesays.com\/fr\/wp-json\/wp\/v2\/categories?post=544731"},{"taxonomy":"post_tag","embeddable":true,"href":"https:\/\/www.europesays.com\/fr\/wp-json\/wp\/v2\/tags?post=544731"}],"curies":[{"name":"wp","href":"https:\/\/api.w.org\/{rel}","templated":true}]}}