{"id":544739,"date":"2025-11-19T13:21:14","date_gmt":"2025-11-19T13:21:14","guid":{"rendered":"https:\/\/www.europesays.com\/fr\/544739\/"},"modified":"2025-11-19T13:21:14","modified_gmt":"2025-11-19T13:21:14","slug":"airbus-poursuit-sur-sa-lancee-deux-nouvelles-commandes-signees","status":"publish","type":"post","link":"https:\/\/www.europesays.com\/fr\/544739\/","title":{"rendered":"Airbus poursuit sur sa lanc\u00e9e : deux nouvelles commandes sign\u00e9es"},"content":{"rendered":"<p>                    Par<br \/>\n        <strong><br \/>\n            <a href=\"https:\/\/actu.fr\/auteur\/guillaume-laurens\" title=\"Consulter tous les articles de Guillaume Laurens\" rel=\"nofollow noopener\" target=\"_blank\">Guillaume Laurens<\/a><br \/>\n                    <\/strong><\/p>\n<p>        Publi\u00e9 le<\/p>\n<p>            19 nov. 2025 \u00e0 13h40        <\/p>\n<p>Encore une journ\u00e9e b\u00e9n\u00e9fique au salon a\u00e9ronautique de Duba\u00ef pour <a href=\"https:\/\/actu.fr\/tag\/airbus\" rel=\"nofollow noopener\" target=\"_blank\"><strong>Airbus<\/strong><\/a>. Apr\u00e8s <a href=\"https:\/\/actu.fr\/occitanie\/toulouse_31555\/airbus-enorme-moisson-de-commandes-pour-le-constructeur-qui-engrange-plus-de-200-engagements-en-un-jour_63452258.html\" rel=\"nofollow noopener\" target=\"_blank\">un mardi prolifique, o\u00f9 il a engrang\u00e9 quelque 212 engagements<\/a> (22 commandes fermes et 190 protocoles d\u2019accord), l\u2019avionneur europ\u00e9en a remis \u00e7a ce <strong>mercredi 19\u00a0novembre 2025,<\/strong> ayant enregistr\u00e9 <strong>deux nouvelles signatures<\/strong> dans la matin\u00e9e, pour un total de 12 avions suppl\u00e9mentaires. Le point.<\/p>\n<p>Silk Way West Airlines\u2009: commande ferme de deux A350F cargo suppl\u00e9mentaires<\/p>\n<p class=\" wall-content\">En d\u00e9but de matin\u00e9e, ce mercredi, Airbus a annonc\u00e9 que la compagnie a\u00e9rienne <strong>Silk Way West Airlines<\/strong>, bas\u00e9e \u00e0 Bakou (Azerba\u00efdjan), avait sign\u00e9 un <strong>contrat ferme<\/strong> pour l\u2019acquisition de <strong>deux avions cargo A350F<\/strong> suppl\u00e9mentaires. Cette commande porte \u00e0 quatre appareils l\u2019engagement total de cette compagnie qui veut renforcer sa \u00ab\u2009position de leader sur le march\u00e9 mondial du fret a\u00e9rien\u2009\u00bb, a affich\u00e9\u00a0<strong>Wolfgang Meier<\/strong>, son pr\u00e9sident.<\/p>\n<p class=\" wall-content\">\u00ab\u2009Cette nouvelle commande de la plus grande compagnie de fret a\u00e9rien de la r\u00e9gion de la mer Caspienne t\u00e9moigne de sa grande confiance, au moment m\u00eame o\u00f9 <strong>l\u2019A350F prend forme<\/strong> sur nos cha\u00eenes d\u2019assemblage\u2009\u00bb, a soulign\u00e9 de son c\u00f4t\u00e9 <strong>Beno\u00eet de Saint-Exup\u00e9ry<\/strong>, directeur g\u00e9n\u00e9ral adjoint des ventes pour la division avions commerciaux d\u2019Airbus.<\/p>\n<p>    <img   decoding=\"async\" loading=\"lazy\" src=\"https:\/\/www.europesays.com\/fr\/wp-content\/uploads\/2025\/11\/silkway-airlines-airbus-960x640.jpg\" alt=\"Silk Way West Airlines a command\u00e9 deux avions-cargos A350F suppl\u00e9mentaires\" width=\"960\" height=\"640\"\/><br \/>\n    Silk Way West Airlines a command\u00e9 deux avions-cargos A350F suppl\u00e9mentaires (\u00a9Airbus)<\/p>\n<p class=\" wall-content\">C\u2019est la <strong>deuxi\u00e8me commande ferme<\/strong> engrang\u00e9e par Airbus pour son tout nouvel avion-cargo \u00e0 Duba\u00ef\u2009: mardi d\u00e9j\u00e0, Etihad Airways s\u2019est offert trois A350F (sur 16 avions en tout), portant son engagement en A350F \u00e0 10 appareils.\u00a0Fin octobre\u00a02025, l\u2019A350F, dont <strong>l\u2019assemblage<\/strong> des appareils d\u2019essai est <strong>en cours \u00e0 Toulouse<\/strong>, avait enregistr\u00e9 un total 74 commandes aupr\u00e8s de 12 clients.<\/p>\n<p>Vid\u00e9os : en ce moment sur ActuQuelles sont les particularit\u00e9s de l&rsquo;A350F, en cours d&rsquo;assemblage \u00e0 Toulouse ?<\/p>\n<p>\u00c9quip\u00e9 des moteurs Rolls-Royce Trent XWB-97 de derni\u00e8re g\u00e9n\u00e9ration, l&rsquo;A350F peut \u00ab\u00a0transporter une charge utile allant jusqu&rsquo;\u00e0 111 tonnes et parcourir 8 700 kilom\u00e8tres\u00a0\u00bb, selon Airbus. Surtout, l&rsquo;appareil est \u00ab\u00a0dot\u00e9 de la plus grande porte cargo de pont principal du secteur, avec une longueur de fuselage et une capacit\u00e9 optimis\u00e9es pour les palettes et conteneurs standard\u00a0\u00bb. Gr\u00e2ce \u00e0 ses \u00ab\u00a0mat\u00e9riaux de pointe\u00a0\u00bb, il affiche \u00ab\u00a0un poids au d\u00e9collage inf\u00e9rieur de 46 tonnes \u00e0 celui de ses concurrents\u00a0\u00bb et des \u00ab\u00a0\u00e9missions de CO2 plus faibles\u00a0\u00bb.<\/p>\n<p>Buraq Air\u2009: protocole d\u2019accord sur 10 avions de la famille A320neo<\/p>\n<p class=\" wall-content\">En fin de matin\u00e9e ce mercredi, Airbus a \u00e9galement annonc\u00e9 que <strong>Buraq Air<\/strong> avait sign\u00e9 au salon a\u00e9ronautique de Duba\u00ef un <strong>protocole d\u2019accord<\/strong> portant sur l\u2019acquisition de <strong>10 appareils de la famille A320neo.<\/strong> La premi\u00e8re compagnie a\u00e9rienne priv\u00e9e libyenne devient ainsi un <strong>nouveau client<\/strong> du constructeur europ\u00e9en.<\/p>\n<p>Votre r\u00e9gion, votre actu !<\/p>\n<p>Recevez chaque jour les infos qui comptent pour vous.<\/p>\n<p>\t<a href=\"https:\/\/actu.fr\/newsletter\" class=\"ac-btn ac-btn--corner ac-btn--medium ac-btn--blue800\" rel=\"nofollow noopener\" target=\"_blank\">S&rsquo;incrire<\/a><\/p>\n<p>    <img   decoding=\"async\" loading=\"lazy\" src=\"https:\/\/www.europesays.com\/fr\/wp-content\/uploads\/2025\/11\/buraq-air-airbusrendering-960x640.jpg\" alt=\"Buraq Air a confirm\u00e9 un protocole d'accord sur 10 avions de la famille A320neo\" width=\"960\" height=\"640\"\/><br \/>\n    Buraq Air a confirm\u00e9 un protocole d\u2019accord sur 10 avions de la famille A320neo (\u00a9Airbus)L\u2019A320, le monocouloir le plus vendu au monde<\/p>\n<p class=\" wall-content\">Pour rappel, <a href=\"https:\/\/actu.fr\/occitanie\/toulouse_31555\/airbus-booste-ses-livraisons-d-a320-pour-detroner-son-eternel-rival-boeing_63274732.html\" rel=\"nofollow noopener\" target=\"_blank\">la famille A320 devance d\u00e9sormais le l\u00e9gendaire 737 de Boeing, <\/a>\u00e9tant r\u00e9cemment parvenue \u00e0 s\u2019imposer comme <strong>l\u2019avion monocouloir le plus vendu au monde<\/strong>, avec <strong>plus de 19\u2009000 commandes<\/strong> \u00e0 travers le globe. Cette famille d\u2019avions comprend notamment l\u2019A321neo, le plus grand mod\u00e8le de la famille, qui offre la meilleure autonomie du march\u00e9.<\/p>\n<p class=\" wall-content\">Fin octobre\u00a02025, la famille A320neo avait enregistr\u00e9<strong> plus de 11\u2009300 commandes<\/strong> aupr\u00e8s de 150 clients \u00e0 travers le monde.<\/p>\n<p class=\" wall-content\">Personnalisez votre actualit\u00e9 en ajoutant vos villes et m\u00e9dias en favori avec <a href=\"https:\/\/moncompte.actu.fr\" title=\"D\u00e9couvez Mon Actu\" rel=\"nofollow noopener\" data-trk=\"{&quot;cta&quot;:{&quot;action&quot;:&quot;https:\\\/\\\/moncompte.actu.fr&quot;,&quot;category&quot;:&quot;mon compte&quot;,&quot;from&quot;:&quot;article footer&quot;,&quot;name&quot;:&quot;Mon actu&quot;,&quot;type&quot;:&quot;cta&quot;}}\" target=\"_blank\">Mon Actu<\/a>.<\/p>\n","protected":false},"excerpt":{"rendered":"Par Guillaume Laurens Publi\u00e9 le 19 nov. 2025 \u00e0 13h40 Encore une journ\u00e9e b\u00e9n\u00e9fique au salon a\u00e9ronautique de&hellip;\n","protected":false},"author":2,"featured_media":544740,"comment_status":"","ping_status":"","sticky":false,"template":"","format":"standard","meta":{"footnotes":""},"categories":[2816],"tags":[1111,11,296,36,33,1777,674,1011,27,12,2680,25,2312],"class_list":{"0":"post-544739","1":"post","2":"type-post","3":"status-publish","4":"format-standard","5":"has-post-thumbnail","7":"category-toulouse","8":"tag-actu","9":"tag-actualites","10":"tag-aeronautique","11":"tag-airbus","12":"tag-economie","13":"tag-eu","14":"tag-europe","15":"tag-fr","16":"tag-france","17":"tag-news","18":"tag-occitanie","19":"tag-republique-francaise","20":"tag-toulouse"},"share_on_mastodon":{"url":"https:\/\/pubeurope.com\/@fr\/115576576285080553","error":""},"_links":{"self":[{"href":"https:\/\/www.europesays.com\/fr\/wp-json\/wp\/v2\/posts\/544739","targetHints":{"allow":["GET"]}}],"collection":[{"href":"https:\/\/www.europesays.com\/fr\/wp-json\/wp\/v2\/posts"}],"about":[{"href":"https:\/\/www.europesays.com\/fr\/wp-json\/wp\/v2\/types\/post"}],"author":[{"embeddable":true,"href":"https:\/\/www.europesays.com\/fr\/wp-json\/wp\/v2\/users\/2"}],"replies":[{"embeddable":true,"href":"https:\/\/www.europesays.com\/fr\/wp-json\/wp\/v2\/comments?post=544739"}],"version-history":[{"count":0,"href":"https:\/\/www.europesays.com\/fr\/wp-json\/wp\/v2\/posts\/544739\/revisions"}],"wp:featuredmedia":[{"embeddable":true,"href":"https:\/\/www.europesays.com\/fr\/wp-json\/wp\/v2\/media\/544740"}],"wp:attachment":[{"href":"https:\/\/www.europesays.com\/fr\/wp-json\/wp\/v2\/media?parent=544739"}],"wp:term":[{"taxonomy":"category","embeddable":true,"href":"https:\/\/www.europesays.com\/fr\/wp-json\/wp\/v2\/categories?post=544739"},{"taxonomy":"post_tag","embeddable":true,"href":"https:\/\/www.europesays.com\/fr\/wp-json\/wp\/v2\/tags?post=544739"}],"curies":[{"name":"wp","href":"https:\/\/api.w.org\/{rel}","templated":true}]}}