{"id":54474,"date":"2025-04-26T13:24:09","date_gmt":"2025-04-26T13:24:09","guid":{"rendered":"https:\/\/www.europesays.com\/fr\/54474\/"},"modified":"2025-04-26T13:24:09","modified_gmt":"2025-04-26T13:24:09","slug":"nous-voulons-nager-dans-la-seine-et-dans-les-canaux-dile-de-france","status":"publish","type":"post","link":"https:\/\/www.europesays.com\/fr\/54474\/","title":{"rendered":"Nous voulons nager dans la Seine et dans les canaux d\u2019Ile-de-France"},"content":{"rendered":"<p class=\"latino-300r text-grey-600\">\n      Publi\u00e9 le<\/p>\n<p>    26 avril 2025 \u00e0 11h30<\/p>\n<p>    Lire\u00a0plus\u00a0tard  <\/p>\n<p><a aria-label=\"Nous suivre sur Google News\" href=\"https:\/\/news.google.com\/publications\/CAAqBwgKMJe4nQkw3dFs?hl=fr&amp;gl=FR&amp;ceid=FR%3Afr\" target=\"_blank\" data-piano=\"Page_Article,Sous_date_publi,Nous_suivre_sur_google_news,1er_clic,action\" class=\"btn btn--small btn--secondary\" rel=\"noopener\"><\/p>\n<p>      Google Actualit\u00e9s<br \/>\n  <\/a><\/p>\n<p>  Partager<\/p>\n<p>        Facebook<\/p>\n<p>        Bluesky<\/p>\n<p>        E-mail<\/p>\n<p>        Copier le lien<\/p>\n<p>      Envoyer<\/p>\n<p>    Temps de lecture\u00a0:\u00a05\u00a0min.<\/p>\n<p class=\"article__description latino-600m mb-25 mb-lg-30\" data-oncrawl-chapo-length=\"183\">\n    Loin d\u2019\u00eatre une lubie de \u00ab\u00a0bobos\u00a0\u00bb, la baignade urbaine r\u00e9pond, selon un collectif de nageurs et nageuses d\u2019Ile-de-France, \u00e0 une exigence de justice sociale et \u00e0 l\u2019urgence climatique.<\/p>\n<p class=\"latino-600m text-green-500\">Cet article est une tribune, r\u00e9dig\u00e9e par un auteur ext\u00e9rieur<br \/>\n            au journal et dont le point de vue n\u2019engage pas la r\u00e9daction.<\/p>\n<p class=\"node__paragraphe antonia-750r text-grey-800 pb-20 pb-md-30\">\nAvec le retour du printemps revient la promesse de pouvoir, enfin, se baigner dans la Seine. Pari politique, po\u00e9tique et courageux. Alors que la Ville de Paris travaille actuellement \u00e0 l\u2019ouverture de trois sites de baignade estivale, certains acteurs \u00e9conomiques du fleuve ont exprim\u00e9 leurs craintes de voir ces baigneurs troubler leurs activit\u00e9s. Ils demandent donc \u00e0 restreindre lieux et horaires de baignade. Nous entendons rappeler que l\u2019acc\u00e8s \u00e0 l\u2019eau n\u2019est pas un luxe, ni la lubie de quelques un\u00b7e\u00b7s. Les \u00e9pisodes de canicule pass\u00e9s et \u00e0 venir devraient suffire \u00e0 convaincre les moins concern\u00e9\u00b7es. L\u2019acc\u00e8s \u00e0 l\u2019eau est un enjeu majeur de sant\u00e9 publique et de justice sociale. Ailleurs en Europe, la baignade urbaine est un des piliers de l\u2019adaptation des villes au d\u00e9r\u00e8glement climatique. Paris pourrait cet \u00e9t\u00e9 rejoindre d\u00e9finitivement le club des pionniers audacieux.<\/p>\n<p class=\"node__paragraphe antonia-750r text-grey-800 pb-20 pb-md-30\">\nPr\u00e9occupation de \u00ab\u00a0bobos\u00a0\u00bb\u00a0? Un seul chiffre permet de recentrer le d\u00e9bat. Chaque \u00e9t\u00e9, en Ile-de-France, un million d\u2019enfants ne partent pas en vacances. L\u2019ouverture \u00e0 la baignade dans les 32 infrastructures pr\u00e9vues pour le Grand Paris pourrait aider \u00e0\u00a0promouvoir l\u2019apprentissage de la nage. M\u00ealant sport et \u00e9ducation populaire, la nage urbaine \u00e0 tant \u00e0 apporter aux villes de demain. P\u00e9renniser le retour de la baignade fluviale, permettra \u00e9galement de faire vivre l\u2019id\u00e9e que nos cours d\u2019eau constituent une entit\u00e9 vivante \u00e0 prot\u00e9ger des pollutions et des pollueurs. La pr\u00e9sence de baigneurs permettra de rappeler aux responsables politiques que la qualit\u00e9 de l\u2019eau ne peut se d\u00e9grader sous peine de voir ses citoyen\u00b7nes nageur\u00b7euses tomber malades. Une forme joyeusement partisane, incarn\u00e9e, de d\u00e9couvrir et promouvoir les Droits de la Nature.<\/p>\n<p class=\"latino-500b text-grey-600 pb-15\">A lire aussi<\/p>\n<p><a href=\"https:\/\/www.nouvelobs.com\/sport\/20240717.OBS91252\/on-entend-ca-depuis-chirac-maintenant-que-c-est-fait-j-irai-hidalgo-tient-sa-promesse-de-baignade-dans-la-seine-des-parisiens-sont-tentes.html\" data-article-key=\"20240717.OBS91252\" class=\"link--box flex-grow-1\" data-piano=\"Page_Article,Lire_aussi,,Lien1,navigation\" target=\"_blank\" rel=\"noopener\"><\/p>\n<p>                <img decoding=\"async\" src=\"data:image\/svg+xml,%3Csvg%20xmlns%3D%27http%3A%2F%2Fwww.w3.org%2F2000%2Fsvg%27%20fill%3D%22%23e4e4e4%22%20viewBox%3D%270%200%20120%2080%27%20width%3D%22120%22%20height%3D%2280%22%3E%3Cpath%20d%3D%27M0%200h120v80H0z%27%2F%3E%3C%2Fsvg%3E\"  width=\"120\" height=\"79\" loading=\"lazy\" alt=\"La maire de Paris, Anne Hidalgo, lors de sa baignade dans la Seine, le 17\u00a0juillet 2024.\"\/><\/p>\n<p class=\"latino-300r latino-lg-600m text-grey-800\">\n                      <strong class=\"latino-300b latino-lg-600m text-grey-500\">R\u00e9cit\u00a0<\/strong><br \/>\n                    \u00ab\u00a0On entend \u00e7a depuis Chirac, maintenant que c\u2019est fait, j\u2019irai\u00a0!\u00a0\u00bb\u00a0: Hidalgo tient sa promesse de baignade dans la Seine, des Parisiens sont tent\u00e9s        <\/p>\n<p><\/a><\/p>\n<p>    Lire\u00a0plus\u00a0tard  <\/p>\n<p class=\"node__paragraphe antonia-750r text-grey-800 pb-20 pb-md-30\">\nDans un r\u00e9cent article du \u00ab\u00a0Parisien\u00a0\u00bb du 30 mars 2025, titr\u00e9 <a target=\"_blank\" href=\"https:\/\/www.leparisien.fr\/paris-75\/baignade-dans-la-seine-a-paris-avant-le-grand-plongeon-le-chantier-a-commence-30-03-2025-2EDA4FUIV5BXFFXZUGS5DYM7HM.php#:~:text=Paris-,Baignade%20dans%20la%20Seine%20%C3%A0%20Paris%20%3A%20avant%20le%20grand%20plongeon,%C3%AAtre%20am%C3%A9nag%C3%A9s%20ces%20derniers%20jours.\" rel=\"noopener\">\u00ab\u00a0Baignade dans la Seine \u00e0 Paris\u00a0: avant le grand plongeon, le chantier a commenc\u00e9\u00a0\u00bb<\/a>, de nombreuses entreprises exploitant le fleuve, c\u00e9r\u00e9aliers, cimentiers, BTP, bateaux mouches, s\u2019inqui\u00e8tent des modalit\u00e9s de partage du fleuve. Nous comprenons qu\u2019il est normal qu\u2019apr\u00e8s cent ann\u00e9es de baignade interdite, d\u2019exploitation sans partage, il peut \u00eatre compliqu\u00e9 d\u2019imaginer perdre l\u2019enti\u00e8re exclusivit\u00e9 des voies navigables. La Communaut\u00e9 portuaire de Paris et les Entreprises fluviales de France souhaitent alerter les pouvoirs publics et l\u2019opinion sur de potentielles pertes d\u2019activit\u00e9, des baisses de profits et des pertes d\u2019emplois si de tels projets venaient \u00e0 se p\u00e9renniser et \u00e0 se multiplier.<\/p>\n<p>Un bien commun<\/p>\n<p class=\"node__paragraphe antonia-750r text-grey-800 pb-20 pb-md-30\">\nNous pensons au contraire que les cours d\u2019eau sont un bien commun et qu\u2019un partage innovant est possible. Il y a vingt ans, d\u2019autres acteurs s\u2019insurgeaient contre les pistes cyclables. Aujourd\u2019hui tous en profitent\u00a0: v\u00e9los, logistique douce. Nous voudrions nous joindre aux voix de ces acteurs \u00e9conomiques, car comme eux, nous pensons que <a href=\"https:\/\/www.nouvelobs.com\/lab-o\/20240215.OBS84513\/des-navettes-fluviales-testees-sur-la-seine-pendant-les-jo-de-paris.html\" target=\"_blank\" rel=\"noopener\">le fret et le transport fluvial<\/a> sont des activit\u00e9s vertueuses, \u00e9cologiques et essentielles aux centres urbains comme aux p\u00e9riph\u00e9ries, qu\u2019il faut encourager ce secteur, mais qu\u2019il doit imp\u00e9rativement se r\u00e9inventer. Le monde \u00e9volue, et l\u2019adaptation au changement climatique ne peut se faire sans revoir profond\u00e9ment nos anciens sch\u00e9mas de pens\u00e9e, de transport, de consommation, de relation avec la r\u00e9alit\u00e9 qui se nomme vivant et non croissance infinie.<\/p>\n<p class=\"node__paragraphe antonia-750r text-grey-800 pb-20 pb-md-30\">\nUn d\u00e9tail qu\u2019il nous faut souligner, ces m\u00eames acteurs \u00e9conomiques pr\u00e9parent activement le tr\u00e8s critiqu\u00e9 projet de mise \u00e0 grand gabarit de la Seine en amont de Paris, sur le territoire de la Bass\u00e9e. Promettant de d\u00e9figurer d\u00e9finitivement les derni\u00e8res zones humides proches de la capitale, les derniers m\u00e9andres de vie capables de ralentir et d\u2019absorber les crues soudaines. Dans quel but\u00a0? Permettre la navigation de \u00ab\u00a0super-p\u00e9niches\u00a0\u00bb de 185 m\u00e8tres de long pour 11,4 m\u00e8tres de large. Des monstres, compar\u00e9s aux p\u00e9niches actuelles, dites \u00ab\u00a0gabarit Freycinet\u00a0\u00bb, qui mesurent 38 m\u00e8tres de long pour 5,2 m\u00e8tres de large. On comprend peut-\u00eatre mieux, \u00e0 la lumi\u00e8re de ces informations, que nos acteurs \u00e9conomiques voient d\u2019un mauvais \u0153il l\u2019id\u00e9e d\u2019installer baigneurs et zones de nage ou de navigation l\u00e9g\u00e8re au milieu de leurs projets d\u2019autoroutes fluviales industrielles.<\/p>\n<p class=\"latino-500b text-grey-600 pb-15\">A lire aussi<\/p>\n<p><a href=\"https:\/\/www.nouvelobs.com\/sport\/20240717.OBS91255\/j-ai-nage-dans-la-seine-et-j-ai-aime-ca.html\" data-article-key=\"20240717.OBS91255\" class=\"link--box flex-grow-1\" data-piano=\"Page_Article,Lire_aussi,,Lien2,navigation\" target=\"_blank\" rel=\"noopener\"><\/p>\n<p>                <img decoding=\"async\" src=\"data:image\/svg+xml,%3Csvg%20xmlns%3D%27http%3A%2F%2Fwww.w3.org%2F2000%2Fsvg%27%20fill%3D%22%23e4e4e4%22%20viewBox%3D%270%200%20120%2080%27%20width%3D%22120%22%20height%3D%2280%22%3E%3Cpath%20d%3D%27M0%200h120v80H0z%27%2F%3E%3C%2Fsvg%3E\"  width=\"120\" height=\"79\" loading=\"lazy\" alt=\"Baignade dans la Seine le 16\u00a0juillet 2024.\"\/><\/p>\n<p class=\"latino-300r latino-lg-600m text-grey-800\">\n                      <strong class=\"latino-300b latino-lg-600m text-grey-500\">Billet\u00a0<\/strong><br \/>\n                    J\u2019ai nag\u00e9 dans la Seine\u2026 et j\u2019ai aim\u00e9 \u00e7a        <\/p>\n<p><\/a><\/p>\n<p>    Lire\u00a0plus\u00a0tard  <\/p>\n<p class=\"node__paragraphe antonia-750r text-grey-800 pb-20 pb-md-30\">\nAlert\u00e9s par les rapports du Conseil scientifique r\u00e9gional du Patrimoine naturel, de l\u2019Office fran\u00e7ais pour la Biodiversit\u00e9, de l\u2019Autorit\u00e9 environnementale et de l\u2019Association des Naturalistes de la Vall\u00e9e du Loing, nous nous mettrons \u00e0 l\u2019eau avec encore plus de vigueur et de r\u00e9gularit\u00e9 \u00e0 l\u2019id\u00e9e de repr\u00e9senter par nos joyeuses baignades un barrage \u00e0 la destruction des derniers \u00e9cosyst\u00e8mes sauvages ou prot\u00e9g\u00e9s de la r\u00e9gion. Et que se passerait-il si les nageur\u00b7euse\u00b7s estivales venaient \u00e0 r\u00e9clamer la p\u00e9rennisation de ces espaces de vie retrouv\u00e9s\u00a0? Si on se prenait \u00e0 penser, inspir\u00e9 des aires marines prot\u00e9g\u00e9es, \u00e0 r\u00e9clamer la mise en place de zones fluviales prot\u00e9g\u00e9es\u00a0? Acc\u00e8s r\u00e9serv\u00e9 aux vivants, algues, poissons, humains, marins \u00e0 voile ou pagayeur\u00b7euse\u00b7s, nageur\u00b7euse\u00b7s, oiseaux, insectes, arbres, racines. Vers une d\u00e9-b\u00e9tonisation des berges\u00a0?<\/p>\n<p class=\"node__paragraphe antonia-750r text-grey-800 pb-20 pb-md-30\">\nNous souhaitons, tout comme ces acteurs \u00e9conomiques, des r\u00e9gions prosp\u00e8res, du travail pour toutes et tous, des travailleurs et travailleuses \u00e9panoui\u00b7e\u00b7s autour d\u2019activit\u00e9s \u00e9conomiques durables, performantes, \u00e9cologiques, au service du territoire et de ses habitant\u00b7e\u00b7s. Alors, pourquoi ne pas imaginer des navires de plus petits gabarits, des m\u00e9tiers de mariniers et de   d\u2019\u00e9cluses revaloris\u00e9s. Ainsi viendront de nouveaux usages et de nouveaux usagers tout au long des berges qui depuis toujours accueillent avec bienveillance une population grandissante. Oublions le gigantisme des navires actuels et pensons petit format, artisanat, diversit\u00e9.<\/p>\n<p>Un rapport \u00e0 la baignade responsable, s\u00fbr et partag\u00e9<\/p>\n<p class=\"node__paragraphe antonia-750r text-grey-800 pb-20 pb-md-30\">\nEn deux mots\u00a0: le retour des baignades urbaines permettrait de transformer les quartiers o\u00f9 elles s\u2019implantent, d\u2019offrir une attractivit\u00e9 touristique \u00e0 de nombreuses villes du Grand Paris et d\u2019ouvrir de nouveaux imaginaires pour les travailleur\u00b7euse\u00b7s et entrepreneur\u00b7euse\u00b7s du fleuve de demain\u00a0: ma\u00eetre-nageur\u00b7euse, animateur.ice d\u2019activit\u00e9s aquatiques, ateliers de savoirs et de nouvelles pratiques, mara\u00eechages biologiques, march\u00e9s flottants, p\u00e9niches de producteurs du grand Paris, surveillant\u00b7e\u00b7s de berges et de baignade, expert\u00b7e\u00b7s scientifiques d\u2019analyse, loueurs de mat\u00e9riels nautiques, agent\u00b7e\u00b7s de protection de la biodiversit\u00e9, restaurateurs, ateliers nautiques, lieux de danses et de musique, de soins.\u00a0Des esprits un tant soit peu cr\u00e9atifs et entrepreneurs pourraient continuer cette liste de nouvelles pratiques sur plusieurs pages.<\/p>\n<p class=\"latino-500b text-grey-600 pb-15\">A lire aussi<\/p>\n<p><a href=\"https:\/\/www.nouvelobs.com\/opinions\/20241008.OBS94683\/fleuves-en-scene-celebrer-l-eau-comme-heritage-des-jeux.html\" data-article-key=\"20241008.OBS94683\" class=\"link--box flex-grow-1\" data-piano=\"Page_Article,Lire_aussi,,Lien3,navigation\" target=\"_blank\" rel=\"noopener\"><\/p>\n<p>                <img decoding=\"async\" src=\"data:image\/svg+xml,%3Csvg%20xmlns%3D%27http%3A%2F%2Fwww.w3.org%2F2000%2Fsvg%27%20fill%3D%22%23e4e4e4%22%20viewBox%3D%270%200%20120%2080%27%20width%3D%22120%22%20height%3D%2280%22%3E%3Cpath%20d%3D%27M0%200h120v80H0z%27%2F%3E%3C%2Fsvg%3E\"  width=\"120\" height=\"79\" loading=\"lazy\" alt=\"Lors de la c\u00e9r\u00e9monie d\u2019ouverture des Jeux de Paris le 26\u00a0juillet.\"\/><\/p>\n<p class=\"latino-300r latino-lg-600m text-grey-800\">\n                      <strong class=\"latino-300b latino-lg-600m text-grey-500\">Tribune\u00a0<\/strong><br \/>\n                    \u00ab\u00a0Fleuves en sc\u00e8ne\u00a0: c\u00e9l\u00e9brer l\u2019eau comme h\u00e9ritage des Jeux\u00a0!\u00a0\u00bb        <\/p>\n<p><\/a><\/p>\n<p>    Lire\u00a0plus\u00a0tard  <\/p>\n<p class=\"node__paragraphe antonia-750r text-grey-800 pb-20 pb-md-30\">\nIl est clair que pour penser le monde de demain nous devons r\u00e9duire la voilure. Moins de marchandises, moins de d\u00e9chets, moins de transports, une place grandissante r\u00e9serv\u00e9e \u00e0 l\u2019humain, au local, au durable, \u00e0 l\u2019\u00e9ph\u00e9m\u00e8re et au collectif. Comme nous le rappelle Corinne Morel Darleux, autrice du bien nomm\u00e9 \u00ab\u00a0Plut\u00f4t couler en beaut\u00e9 que flotter sans gr\u00e2ce\u00a0\u00bb (Libertalia)\u00a0: \u00ab\u00a0On sait \u00e0 quel point il faut beaucoup de volont\u00e9 pour revendiquer davantage de rien.\u00a0\u00bb<\/p>\n<p class=\"node__paragraphe antonia-750r text-grey-800 pb-20 pb-md-30\">\nNous demandons par cet appel \u00e0 b\u00e9n\u00e9ficier d\u2019un droit de baignade en milieu urbain\u00a0: baigneurs et baigneuses du dimanche, familles \u00e0 bas revenus ne pouvant s\u2019offrir de vacances, sportif\u00b7ve\u00b7s adeptes des triathlons et autres nages sur longues distances, les grandes familles de la navigation l\u00e9g\u00e8re \u00e0 la voile ou de pagaie. Ces activit\u00e9s doivent bien \u00e9videmment se d\u00e9rouler en s\u00e9curit\u00e9. Rappelons que la Seine n\u2019est pas la mer, que le courant y est permanent et que la baignade n\u2019y est plus autoris\u00e9e depuis 1923. Il faudra donc du temps, beaucoup de discussions et de p\u00e9dagogie pour retrouver un rapport \u00e0 la baignade responsable, s\u00fbr et partag\u00e9. Nul doute que ces infrastructures, am\u00e9nagements et nouvelles habitudes seront le terreau doux et fertile d\u2019inventions collectives, d\u2019activit\u00e9s culturelles, sportives et commerciales apais\u00e9es, joyeuses, pertinentes et n\u00e9cessaires \u00e0 un monde en mutation.<\/p>\n<p class=\"node__paragraphe antonia-750r text-grey-800 pb-20 pb-md-30\">\nPrenons de la hauteur maintenant. Pourrait-on imaginer restreindre la baignade sur le littoral fran\u00e7ais afin de prot\u00e9ger le seul b\u00e9n\u00e9fice de quelques entreprises et taire l\u2019inaction terrifiante de certain\u00b7ne.s \u00e9lu\u00b7e.s en mati\u00e8re de protection de l\u2019environnement et d\u2019inventivit\u00e9 urbanistique\u00a0? Tout le secteur touristique serait vent debout contre une telle mesure. Faisons le pari que dans quelques ann\u00e9es les baignades urbaines dans une rivi\u00e8re vivante soient aussi banales et inali\u00e9nables qu\u2019un bain de mer ou une piste cyclable.<\/p>\n<p class=\"node__paragraphe antonia-750r text-grey-800 pb-20 pb-md-30\">\nPour prolonger la lecture et la port\u00e9e de ce texte, nous vous proposons de passer \u00e0 votre tour \u00e0 l\u2019action en signant <a target=\"_blank\" href=\"https:\/\/www.mesopinions.com\/petition\/animaux\/voulons-nager-seine\/241792\" rel=\"noopener\">notre p\u00e9tition en ligne<\/a>.<\/p>\n<p class=\"node__paragraphe antonia-750r text-grey-800 pb-20 pb-md-30\">\n<strong>Un collectif de nageurs et nageuses d\u2019\u00cele-de-France<\/strong><\/p>\n<p class=\"node__paragraphe antonia-750r text-grey-800 pb-20 pb-md-30\">\nMorgan Segui, \u00e9crivain<br \/>R\u00e9mi Verron, biblioth\u00e9caire, Ourcq polaire<br \/>Jeanne Di Meglio, retrait\u00e9e, Leader climat<br \/>Ricardo Esteban, directeur d\u2019\u00e9tablissement culturel flottant<br \/>Severine Delbosq, danseuse, conseill\u00e8re municipale Ile-Saint-Denis d\u00e9l\u00e9gation fleuve<br \/>Laurent Sitbon, Ourcq polaire, directeur de projet<br \/>Thomas Fabre, chercheur, gardien de la Seine<br \/>Olivier Blanchard, Ourcq polaire, triathl\u00e8te, ing\u00e9nieur<br \/>Vincent Muteau, Le Relais Jeunes<br \/>William Addey, Scientifique en Rebellion<br \/>Hugo Murias, Gardien de la Seine<\/p>\n","protected":false},"excerpt":{"rendered":"Publi\u00e9 le 26 avril 2025 \u00e0 11h30 Lire\u00a0plus\u00a0tard Google Actualit\u00e9s Partager Facebook Bluesky E-mail Copier le lien Envoyer&hellip;\n","protected":false},"author":2,"featured_media":54475,"comment_status":"","ping_status":"","sticky":false,"template":"","format":"standard","meta":{"footnotes":""},"categories":[1592],"tags":[17,1111,11,14900,1777,674,1011,27,4323,662,5217,12,626,25,13527,104,517,14899],"class_list":{"0":"post-54474","1":"post","2":"type-post","3":"status-publish","4":"format-standard","5":"has-post-thumbnail","7":"category-ile-de-france","8":"tag-17","9":"tag-actu","10":"tag-actualites","11":"tag-canaux","12":"tag-eu","13":"tag-europe","14":"tag-fr","15":"tag-france","16":"tag-ile","17":"tag-ile-de-france","18":"tag-nager","19":"tag-news","20":"tag-paris","21":"tag-republique-francaise","22":"tag-seine","23":"tag-societe","24":"tag-sport","25":"tag-voulons"},"share_on_mastodon":{"url":"https:\/\/pubeurope.com\/@fr\/114404489097310924","error":""},"_links":{"self":[{"href":"https:\/\/www.europesays.com\/fr\/wp-json\/wp\/v2\/posts\/54474","targetHints":{"allow":["GET"]}}],"collection":[{"href":"https:\/\/www.europesays.com\/fr\/wp-json\/wp\/v2\/posts"}],"about":[{"href":"https:\/\/www.europesays.com\/fr\/wp-json\/wp\/v2\/types\/post"}],"author":[{"embeddable":true,"href":"https:\/\/www.europesays.com\/fr\/wp-json\/wp\/v2\/users\/2"}],"replies":[{"embeddable":true,"href":"https:\/\/www.europesays.com\/fr\/wp-json\/wp\/v2\/comments?post=54474"}],"version-history":[{"count":0,"href":"https:\/\/www.europesays.com\/fr\/wp-json\/wp\/v2\/posts\/54474\/revisions"}],"wp:featuredmedia":[{"embeddable":true,"href":"https:\/\/www.europesays.com\/fr\/wp-json\/wp\/v2\/media\/54475"}],"wp:attachment":[{"href":"https:\/\/www.europesays.com\/fr\/wp-json\/wp\/v2\/media?parent=54474"}],"wp:term":[{"taxonomy":"category","embeddable":true,"href":"https:\/\/www.europesays.com\/fr\/wp-json\/wp\/v2\/categories?post=54474"},{"taxonomy":"post_tag","embeddable":true,"href":"https:\/\/www.europesays.com\/fr\/wp-json\/wp\/v2\/tags?post=54474"}],"curies":[{"name":"wp","href":"https:\/\/api.w.org\/{rel}","templated":true}]}}