{"id":544743,"date":"2025-11-19T13:23:13","date_gmt":"2025-11-19T13:23:13","guid":{"rendered":"https:\/\/www.europesays.com\/fr\/544743\/"},"modified":"2025-11-19T13:23:13","modified_gmt":"2025-11-19T13:23:13","slug":"negociations-ouvertes-entre-lille-et-le-psg-pour-ayyoub-bouaddi","status":"publish","type":"post","link":"https:\/\/www.europesays.com\/fr\/544743\/","title":{"rendered":"n\u00e9gociations ouvertes entre Lille et le PSG pour Ayyoub Bouaddi !"},"content":{"rendered":"<p><a href=\"https:\/\/www.lequotidiendusport.fr\/transferts-negociations-ouvertes-entre-lille-et-le-psg-pour-ayyoub-bouaddi\/\" rel=\"nofollow noopener\" target=\"_blank\">Voir l\u2019article<\/a><\/p>\n<p>En fin de contrat avec le LOSC en juin 2027, Ayyoub Bouaddi devrait quitter le club en fin de saison. A partir du moment o\u00f9 le franco-marocain de 18 ans ne souhaite pas prolonger dans le nord, c\u2019est la solution envisag\u00e9e par les deux parties pour offrir une belle rentr\u00e9e d\u2019argent au club.<\/p>\n<p>Ayyoub Bouaddi veut jouer au PSG<\/p>\n<p>Inutile de dire que de nombreux clubs sont \u00e0 l\u2019aff\u00fbt pour ce talent sorti du centre de formation lillois, r\u00e9v\u00e9lation de la saison derni\u00e8re. Mais le natif de natif de Senlis, en r\u00e9gion parisienne, a clairement affich\u00e9 sa pr\u00e9f\u00e9rence pour le PSG. Le club de la capitale souhaite en profiter pour faire une proposition au plus vite \u00e0 Lille, qui a accept\u00e9 d\u2019ouvrir les n\u00e9gociations.<\/p>\n<p>Actuellement valoris\u00e9 \u00e0 hauteur de 30 M\u20ac par le site sp\u00e9cialis\u00e9 Transfermarkt, le milieu de terrain du LOSC pourrait ainsi \u00eatre l\u2019objet d\u2019une attaque en r\u00e8gle du PSG d\u00e8s le mois de janvier. Toutefois, selon nos informations, le pr\u00e9sident L\u00e9tang, tr\u00e8s dur en affaires, ne souhaite pas le voir partir avant la fin de la saison.<\/p>\n","protected":false},"excerpt":{"rendered":"Voir l\u2019article En fin de contrat avec le LOSC en juin 2027, Ayyoub Bouaddi devrait quitter le club&hellip;\n","protected":false},"author":2,"featured_media":544744,"comment_status":"","ping_status":"","sticky":false,"template":"","format":"standard","meta":{"footnotes":""},"categories":[2815],"tags":[1111,11,1777,674,1011,27,811,1307,12,93,25],"class_list":{"0":"post-544743","1":"post","2":"type-post","3":"status-publish","4":"format-standard","5":"has-post-thumbnail","7":"category-lille","8":"tag-actu","9":"tag-actualites","10":"tag-eu","11":"tag-europe","12":"tag-fr","13":"tag-france","14":"tag-hauts-de-france","15":"tag-lille","16":"tag-news","17":"tag-psg","18":"tag-republique-francaise"},"share_on_mastodon":{"url":"https:\/\/pubeurope.com\/@fr\/115576583364946683","error":""},"_links":{"self":[{"href":"https:\/\/www.europesays.com\/fr\/wp-json\/wp\/v2\/posts\/544743","targetHints":{"allow":["GET"]}}],"collection":[{"href":"https:\/\/www.europesays.com\/fr\/wp-json\/wp\/v2\/posts"}],"about":[{"href":"https:\/\/www.europesays.com\/fr\/wp-json\/wp\/v2\/types\/post"}],"author":[{"embeddable":true,"href":"https:\/\/www.europesays.com\/fr\/wp-json\/wp\/v2\/users\/2"}],"replies":[{"embeddable":true,"href":"https:\/\/www.europesays.com\/fr\/wp-json\/wp\/v2\/comments?post=544743"}],"version-history":[{"count":0,"href":"https:\/\/www.europesays.com\/fr\/wp-json\/wp\/v2\/posts\/544743\/revisions"}],"wp:featuredmedia":[{"embeddable":true,"href":"https:\/\/www.europesays.com\/fr\/wp-json\/wp\/v2\/media\/544744"}],"wp:attachment":[{"href":"https:\/\/www.europesays.com\/fr\/wp-json\/wp\/v2\/media?parent=544743"}],"wp:term":[{"taxonomy":"category","embeddable":true,"href":"https:\/\/www.europesays.com\/fr\/wp-json\/wp\/v2\/categories?post=544743"},{"taxonomy":"post_tag","embeddable":true,"href":"https:\/\/www.europesays.com\/fr\/wp-json\/wp\/v2\/tags?post=544743"}],"curies":[{"name":"wp","href":"https:\/\/api.w.org\/{rel}","templated":true}]}}