{"id":544753,"date":"2025-11-19T13:29:11","date_gmt":"2025-11-19T13:29:11","guid":{"rendered":"https:\/\/www.europesays.com\/fr\/544753\/"},"modified":"2025-11-19T13:29:11","modified_gmt":"2025-11-19T13:29:11","slug":"le-prix-du-ticket-pour-voyager-avec-le-tram-t12-va-baisser","status":"publish","type":"post","link":"https:\/\/www.europesays.com\/fr\/544753\/","title":{"rendered":"le prix du ticket pour voyager avec le Tram T12 va baisser"},"content":{"rendered":"<p>                    Par<br \/>\n        <strong><br \/>\n            <a href=\"https:\/\/actu.fr\/auteur\/thibaut-faussabry\" title=\"Consulter tous les articles de Thibaut Faussabry\" rel=\"nofollow noopener\" target=\"_blank\">Thibaut Faussabry<\/a><br \/>\n                    <\/strong><\/p>\n<p>        Publi\u00e9 le<\/p>\n<p>            19 nov. 2025 \u00e0 14h06        <\/p>\n<p>Voil\u00e0 une bonne nouvelle pour les utilisateurs occasionnels du <strong>Tram T12<\/strong> en <a href=\"https:\/\/actu.fr\/essonne\/\" rel=\"nofollow noopener\" target=\"_blank\">Essonne<\/a>. Mardi 18\u00a0novembre 2025,<a href=\"https:\/\/actu.fr\/tag\/ile-de-france-mobilites\" rel=\"nofollow noopener\" target=\"_blank\"> \u00cele-de-France Mobilit\u00e9s<\/a> a annonc\u00e9 le <strong>changement<\/strong>,<strong> \u00e0 partir du 25\u00a0novembre<\/strong>, du <strong>ticket<\/strong> n\u00e9cessaire pour <strong>voyager<\/strong> sur les <strong>lignes<\/strong> de tram express franciliennes, \u00e0 savoir les lignes T11, T13, T14 et donc T12. \u00c0 la cl\u00e9, une<a href=\"https:\/\/actu.fr\/tag\/pouvoir-d-achat\" rel=\"nofollow noopener\" target=\"_blank\"> baisse du prix<\/a> de chaque trajet.<\/p>\n<p>La fin d\u2019un pi\u00e8ge tarifaire pour les voyageurs occasionnels<\/p>\n<p class=\" wall-content\">Alors qu\u2019il fallait, depuis la \u00ab\u2009r\u00e9volution tarifaire\u2009\u00bb de janvier dernier, se procurer un ticket M\u00e9tro-Train-RER vendu 2,50\u00a0\u20ac pour voyager sur ces lignes de tram express, il faudra, d\u00e8s le 25\u00a0novembre, <strong>acheter un ticket Bus-Tram \u00e0 2\u00a0\u20ac<\/strong>, comme c\u2019est d\u00e9j\u00e0 le cas pour les autres lignes de tramway franciliennes.<\/p>\n<p class=\" wall-content\">Cette harmonisation des tarifs n\u2019avait pu \u00eatre mise en place avant pour des raisons techniques de compatibilit\u00e9 des bornes de validation. Le probl\u00e8me ayant \u00e9t\u00e9 r\u00e9solu, chaque trajet co\u00fbtera d\u00e9sormais <strong>cinquante centimes d\u2019euros de moins.<\/strong><\/p>\n<p class=\" wall-content\">\u00ab\u2009Les correspondances avec les bus et les autres tramways <strong>restent incluses,<\/strong> comme pour tout ticket Bus-Tram\u2009\u00bb, pr\u00e9cise \u00cele-de-France Mobilit\u00e9s, l\u2019autorit\u00e9 organisatrice des <a href=\"https:\/\/actu.fr\/tag\/transport\" rel=\"nofollow noopener\" target=\"_blank\">transports<\/a> en \u00cele-de-France.<\/p>\n<p>Vers une augmentation de la fr\u00e9quentation\u2009?<\/p>\n<p class=\" wall-content\">Les d\u00e9tenteurs de passe Navigo Libert\u00e9 +\u00a0(disponible uniquement pour les Franciliens) qui b\u00e9n\u00e9ficient d\u2019une r\u00e9duction de 20\u2009% par rapport au prix d\u2019un ticket vendu \u00e0 l\u2019unit\u00e9 paieront <strong>1,60\u00a0euro au lieu de 2\u00a0\u20ac<\/strong> avec la correspondance offerte avec les Transiliens et RER.<\/p>\n<p class=\" wall-content\"><a href=\"https:\/\/actu.fr\/ile-de-france\/evry-courcouronnes_91228\/c-est-beaucoup-plus-simple-pour-rejoindre-massy-le-tram-train-t12-enfin-inaugure-en-essonne_60441219.html\" rel=\"nofollow noopener\" target=\"_blank\">Mis en service en d\u00e9cembre\u00a02023,<\/a> le tram T12 relie Massy Palaiseau et \u00c9vry-Courcouronnes sur un trac\u00e9 de 20\u00a0km desservant<strong> 16 stations dans 12 villes diff\u00e9rentes,<\/strong> avec en moyenne un tram toutes les 10\u00a0minutes en heure de pointe.<\/p>\n<p>Votre r\u00e9gion, votre actu !<\/p>\n<p>Recevez chaque jour les infos qui comptent pour vous.<\/p>\n<p>\t<a href=\"https:\/\/actu.fr\/newsletter\" class=\"ac-btn ac-btn--corner ac-btn--medium ac-btn--blue800\" rel=\"nofollow noopener\" target=\"_blank\">S&rsquo;incrire<\/a><\/p>\n<p class=\" wall-content\">Cette baisse de prix pourrait inciter plus de voyageurs \u00e0 emprunter le T12 qui, selon un <a href=\"https:\/\/x.com\/Asso_usagersidf\/status\/1910397340147736722\/photo\/1\" rel=\"nofollow\">comptage<\/a> datant de novembre\u00a02024, \u00e9tait fr\u00e9quent\u00e9 par <strong>pr\u00e8s de 22\u2009000 voyageurs par jour ouvr\u00e9<\/strong>. Un chiffre qui progresse, mais qui est encore loin de la pr\u00e9vision de 40\u2009000 voyageurs journaliers annonc\u00e9e lors du lancement de la ligne.<\/p>\n<p class=\" wall-content\">Personnalisez votre actualit\u00e9 en ajoutant vos villes et m\u00e9dias en favori avec <a href=\"https:\/\/moncompte.actu.fr\" title=\"D\u00e9couvez Mon Actu\" rel=\"nofollow noopener\" data-trk=\"{&quot;cta&quot;:{&quot;action&quot;:&quot;https:\\\/\\\/moncompte.actu.fr&quot;,&quot;category&quot;:&quot;mon compte&quot;,&quot;from&quot;:&quot;article footer&quot;,&quot;name&quot;:&quot;Mon actu&quot;,&quot;type&quot;:&quot;cta&quot;}}\" target=\"_blank\">Mon Actu<\/a>.<\/p>\n","protected":false},"excerpt":{"rendered":"Par Thibaut Faussabry Publi\u00e9 le 19 nov. 2025 \u00e0 14h06 Voil\u00e0 une bonne nouvelle pour les utilisateurs occasionnels&hellip;\n","protected":false},"author":2,"featured_media":544754,"comment_status":"","ping_status":"","sticky":false,"template":"","format":"standard","meta":{"footnotes":""},"categories":[1592],"tags":[1111,11,1777,674,1011,27,662,10883,12,626,2922,25,104,2803],"class_list":{"0":"post-544753","1":"post","2":"type-post","3":"status-publish","4":"format-standard","5":"has-post-thumbnail","7":"category-ile-de-france","8":"tag-actu","9":"tag-actualites","10":"tag-eu","11":"tag-europe","12":"tag-fr","13":"tag-france","14":"tag-ile-de-france","15":"tag-ile-de-france-mobilites","16":"tag-news","17":"tag-paris","18":"tag-pouvoir-dachat","19":"tag-republique-francaise","20":"tag-societe","21":"tag-transport"},"share_on_mastodon":{"url":"https:\/\/pubeurope.com\/@fr\/115576606888623971","error":""},"_links":{"self":[{"href":"https:\/\/www.europesays.com\/fr\/wp-json\/wp\/v2\/posts\/544753","targetHints":{"allow":["GET"]}}],"collection":[{"href":"https:\/\/www.europesays.com\/fr\/wp-json\/wp\/v2\/posts"}],"about":[{"href":"https:\/\/www.europesays.com\/fr\/wp-json\/wp\/v2\/types\/post"}],"author":[{"embeddable":true,"href":"https:\/\/www.europesays.com\/fr\/wp-json\/wp\/v2\/users\/2"}],"replies":[{"embeddable":true,"href":"https:\/\/www.europesays.com\/fr\/wp-json\/wp\/v2\/comments?post=544753"}],"version-history":[{"count":0,"href":"https:\/\/www.europesays.com\/fr\/wp-json\/wp\/v2\/posts\/544753\/revisions"}],"wp:featuredmedia":[{"embeddable":true,"href":"https:\/\/www.europesays.com\/fr\/wp-json\/wp\/v2\/media\/544754"}],"wp:attachment":[{"href":"https:\/\/www.europesays.com\/fr\/wp-json\/wp\/v2\/media?parent=544753"}],"wp:term":[{"taxonomy":"category","embeddable":true,"href":"https:\/\/www.europesays.com\/fr\/wp-json\/wp\/v2\/categories?post=544753"},{"taxonomy":"post_tag","embeddable":true,"href":"https:\/\/www.europesays.com\/fr\/wp-json\/wp\/v2\/tags?post=544753"}],"curies":[{"name":"wp","href":"https:\/\/api.w.org\/{rel}","templated":true}]}}