{"id":544755,"date":"2025-11-19T13:30:13","date_gmt":"2025-11-19T13:30:13","guid":{"rendered":"https:\/\/www.europesays.com\/fr\/544755\/"},"modified":"2025-11-19T13:30:13","modified_gmt":"2025-11-19T13:30:13","slug":"aucun-service-daccueil-minimum-prevu-pour-les-enfants-inscrits-a-la-cantine","status":"publish","type":"post","link":"https:\/\/www.europesays.com\/fr\/544755\/","title":{"rendered":"aucun service d&rsquo;accueil minimum pr\u00e9vu pour les enfants inscrits \u00e0 la cantine"},"content":{"rendered":"<p>                    Par<br \/>\n        <strong><br \/>\n            <a href=\"https:\/\/actu.fr\/auteur\/marie-amelie-marchal\" title=\"Consulter tous les articles de Marie Amelie Marchal\" target=\"_blank\" rel=\"noopener\">Marie Amelie Marchal<\/a><br \/>\n                    <\/strong><\/p>\n<p>        Publi\u00e9 le<\/p>\n<p>            19 nov. 2025 \u00e0 14h27        <\/p>\n<p>\u00ab\u2009Le p\u00e9riscolaire craque.\u2009\u00bb Et les familles aussi. Dix jours apr\u00e8s le d\u00e9but de la <a href=\"https:\/\/actu.fr\/ile-de-france\/paris_75056\/on-a-peur-pour-les-enfants-greve-dans-les-cantines-a-paris-plus-d-une-centaine-d-ecoles-concernees_63401764.html\" target=\"_blank\" rel=\"noopener\">gr\u00e8ve des agents de la Ville<\/a> dans de nombreuses \u00e9coles parisiennes, des \u00e9lus du groupe Union Capitale ont interpell\u00e9 l\u2019ex\u00e9cutif mercredi 19\u00a0novembre 2025 lors du <a href=\"https:\/\/actu.fr\/tag\/conseil-de-paris\" target=\"_blank\" rel=\"noopener\">Conseil de Paris<\/a>. Ces derniers ont demand\u00e9 la <strong>mise en place d\u2019un service d\u2019accueil minimum<\/strong> \u00e0 l\u2019heure de la cantine.<\/p>\n<p>Le service de l\u2019interclasse ferm\u00e9 dans les \u00e9coles par mesure de s\u00e9curit\u00e9<\/p>\n<p class=\" wall-content\">Depuis le 10\u00a0novembre la gr\u00e8ve \u00ab\u2009plonge de nombreuses familles parisiennes dans une grande difficult\u00e9\u2009\u00bb selon Marie-Caroline Doucer\u00e9 du groupe Union Capitale. Alors que les agents d\u00e9brayent durant la pause d\u00e9jeuner, les <strong>parents doivent improviser<\/strong> faute de cantine.<\/p>\n<p class=\" wall-content\">Si la conseill\u00e8re du 15e arrondissement pr\u00e9cise qu\u2019elle ne compte \u00ab\u2009pas remettre en cause le droit de gr\u00e8ve\u2009\u00bb, elle a tout de m\u00eame soumis au vote l\u2019<strong>instauration d\u2019un service minimum d\u2019accueil<\/strong> dans les \u00e9coles de son arrondissement, o\u00f9 certains \u00e9tablissements comptent 90\u2009% d\u2019enfants inscrits \u00e0 la cantine.<\/p>\n<p class=\" wall-content\">\n<p class=\" wall-content\">Patrick Bloche le premier adjoint \u00e0 la mairie de Paris, n\u2019a pas donn\u00e9 un avis favorable \u00e0 ce v\u0153u. Par \u00ab\u2009respect pour le <strong>droit de gr\u00e8ve<\/strong>\u2009\u00bb mais \u00e9galement pour ne pas laisser, \u00ab\u2009m\u00eame durant l\u2019interclasse et les deux heures de d\u00e9jeuner,<strong> (les) enfants \u00e0 n\u2019importe qui<\/strong>. Il en va de leur bien-\u00eatre et de leur s\u00e9curit\u00e9\u2009\u00bb. Ainsi, dans les \u00e9coles concern\u00e9es, le<strong> service de l\u2019interclasse est ferm\u00e9<\/strong> et les familles invit\u00e9es \u00e0 s\u2019organiser.<\/p>\n<p class=\" wall-content\">Pour rappel, les agents de la ville ont d\u00e9pos\u00e9 un pr\u00e9avis de gr\u00e8ve<strong> renouvelable jusqu\u2019aux vacances de No\u00ebl<\/strong>. Ils alertent sur leurs <strong>conditions de travail qui ne cessent de se d\u00e9grader<\/strong> avec, notamment, des probl\u00e8mes de sous-effectif, de responsabilit\u00e9s grandissantes, de pr\u00e9carisation et un manque de formation. \u00ab\u2009Nous avons conscience de la difficult\u00e9 dans laquelle nous plongeons les parents \u2013 nous avons des enfants pour la plupart d\u2019entre nous, mais nous nous trouvons dans une impasse\u2009\u00bb, avait livr\u00e9 Nicolas L\u00e9ger, co-secr\u00e9taire g\u00e9n\u00e9ral du SUPAP-FSU \u00e0 actu Paris, \u00e0 la veille du mouvement social.<\/p>\n<p class=\" wall-content\">Personnalisez votre actualit\u00e9 en ajoutant vos villes et m\u00e9dias en favori avec <a href=\"https:\/\/moncompte.actu.fr\" title=\"D\u00e9couvez Mon Actu\" rel=\"nofollow noopener\" data-trk=\"{&quot;cta&quot;:{&quot;action&quot;:&quot;https:\\\/\\\/moncompte.actu.fr&quot;,&quot;category&quot;:&quot;mon compte&quot;,&quot;from&quot;:&quot;article footer&quot;,&quot;name&quot;:&quot;Mon actu&quot;,&quot;type&quot;:&quot;cta&quot;}}\" target=\"_blank\">Mon Actu<\/a>.<\/p>\n","protected":false},"excerpt":{"rendered":"Par Marie Amelie Marchal Publi\u00e9 le 19 nov. 2025 \u00e0 14h27 \u00ab\u2009Le p\u00e9riscolaire craque.\u2009\u00bb Et les familles aussi.&hellip;\n","protected":false},"author":2,"featured_media":544756,"comment_status":"","ping_status":"","sticky":false,"template":"","format":"standard","meta":{"footnotes":""},"categories":[1888],"tags":[1111,1928,11,1927,2617,1719,1777,674,1011,27,6151,12,1926,626,1925,316,25],"class_list":{"0":"post-544755","1":"post","2":"type-post","3":"status-publish","4":"format-standard","5":"has-post-thumbnail","7":"category-paris","8":"tag-actu","9":"tag-actu-paris","10":"tag-actualites","11":"tag-actualites-paris","12":"tag-conseil-de-paris","13":"tag-enfants","14":"tag-eu","15":"tag-europe","16":"tag-fr","17":"tag-france","18":"tag-greve","19":"tag-news","20":"tag-news-paris","21":"tag-paris","22":"tag-paris-news","23":"tag-politique","24":"tag-republique-francaise"},"share_on_mastodon":{"url":"https:\/\/pubeurope.com\/@fr\/115576610775426742","error":""},"_links":{"self":[{"href":"https:\/\/www.europesays.com\/fr\/wp-json\/wp\/v2\/posts\/544755","targetHints":{"allow":["GET"]}}],"collection":[{"href":"https:\/\/www.europesays.com\/fr\/wp-json\/wp\/v2\/posts"}],"about":[{"href":"https:\/\/www.europesays.com\/fr\/wp-json\/wp\/v2\/types\/post"}],"author":[{"embeddable":true,"href":"https:\/\/www.europesays.com\/fr\/wp-json\/wp\/v2\/users\/2"}],"replies":[{"embeddable":true,"href":"https:\/\/www.europesays.com\/fr\/wp-json\/wp\/v2\/comments?post=544755"}],"version-history":[{"count":0,"href":"https:\/\/www.europesays.com\/fr\/wp-json\/wp\/v2\/posts\/544755\/revisions"}],"wp:featuredmedia":[{"embeddable":true,"href":"https:\/\/www.europesays.com\/fr\/wp-json\/wp\/v2\/media\/544756"}],"wp:attachment":[{"href":"https:\/\/www.europesays.com\/fr\/wp-json\/wp\/v2\/media?parent=544755"}],"wp:term":[{"taxonomy":"category","embeddable":true,"href":"https:\/\/www.europesays.com\/fr\/wp-json\/wp\/v2\/categories?post=544755"},{"taxonomy":"post_tag","embeddable":true,"href":"https:\/\/www.europesays.com\/fr\/wp-json\/wp\/v2\/tags?post=544755"}],"curies":[{"name":"wp","href":"https:\/\/api.w.org\/{rel}","templated":true}]}}