{"id":54476,"date":"2025-04-26T13:25:14","date_gmt":"2025-04-26T13:25:14","guid":{"rendered":"https:\/\/www.europesays.com\/fr\/54476\/"},"modified":"2025-04-26T13:25:14","modified_gmt":"2025-04-26T13:25:14","slug":"premier-coup-de-chaud-sur-la-region-pres-de-30-degres-la-semaine-prochaine","status":"publish","type":"post","link":"https:\/\/www.europesays.com\/fr\/54476\/","title":{"rendered":"premier coup de chaud sur la r\u00e9gion ! Pr\u00e8s de 30 degr\u00e9s la semaine prochaine ?"},"content":{"rendered":"<p> <img decoding=\"async\" fetchpriority=\"high\" src=\"https:\/\/www.europesays.com\/fr\/wp-content\/uploads\/2025\/04\/dailymotion-x9ijcbu_1024.jpg\"  width=\"768\" height=\"432\" id=\"x9ijcbu\"\/>  <\/p>\n<p>L&rsquo;effet \u00ab\u00a0pompe \u00e0 chaleur\u00a0\u00bb va faire parler de lui au cours des prochains jours avec de l&rsquo;air particuli\u00e8rement chaud pour la saison qui va englober Paris et l&rsquo;\u00cele-de-France. \u00c0 quoi faut-il s&rsquo;attendre ? Comment les temp\u00e9ratures vont-elles \u00e9voluer ?<\/p>\n<p>    <img decoding=\"async\" fetchpriority=\"high\" src=\"https:\/\/www.europesays.com\/fr\/wp-content\/uploads\/2025\/04\/marc-hay.jpg\" alt=\"Marc Hay\" width=\"40\" height=\"40\"\/>    <a class=\"nombre text-hv\" href=\"https:\/\/www.tameteo.com\/auteur\/marc-hay\/\" title=\"Marc Hay\" target=\"_blank\" rel=\"noopener\">Marc Hay<\/a>         26\/04\/2025 15:00   5 min   <\/p>\n<p>En lien avec la pr\u00e9sence d&rsquo;une goutte froide la semaine prochaine au large du Portugal, <strong>de l&rsquo;air chaud va remonter vers la France. <\/strong>En r\u00e9alit\u00e9, cette goutte froide va jouer le r\u00f4le d&rsquo;une v\u00e9ritable <strong>pompe \u00e0 chaleur, <\/strong>avec des temp\u00e9ratures qui vont devenir franchement estivales sur la France et la r\u00e9gion parisienne.<\/p>\n<p>Des temp\u00e9ratures anormalement \u00e9lev\u00e9es pour la saison sont attendues d\u00e8s mardi prochain sur Paris et l&rsquo;\u00cele-de-France, <strong>avec des valeurs approchant les 25 degr\u00e9s.<\/strong> \u00c0 cette heure, il semble que la hausse des temp\u00e9ratures se poursuive pour les journ\u00e9es suivantes, <strong>avec des maximales parfois proches de 27\/28 degr\u00e9s entre la Bretagne, la Normandie et l&rsquo;\u00cele-de-France d\u00e8s mercredi prochain. <\/strong>Oui, le mercure pourrait fr\u00f4ler la barre des 30 degr\u00e9s en \u00cele-de-France la semaine prochaine !<\/p>\n<p>Ces temp\u00e9ratures sont bien entendu attendues \u00e0 l&rsquo;ombre. <strong>En plein soleil, le ressenti sera plus qu&rsquo;estival la semaine prochaine.<\/strong><\/p>\n<p>Cette chaleur va-t-elle s&rsquo;installer sur la dur\u00e9e ? <strong>Fera-t-il toujours aussi chaud pour le week-end prolong\u00e9 du 1er mai ? <\/strong>Voici comment les temp\u00e9ratures vont \u00e9voluer \u00e0 Paris et en \u00cele-de-France la semaine prochaine.<\/p>\n<p>M\u00e9t\u00e9o estivale en vue ! <\/p>\n<p>La journ\u00e9e de lundi s&rsquo;annonce tr\u00e8s agr\u00e9able et surtout d\u00e9j\u00e0 tr\u00e8s printani\u00e8re. Il est pr\u00e9vu 23 \u00e0 24 degr\u00e9s lundi apr\u00e8s-midi en r\u00e9gion parisienne.<strong> <a href=\"https:\/\/www.tameteo.com\/meteo-Europe-France-Ile+de+France-Paris-1-1-135-29-5461.html\" data-mrf-recirculation=\"cuerpo_intext\" target=\"_blank\" rel=\"noopener\">Paris<\/a> devrait afficher 24 degr\u00e9s en milieu d&rsquo;apr\u00e8s-midi.<\/strong><\/p>\n<p><img loading=\"lazy\" decoding=\"async\" fetchpriority=\"low\" class=\"lazy \" src=\"https:\/\/www.europesays.com\/fr\/wp-content\/uploads\/2025\/04\/meteo-a-paris-et-en-ile-de-france-premier-coup-de-chaud-sur-la-region-pres-de-30-degres-la-semaine-p.png\"  width=\"768\" height=\"432\" alt=\"Une goutte froide au large du Portugal fera remonter de l'air chaud la semaine prochaine sur la France.\" title=\"Une goutte froide au large du Portugal fera remonter de l'air chaud la semaine prochaine sur la France.\" data-image=\"dkhxjw8vfl6v\"\/>Une goutte froide au large du Portugal fera remonter de l&rsquo;air chaud la semaine prochaine sur la France. <\/p>\n<p>Apr\u00e8s une journ\u00e9e de lundi tr\u00e8s printani\u00e8re, les temp\u00e9ratures deviendront estivales d\u00e8s mardi prochain,<strong> avec des valeurs qui pourront localement atteindre ou d\u00e9passer 25 degr\u00e9s \u00e0 Paris et en <a href=\"https:\/\/www.tameteo.com\/meteo-Europe-France-Ile+de+France-1-1-135-29.html\" data-mrf-recirculation=\"cuerpo_intext\" target=\"_blank\" rel=\"noopener\">\u00cele-de-France<\/a>.<\/strong><\/p>\n<p><img loading=\"lazy\" decoding=\"async\" fetchpriority=\"low\" class=\"lazy \" src=\"https:\/\/www.europesays.com\/fr\/wp-content\/uploads\/2025\/04\/1745673913_734_meteo-a-paris-et-en-ile-de-france-premier-coup-de-chaud-sur-la-region-pres-de-30-degres-la-semaine-p.png\"  width=\"768\" height=\"432\" alt=\"Les temp\u00e9ratures se situeront tr\u00e8s nettement au-dessus des normales de saison la semaine prochaine en \u00cele-de-France.\" title=\"Les temp\u00e9ratures se situeront tr\u00e8s nettement au-dessus des normales de saison la semaine prochaine en \u00cele-de-France.\" data-image=\"g9lrlp8vlwk6\"\/>Les temp\u00e9ratures se situeront tr\u00e8s nettement au-dessus des normales de saison la semaine prochaine en \u00cele-de-France. <\/p>\n<p>Avec pas moins de 25 degr\u00e9s pr\u00e9vus mardi prochain en \u00cele-de-France, <strong>on pourra parler de chaleur sur la r\u00e9gion, <\/strong>le seuil de chaleur \u00e9tant fix\u00e9 \u00e0 25 degr\u00e9s. <\/p>\n<p><a class=\"imagen \" href=\"https:\/\/www.tameteo.com\/actualites\/previsions\/retour-du-soleil-en-france-cette-meteo-printaniere-voire-estivale-va-t-elle-durer-des-orages-attendus-par-la-suite.html\" title=\"Retour du soleil en France : cette m\u00e9t\u00e9o printani\u00e8re voire estivale va-t-elle durer ? Des orages attendus par la suite ?\" target=\"_blank\" rel=\"noopener\"><img loading=\"lazy\" decoding=\"async\" fetchpriority=\"low\" class=\"lazy img-body non-editable\" src=\"https:\/\/www.europesays.com\/fr\/wp-content\/uploads\/2025\/04\/retour-du-soleil-en-france-cette-meteo-printaniere-voire-estivale-va-t-elle-durer-des-orages-attendu.jpeg\"  width=\"320\" height=\"225\" alt=\"Retour du soleil en France : cette m\u00e9t\u00e9o printani\u00e8re voire estivale va-t-elle durer ? Des orages attendus par la suite ?\"\/><\/a><\/p>\n<p>Avec 25 degr\u00e9s attendus \u00e0 l&rsquo;ombre pour une fin avril, nul doute que les temp\u00e9ratures se situeront<strong> \u00e0 un niveau bien sup\u00e9rieur \u00e0 celui que nous sommes en droit d&rsquo;attendre \u00e0 cette p\u00e9riode de l&rsquo;ann\u00e9e.<\/strong><\/p>\n<p>Encore plus chaud ensuite ! <\/p>\n<p>Les temp\u00e9ratures pourraient encore grimper entre les journ\u00e9es de mercredi et jeudi. <strong>La journ\u00e9e de jeudi pourrait d&rsquo;ailleurs \u00eatre la plus chaude de la semaine prochaine, avec des pointes \u00e0 plus de 28 degr\u00e9s possibles. <\/strong><\/p>\n<p><img loading=\"lazy\" decoding=\"async\" fetchpriority=\"low\" class=\"lazy \" src=\"https:\/\/www.europesays.com\/fr\/wp-content\/uploads\/2025\/04\/1745673913_107_meteo-a-paris-et-en-ile-de-france-premier-coup-de-chaud-sur-la-region-pres-de-30-degres-la-semaine-p.png\"  width=\"768\" height=\"432\" alt=\"Des pointes \u00e0 pr\u00e8s de 28 degr\u00e9s attendues en r\u00e9gion parisienne entre les journ\u00e9es de mercredi et de jeudi.\" title=\"Des pointes \u00e0 pr\u00e8s de 28 degr\u00e9s attendues en r\u00e9gion parisienne entre les journ\u00e9es de mercredi et de jeudi.\" data-image=\"tap2ovi5zhya\"\/>Des pointes \u00e0 pr\u00e8s de 28 degr\u00e9s attendues en r\u00e9gion parisienne entre les journ\u00e9es de mercredi et de jeudi. <\/p>\n<p>\u00c9tant donn\u00e9 que les temp\u00e9ratures sont pr\u00e9vues \u00e0 l&rsquo;ombre, <strong>le ressenti en plein soleil sera v\u00e9ritablement estival. <\/strong>Les temp\u00e9ratures attendues lors de ces deux journ\u00e9es<strong> sont normalement celles que l&rsquo;on observe d\u00e9but juillet sur la r\u00e9gion !<\/strong><\/p>\n<p><a class=\"imagen \" href=\"https:\/\/www.tameteo.com\/actualites\/science\/les-previsions-climatiques-mondiales-pour-mai-a-juillet-2025-confirment-un-rechauffement-generalise-de-la-planete-canicule.html\" title=\"Les pr\u00e9visions climatiques mondiales pour mai \u00e0 juillet 2025 confirment un r\u00e9chauffement g\u00e9n\u00e9ralis\u00e9 de la plan\u00e8te \" target=\"_blank\" rel=\"noopener\"><img loading=\"lazy\" decoding=\"async\" fetchpriority=\"low\" class=\"lazy img-body non-editable\" src=\"https:\/\/www.europesays.com\/fr\/wp-content\/uploads\/2025\/04\/previsao-climatica-global-para-maio-a-julho-de-2025-aponta-para-um-planeta-quase-totalmente-aquecido.jpeg\"  width=\"320\" height=\"225\" alt=\"Les pr\u00e9visions climatiques mondiales pour mai \u00e0 juillet 2025 confirment un r\u00e9chauffement g\u00e9n\u00e9ralis\u00e9 de la plan\u00e8te \"\/><\/a><\/p>\n<p><strong>Ce jeudi 1er mai f\u00e9ri\u00e9 s&rsquo;annonce donc v\u00e9ritablement estival <\/strong>sur Paris et l&rsquo;\u00cele-de-France !<\/p>\n<p>Petite baisse des temp\u00e9ratures ensuite <\/p>\n<p>Ensuite,<strong> les temp\u00e9ratures pourraient tr\u00e8s l\u00e9g\u00e8rement fl\u00e9chir \u00e0 compter du vendredi 2 mai,<\/strong> mais elles resteront malgr\u00e9 tout plus que printani\u00e8res. Les valeurs pourraient avoisiner les 25 degr\u00e9s en r\u00e9gion parisienne ce vendredi 2 mai.<\/p>\n<p><strong>Cette baisse devrait toutefois se poursuivre pour la fin de ce week-end prolong\u00e9,<\/strong> avec des temp\u00e9ratures qui perdraient \u00e0 nouveau quelques degr\u00e9s entre vendredi et dimanche,<strong> tout en restant malgr\u00e9 tout \u00e0 un bon niveau, avec toujours de belles \u00e9claircies.<\/strong><\/p>\n<p><a class=\"imagen \" href=\"https:\/\/www.tameteo.com\/actualites\/actualite\/ou-faut-il-se-rendre-pour-voir-l-une-des-gares-les-plus-incroyables-du-monde-la-reponse-va-vous-surprendre-tourisme.html\" title=\"O\u00f9 faut-il se rendre pour voir \u00ab l&#039;une des gares les plus incroyables du monde \u00bb ? La r\u00e9ponse va vous surprendre \" target=\"_blank\" rel=\"noopener\"><img loading=\"lazy\" decoding=\"async\" fetchpriority=\"low\" class=\"lazy img-body non-editable\" src=\"https:\/\/www.europesays.com\/fr\/wp-content\/uploads\/2025\/04\/nao-precisa-de-sair-de-portugal-para-ver-uma-das-estacoes-ferroviarias-mais-incriveis-da-europa-1744.jpeg\"  width=\"320\" height=\"225\" alt=\"O\u00f9 faut-il se rendre pour voir \u00ab l'une des gares les plus incroyables du monde \u00bb ? La r\u00e9ponse va vous surprendre \"\/><\/a><\/p>\n<p>La fiabilit\u00e9 de la pr\u00e9vision devient moins bonne pour la fin de la semaine prochaine. <strong>Revenez nous voir au cours des prochains jours pour savoir jusqu&rsquo;\u00e0 quand l&rsquo;\u00e9t\u00e9 va s&rsquo;inviter sur la r\u00e9gion.<\/strong><\/p>\n","protected":false},"excerpt":{"rendered":"L&rsquo;effet \u00ab\u00a0pompe \u00e0 chaleur\u00a0\u00bb va faire parler de lui au cours des prochains jours avec de l&rsquo;air particuli\u00e8rement&hellip;\n","protected":false},"author":2,"featured_media":54477,"comment_status":"","ping_status":"","sticky":false,"template":"","format":"standard","meta":{"footnotes":""},"categories":[1592],"tags":[1111,11,13208,14902,2883,1777,674,1011,27,662,2487,12,626,14901,25,14903],"class_list":{"0":"post-54476","1":"post","2":"type-post","3":"status-publish","4":"format-standard","5":"has-post-thumbnail","7":"category-ile-de-france","8":"tag-actu","9":"tag-actualites","10":"tag-chaleur","11":"tag-coup-de-chaud","12":"tag-ete","13":"tag-eu","14":"tag-europe","15":"tag-fr","16":"tag-france","17":"tag-ile-de-france","18":"tag-meteo","19":"tag-news","20":"tag-paris","21":"tag-plume-de-chaleur","22":"tag-republique-francaise","23":"tag-semaine-prochaine"},"share_on_mastodon":{"url":"https:\/\/pubeurope.com\/@fr\/114404493073228706","error":""},"_links":{"self":[{"href":"https:\/\/www.europesays.com\/fr\/wp-json\/wp\/v2\/posts\/54476","targetHints":{"allow":["GET"]}}],"collection":[{"href":"https:\/\/www.europesays.com\/fr\/wp-json\/wp\/v2\/posts"}],"about":[{"href":"https:\/\/www.europesays.com\/fr\/wp-json\/wp\/v2\/types\/post"}],"author":[{"embeddable":true,"href":"https:\/\/www.europesays.com\/fr\/wp-json\/wp\/v2\/users\/2"}],"replies":[{"embeddable":true,"href":"https:\/\/www.europesays.com\/fr\/wp-json\/wp\/v2\/comments?post=54476"}],"version-history":[{"count":0,"href":"https:\/\/www.europesays.com\/fr\/wp-json\/wp\/v2\/posts\/54476\/revisions"}],"wp:featuredmedia":[{"embeddable":true,"href":"https:\/\/www.europesays.com\/fr\/wp-json\/wp\/v2\/media\/54477"}],"wp:attachment":[{"href":"https:\/\/www.europesays.com\/fr\/wp-json\/wp\/v2\/media?parent=54476"}],"wp:term":[{"taxonomy":"category","embeddable":true,"href":"https:\/\/www.europesays.com\/fr\/wp-json\/wp\/v2\/categories?post=54476"},{"taxonomy":"post_tag","embeddable":true,"href":"https:\/\/www.europesays.com\/fr\/wp-json\/wp\/v2\/tags?post=54476"}],"curies":[{"name":"wp","href":"https:\/\/api.w.org\/{rel}","templated":true}]}}