{"id":544761,"date":"2025-11-19T13:33:11","date_gmt":"2025-11-19T13:33:11","guid":{"rendered":"https:\/\/www.europesays.com\/fr\/544761\/"},"modified":"2025-11-19T13:33:11","modified_gmt":"2025-11-19T13:33:11","slug":"a-paris-le-palais-vivienne-de-pierre-jean-chalencon-vendu-8-millions-deuros","status":"publish","type":"post","link":"https:\/\/www.europesays.com\/fr\/544761\/","title":{"rendered":"A Paris, le palais Vivienne de Pierre-Jean Chalen\u00e7on vendu 8\u00a0millions d\u2019euros"},"content":{"rendered":"<p class=\"paragraph text_align_left lp-f-body-02\">Ultime coup de marteau pour le palais Vivienne. <a href=\"https:\/\/www.leparisien.fr\/societe\/pierre-jean-chalencon-le-fou-de-l-empereur-28-11-2020-8411023.php\" rel=\"noopener\" target=\"_blank\">Pierre-Jean Chalen\u00e7on<\/a>, le collectionneur d\u2019objets napol\u00e9oniens, connu pour avoir particip\u00e9 \u00e0 l\u2019\u00e9mission \u00ab Affaire conclue \u00bb sur France 2, n\u2019est plus le propri\u00e9taire du palais Vivienne, dans le IIe arrondissement de Paris. Le superbe b\u00e2timent du XVIIIe si\u00e8cle de 506 m2 situ\u00e9 36, rue Vivienne, \u00e0 deux pas de la Bourse, a \u00e9t\u00e9 c\u00e9d\u00e9 \u00e0 la Swiss Life, l\u2019\u00e9tablissement bancaire cr\u00e9ancier du c\u00e9l\u00e8bre animateur. Une information r\u00e9v\u00e9l\u00e9e par le site d\u2019informations Actu.fr que nous sommes en mesure de confirmer.<\/p>\n<p class=\"paragraph text_align_left lp-f-body-02\">La sc\u00e8ne s\u2019est d\u00e9roul\u00e9e loin des cam\u00e9ras le 6 novembre <a href=\"https:\/\/www.leparisien.fr\/immobilier\/paris-la-vente-du-palais-vivienne-reportee-a-novembre-apres-un-recours-de-pierre-jean-chalencon-23-05-2024-IJT4IXK5VVGGXMHTQL66Z3QVFI.php\" target=\"_blank\" rel=\"noreferrer noopener\">en audience d\u2019adjudication<\/a> au tribunal judiciaire de Paris. Et tr\u00e8s rapidement. En 90 secondes pour \u00eatre pr\u00e9cis. Le temps imparti aux acheteurs \u00e9ventuels pour se faire conna\u00eetre et ench\u00e9rir. Seulement, personne ne s\u2019\u00e9tant manifest\u00e9, l\u2019h\u00f4tel particulier est automatiquement tomb\u00e9 dans l\u2019escarcelle de sa banque cr\u00e9anci\u00e8re, repr\u00e9sent\u00e9e sur place par son avocate Me Marie-Christine Fournier Gille, pour le montant de sa mise \u00e0 prix : 8 millions d\u2019euros, soit plus de 15 800 euros\/m2. Le collectionneur d\u2019art l\u2019avait acquis 4,5 millions d\u2019euros (environ 8 900 euros\/m2) il y a dix ans.<\/p>\n<p>Un solde de 2 millions \u00e0 r\u00e9gler pour l\u2019ex-chroniqueur d\u2019\u00ab Affaire conclue \u00bb ?<\/p>\n<p class=\"paragraph text_align_left lp-f-body-02\">Cette vente met fin \u00e0 pr\u00e8s de deux ans et demi de bras de fer entre l\u2019amateur de Napol\u00e9on et sa banque. Il s\u2019agissait de la troisi\u00e8me audience en adjudication, dont les deux pr\u00e9c\u00e9dentes avaient \u00e9t\u00e9 report\u00e9es \u00e0 la demande de Pierre-Jean Chalen\u00e7on, mettant en avant \u00e0 la barre du tribunal sa capacit\u00e9 \u00e0 <a href=\"https:\/\/www.leparisien.fr\/immobilier\/cela-va-sarranger-pierre-jean-chalencon-sauvera-t-il-son-palais-vivienne-mis-aux-encheres-29-04-2024-HP24XCYDBREMBF6D3MPNMRTNEI.php\" target=\"_blank\" rel=\"noreferrer noopener\">trouver de nouveaux financements<\/a> ou \u00e0 <a href=\"https:\/\/www.leparisien.fr\/culture-loisirs\/tv\/la-vente-aux-encheres-du-palais-vivienne-de-pierre-jean-chalencon-reportee-au-19-juin-le-collectionneur-se-dit-tres-satisfait-13-03-2025-D6RTXXUTBNDCLKAL7SQ23HS3PU.php\" target=\"_blank\" rel=\"noreferrer noopener\">vendre lui-m\u00eame <\/a>son palais \u00e0 l\u2019amiable. Deux hypoth\u00e8ses qui n\u2019ont finalement pas vu le jour.<\/p>\n<p class=\"paragraph text_align_left lp-f-body-02\">Cette issue ne solde pas pour autant les comptes de l\u2019animateur envers sa banque cr\u00e9anci\u00e8re. Si l\u2019avocate de Swiss Life ne souhaite faire aucun commentaire, sa cr\u00e9ance d\u00e9passe les 8 millions d\u2019euros. En janvier 2024, par jugement, elle avait \u00e9t\u00e9 fix\u00e9e \u00e0 9,4 millions d\u2019euros en incluant des int\u00e9r\u00eats de retard. Or, ceux-ci ont continu\u00e9 de courir depuis. Il est donc probable que Swiss Life r\u00e9clame d\u00e9sormais \u00e0 l\u2019animateur de lui r\u00e9gler le solde, environ 2 millions d\u2019euros.<\/p>\n<p class=\"paragraph text_align_left lp-f-body-02\">Mais le plus surprenant dans cette affaire reste que ce palais Vivienne, un vrai bijou d\u2019architecture, convoit\u00e9 par plusieurs repreneurs en d\u00e9but de proc\u00e9dure, n\u2019a finalement fait l\u2019objet d\u2019aucune ench\u00e8re. Sans doute, les reports r\u00e9p\u00e9t\u00e9s d\u2019audience ont-ils lass\u00e9 ces candidats qui s\u2019attendaient peut-\u00eatre \u00e0 un ultime renvoi ou rebondissement \u00e0 l\u2019audience du 6 novembre. D\u2019autant que pour participer \u00e0 cette vente, il leur fallait \u00e0 chaque fois d\u00e9poser en amont un ch\u00e8que de banque de 1 % de la valeur estim\u00e9e du palais, ce qui revient \u00e0 bloquer temporairement la coquette somme de 800 000 euros\u2026<\/p>\n<p class=\"paragraph text_align_left lp-f-body-02\">Contact\u00e9, Pierre-Jean Chalen\u00e7on se dit \u00ab tr\u00e8s en col\u00e8re \u00bb. \u00ab Il y a des crapules et elles paieront \u00bb, nous pr\u00e9cise-t-il, indiquant entamer tr\u00e8s prochainement des proc\u00e9dures en contestation.<\/p>\n","protected":false},"excerpt":{"rendered":"Ultime coup de marteau pour le palais Vivienne. Pierre-Jean Chalen\u00e7on, le collectionneur d\u2019objets napol\u00e9oniens, connu pour avoir particip\u00e9&hellip;\n","protected":false},"author":2,"featured_media":544762,"comment_status":"","ping_status":"","sticky":false,"template":"","format":"standard","meta":{"footnotes":""},"categories":[1888],"tags":[11,872,1777,674,1011,27,1116,12,626,25],"class_list":{"0":"post-544761","1":"post","2":"type-post","3":"status-publish","4":"format-standard","5":"has-post-thumbnail","7":"category-paris","8":"tag-actualites","9":"tag-culture-et-loisirs","10":"tag-eu","11":"tag-europe","12":"tag-fr","13":"tag-france","14":"tag-immobilier","15":"tag-news","16":"tag-paris","17":"tag-republique-francaise"},"share_on_mastodon":{"url":"https:\/\/pubeurope.com\/@fr\/115576622590281115","error":""},"_links":{"self":[{"href":"https:\/\/www.europesays.com\/fr\/wp-json\/wp\/v2\/posts\/544761","targetHints":{"allow":["GET"]}}],"collection":[{"href":"https:\/\/www.europesays.com\/fr\/wp-json\/wp\/v2\/posts"}],"about":[{"href":"https:\/\/www.europesays.com\/fr\/wp-json\/wp\/v2\/types\/post"}],"author":[{"embeddable":true,"href":"https:\/\/www.europesays.com\/fr\/wp-json\/wp\/v2\/users\/2"}],"replies":[{"embeddable":true,"href":"https:\/\/www.europesays.com\/fr\/wp-json\/wp\/v2\/comments?post=544761"}],"version-history":[{"count":0,"href":"https:\/\/www.europesays.com\/fr\/wp-json\/wp\/v2\/posts\/544761\/revisions"}],"wp:featuredmedia":[{"embeddable":true,"href":"https:\/\/www.europesays.com\/fr\/wp-json\/wp\/v2\/media\/544762"}],"wp:attachment":[{"href":"https:\/\/www.europesays.com\/fr\/wp-json\/wp\/v2\/media?parent=544761"}],"wp:term":[{"taxonomy":"category","embeddable":true,"href":"https:\/\/www.europesays.com\/fr\/wp-json\/wp\/v2\/categories?post=544761"},{"taxonomy":"post_tag","embeddable":true,"href":"https:\/\/www.europesays.com\/fr\/wp-json\/wp\/v2\/tags?post=544761"}],"curies":[{"name":"wp","href":"https:\/\/api.w.org\/{rel}","templated":true}]}}