{"id":544767,"date":"2025-11-19T13:36:14","date_gmt":"2025-11-19T13:36:14","guid":{"rendered":"https:\/\/www.europesays.com\/fr\/544767\/"},"modified":"2025-11-19T13:36:14","modified_gmt":"2025-11-19T13:36:14","slug":"etats-unis-le-texas-classe-deux-organisations-islamistes-dont-les-freres-musulmans-comme-terroristes","status":"publish","type":"post","link":"https:\/\/www.europesays.com\/fr\/544767\/","title":{"rendered":"\u00c9tats-Unis : le Texas classe deux organisations islamistes, dont les Fr\u00e8res musulmans, comme \u00ab terroristes \u00bb"},"content":{"rendered":"<p class=\"font-claude-response-body whitespace-normal break-words\">Le <a href=\"https:\/\/www.valeursactuelles.com\/monde\/etats-unis-le-texas-adopte-une-loi-interdisant-laide-medicale-aux-mineurs-transgenres\" target=\"_blank\" rel=\"noopener\">gouverneur r\u00e9publicain du Texas<\/a> a inscrit mardi les Fr\u00e8res musulmans et le Council on American-Islamic Relations (CAIR) sur la liste texane des entit\u00e9s terroristes. Cette d\u00e9signation leur \u00ab interdit d\u2019acheter ou d\u2019acqu\u00e9rir des terrains au Texas \u00bb et autorise des \u00ab poursuites pour les faire fermer \u00bb, a annonc\u00e9 Greg Abbott sur X.<\/p>\n<p><a href=\"https:\/\/www.valeursactuelles.com\/politique\/lislamisme-est-une-ideologie-religieuse-meurtriere-que-vous-refusez-de-nommer-lavocate-de-la-soeur-de-samuel-paty-accuse-la-deputee-lfi-nathalie-oziol\" class=\"h-flex h-align-items-center h-border-tb h-ptb-15\" target=\"_blank\" rel=\"noopener\">A\u00a0LIRE\u00a0\u00ab L\u2019islamisme est une id\u00e9ologie religieuse meurtri\u00e8re que vous refusez de nommer \u00bb : l\u2019avocate de la s\u0153ur de Samuel Paty accuse la d\u00e9put\u00e9e LFI Nathalie Oziol<\/a><\/p>\n<p class=\"font-claude-response-body whitespace-normal break-words\">Cette d\u00e9cision, in\u00e9dite \u00e0 l\u2019\u00e9chelle d\u2019un \u00c9tat pour des organisations op\u00e9rant aux \u00c9tats-Unis, intervient alors que la comp\u00e9tence de <a href=\"https:\/\/www.valeursactuelles.com\/clubvaleurs\/lincorrect\/attentats-du-13-novembre-la-violence-terroriste-passe-desormais-par-la-force-de-persuasion-des-reseaux-sociaux-affirme-gilles-kepel\" target=\"_blank\" rel=\"noopener\">d\u00e9signation d\u2019entit\u00e9s terroristes<\/a> rel\u00e8ve habituellement du gouvernement f\u00e9d\u00e9ral. Greg Abbott avait d\u00e9j\u00e0 franchi ce pas en septembre 2024 en classant le <a href=\"https:\/\/www.valeursactuelles.com\/monde\/narcotrafic-donald-trump-autorise-la-cia-a-mener-des-operations-clandestines-au-venezuela\" target=\"_blank\" rel=\"noopener\">gang v\u00e9n\u00e9zu\u00e9lien<\/a> Tren de Aragua comme \u00ab organisation terroriste \u00e9trang\u00e8re \u00bb, avant que Donald Trump ne proc\u00e8de au m\u00eame classement au niveau f\u00e9d\u00e9ral en f\u00e9vrier 2025, apr\u00e8s son retour \u00e0 la Maison-Blanche.<\/p>\n<blockquote class=\"twitter-tweet\">\n<p dir=\"ltr\" lang=\"en\">Today, I designated the Muslim Brotherhood and Council on American-Islamic Relations as foreign terrorist and transnational criminal organizations.<\/p>\n<p>This bans them from buying or acquiring land in Texas and authorizes the Attorney General to sue to shut them down. <a href=\"https:\/\/t.co\/lSYvpkTmh3\">pic.twitter.com\/lSYvpkTmh3<\/a><\/p>\n<p>\u2014 Greg Abbott (@GregAbbott_TX) <a href=\"https:\/\/twitter.com\/GregAbbott_TX\/status\/1990800292225691720?ref_src=twsrc%5Etfw\" target=\"_blank\" rel=\"noopener\">November 18, 2025<\/a><\/p>\n<\/blockquote>\n<p><a href=\"https:\/\/www.valeursactuelles.com\/clubvaleurs\/politique\/francois-dorcival-les-menaces-de-lislamisme-politique\" class=\"h-flex h-align-items-center h-border-tb h-ptb-15\" target=\"_blank\" rel=\"noopener\">A\u00a0LIRE\u00a0Fran\u00e7ois d\u2019Orcival : Les menaces de l\u2019islamisme politique<\/a><strong>Une d\u00e9cision \u00ab diffamatoire \u00bb, selon l<\/strong><strong>e CAIR<\/strong><\/p>\n<p class=\"font-claude-response-body whitespace-normal break-words\">Le CAIR, l\u2019une des principales organisations de d\u00e9fense des droits des musulmans aux \u00c9tats-Unis, a d\u00e9nonc\u00e9 sur X une d\u00e9cision \u00ab diffamatoire \u00bb d\u00e9nu\u00e9e de \u00ab fondement factuel ou juridique \u00bb. Tr\u00e8s critique de la politique am\u00e9ricaine vis-\u00e0-vis de la guerre \u00e0 Gaza, l\u2019organisation accuse Greg Abbott d\u2019attiser \u00ab l\u2019hyst\u00e9rie antimusulmane afin de discr\u00e9diter les musulmans am\u00e9ricains critiques du gouvernement isra\u00e9lien \u00bb et de servir un agenda pro-isra\u00e9lien.<\/p>\n<p class=\"font-claude-response-body whitespace-normal break-words\">Le gouverneur du Texas s\u2019est montr\u00e9 ces derniers mois particuli\u00e8rement offensif contre les mobilisations propalestiniennes, qualifiant d\u2019\u00ab antis\u00e9mites \u00bb des manifestations \u00e9tudiantes tenues dans l\u2019\u00c9tat depuis le 7 octobre 2023. En septembre, il avait aussi promulgu\u00e9 une loi interdisant la cr\u00e9ation de complexes \u00ab soumis \u00e0 la charia \u00bb, en r\u00e9ponse \u00e0 un projet immobilier destin\u00e9 \u00e0 des musulmans comprenant une mosqu\u00e9e.<\/p>\n<p>                                                                    <script async src=\"https:\/\/platform.twitter.com\/widgets.js\" charset=\"utf-8\"><\/script><\/p>\n","protected":false},"excerpt":{"rendered":"Le gouverneur r\u00e9publicain du Texas a inscrit mardi les Fr\u00e8res musulmans et le Council on American-Islamic Relations (CAIR)&hellip;\n","protected":false},"author":2,"featured_media":544768,"comment_status":"","ping_status":"","sticky":false,"template":"","format":"standard","meta":{"footnotes":""},"categories":[1589],"tags":[11,73,1866,9305,12,1254,3926,1864,1865,1863,308],"class_list":{"0":"post-544767","1":"post","2":"type-post","3":"status-publish","4":"format-standard","5":"has-post-thumbnail","7":"category-etats-unis","8":"tag-actualites","9":"tag-etats-unis","10":"tag-etats-unis-damerique","11":"tag-freres-musulmans","12":"tag-news","13":"tag-terrorisme","14":"tag-texas","15":"tag-united-states","16":"tag-united-states-of-america","17":"tag-us","18":"tag-usa"},"share_on_mastodon":{"url":"https:\/\/pubeurope.com\/@fr\/115576634293366586","error":""},"_links":{"self":[{"href":"https:\/\/www.europesays.com\/fr\/wp-json\/wp\/v2\/posts\/544767","targetHints":{"allow":["GET"]}}],"collection":[{"href":"https:\/\/www.europesays.com\/fr\/wp-json\/wp\/v2\/posts"}],"about":[{"href":"https:\/\/www.europesays.com\/fr\/wp-json\/wp\/v2\/types\/post"}],"author":[{"embeddable":true,"href":"https:\/\/www.europesays.com\/fr\/wp-json\/wp\/v2\/users\/2"}],"replies":[{"embeddable":true,"href":"https:\/\/www.europesays.com\/fr\/wp-json\/wp\/v2\/comments?post=544767"}],"version-history":[{"count":0,"href":"https:\/\/www.europesays.com\/fr\/wp-json\/wp\/v2\/posts\/544767\/revisions"}],"wp:featuredmedia":[{"embeddable":true,"href":"https:\/\/www.europesays.com\/fr\/wp-json\/wp\/v2\/media\/544768"}],"wp:attachment":[{"href":"https:\/\/www.europesays.com\/fr\/wp-json\/wp\/v2\/media?parent=544767"}],"wp:term":[{"taxonomy":"category","embeddable":true,"href":"https:\/\/www.europesays.com\/fr\/wp-json\/wp\/v2\/categories?post=544767"},{"taxonomy":"post_tag","embeddable":true,"href":"https:\/\/www.europesays.com\/fr\/wp-json\/wp\/v2\/tags?post=544767"}],"curies":[{"name":"wp","href":"https:\/\/api.w.org\/{rel}","templated":true}]}}