{"id":544771,"date":"2025-11-19T13:38:13","date_gmt":"2025-11-19T13:38:13","guid":{"rendered":"https:\/\/www.europesays.com\/fr\/544771\/"},"modified":"2025-11-19T13:38:13","modified_gmt":"2025-11-19T13:38:13","slug":"lallemagne-veut-renforcer-sa-defense-spatiale-face-a-la-menace-russe-et-chinoise","status":"publish","type":"post","link":"https:\/\/www.europesays.com\/fr\/544771\/","title":{"rendered":"L\u2019Allemagne veut renforcer sa d\u00e9fense spatiale face \u00e0 la menace russe et chinoise"},"content":{"rendered":"<p>\t\t\t\t Le gouvernement allemand a d\u00e9voil\u00e9 mercredi sa toute premi\u00e8re strat\u00e9gie de d\u00e9fense dans l\u2019espace, afin d\u2019y renforcer la pr\u00e9sence europ\u00e9enne et prot\u00e9ger les satellites des tensions militaires croissantes avec les rivaux russes et chinois.<\/p>\n<p>\u00ab\u00a0Nous devons avoir et d\u00e9velopper une capacit\u00e9 de dissuasion et de d\u00e9fense\u00a0\u00bb dans l\u2019espace, a d\u00e9clar\u00e9 le ministre de la d\u00e9fense Boris Pistorius en conf\u00e9rence de presse.<\/p>\n<p>\u00ab\u00a0Nous ne devons pas \u00eatre na\u00effs en observant simplement ce que font la Chine ou les \u00c9tats-Unis\u00a0\u00bb dans la d\u00e9fense spatiale, a rench\u00e9ri \u00e0 ses c\u00f4t\u00e9s la ministre de la Recherche Dorothee B\u00e4r.<\/p>\n<p>Comme annonc\u00e9 en septembre, la Bundeswehr va investir environ 35 milliards d\u2019euros d\u2019ici \u00e0 2030 dans cette strat\u00e9gie, con\u00e7ue en collaboration avec le minist\u00e8re des Affaires \u00e9trang\u00e8res et celui coiffant la recherche, la technologie et l\u2019espace.<\/p>\n<p>Les \u00c9tats-Unis, la Chine et la Russie sont \u00a0\u00bb massivement actifs\u00a0\u00bb dans l\u2019espace et l\u2019Allemagne \u00a0\u00bb doit \u00eatre en mesure de se d\u00e9fendre [\u2026] pour prot\u00e9ger nos satellites\u00a0\u00bb, car une \u00a0\u00bb attaque efficace\u00a0\u00bb pourrait \u00ab\u00a0paralyser potentiellement des \u00c9tats entiers\u00a0\u00bb, selon M.Pistorius.<\/p>\n<p>Il a cit\u00e9 une cyberattaque contre des satellites au d\u00e9but de l\u2019invasion russe en Ukraine qui avait provoqu\u00e9 la panne de plusieurs centaines d\u2019\u00e9oliennes sur le sol d\u2019allemand.<\/p>\n<p>Les t\u00e9l\u00e9communications, les syst\u00e8mes de GPS, les virements bancaires ou encore les pr\u00e9visions m\u00e9t\u00e9orologiques reposent sur des satellites en orbite, au c\u0153ur de la strat\u00e9gie spatiale civile d\u00e9velopp\u00e9e \u00e0 ce jour par l\u2019Allemagne.<\/p>\n<p>Dans un contexte de r\u00e9armement europ\u00e9en, dont l\u2019Allemagne veut \u00eatre le fer de lance, \u00ab\u00a0la conduite moderne des op\u00e9rations militaires sans donn\u00e9es est absolument impensable et inimaginable\u00a0\u00bb, a d\u00e9clar\u00e9 Boris Pistorius.<\/p>\n<p>N\u00e9anmoins, \u00ab\u00a0nous ne sommes pas offensifs dans l\u2019espace\u00a0\u00bb, et \u00ab\u00a0nous n\u2019attaquerons ni ne laisserons attaquer, ni maintenant ni \u00e0 l\u2019avenir, les satellites d\u2019une autre nation\u00a0\u00bb.<\/p>\n<p>Berlin aspire \u00e0 une utilisation \u00ab\u00a0pacifique, durable et bas\u00e9e sur des r\u00e8gles\u00a0\u00bb de l\u2019espace afin de \u00ab\u00a0pr\u00e9venir une course aux armements\u00a0\u00bb, pr\u00e9cise un communiqu\u00e9.<\/p>\n<p>M.Pistorius appelle aussi \u00e0 renforcer la coop\u00e9ration avec l\u2019Europe, l\u2019OTAN et les Am\u00e9ricains, car \u00ab\u00a0ce serait pr\u00e9somptueux\u00a0\u00bb de l\u2019Allemagne de rivaliser \u00ab\u00a0seule\u00a0\u00bb avec la Russie et la Chine.<\/p>\n<p>Cela viserait l\u2019utilisation commune des capacit\u00e9s de lancement et des programmes spatiaux internationaux.<\/p>\n<p>L\u2019Allemagne et l\u2019UE poussent \u00e9galement pour unifier les r\u00e8gles des 27 encadrant le secteur spatial europ\u00e9en afin de stimuler sa comp\u00e9titivit\u00e9.<\/p>\n","protected":false},"excerpt":{"rendered":"Le gouvernement allemand a d\u00e9voil\u00e9 mercredi sa toute premi\u00e8re strat\u00e9gie de d\u00e9fense dans l\u2019espace, afin d\u2019y renforcer la&hellip;\n","protected":false},"author":2,"featured_media":544772,"comment_status":"","ping_status":"","sticky":false,"template":"","format":"standard","meta":{"footnotes":""},"categories":[1587],"tags":[11,672,1804,1805,1803,1777,674,1801,12,1802],"class_list":{"0":"post-544771","1":"post","2":"type-post","3":"status-publish","4":"format-standard","5":"has-post-thumbnail","7":"category-allemagne","8":"tag-actualites","9":"tag-allemagne","10":"tag-bundesrepublik-deutschland","11":"tag-de","12":"tag-deutschland","13":"tag-eu","14":"tag-europe","15":"tag-germany","16":"tag-news","17":"tag-republique-federale-dallemagne"},"share_on_mastodon":{"url":"https:\/\/pubeurope.com\/@fr\/115576642313479495","error":""},"_links":{"self":[{"href":"https:\/\/www.europesays.com\/fr\/wp-json\/wp\/v2\/posts\/544771","targetHints":{"allow":["GET"]}}],"collection":[{"href":"https:\/\/www.europesays.com\/fr\/wp-json\/wp\/v2\/posts"}],"about":[{"href":"https:\/\/www.europesays.com\/fr\/wp-json\/wp\/v2\/types\/post"}],"author":[{"embeddable":true,"href":"https:\/\/www.europesays.com\/fr\/wp-json\/wp\/v2\/users\/2"}],"replies":[{"embeddable":true,"href":"https:\/\/www.europesays.com\/fr\/wp-json\/wp\/v2\/comments?post=544771"}],"version-history":[{"count":0,"href":"https:\/\/www.europesays.com\/fr\/wp-json\/wp\/v2\/posts\/544771\/revisions"}],"wp:featuredmedia":[{"embeddable":true,"href":"https:\/\/www.europesays.com\/fr\/wp-json\/wp\/v2\/media\/544772"}],"wp:attachment":[{"href":"https:\/\/www.europesays.com\/fr\/wp-json\/wp\/v2\/media?parent=544771"}],"wp:term":[{"taxonomy":"category","embeddable":true,"href":"https:\/\/www.europesays.com\/fr\/wp-json\/wp\/v2\/categories?post=544771"},{"taxonomy":"post_tag","embeddable":true,"href":"https:\/\/www.europesays.com\/fr\/wp-json\/wp\/v2\/tags?post=544771"}],"curies":[{"name":"wp","href":"https:\/\/api.w.org\/{rel}","templated":true}]}}