{"id":544775,"date":"2025-11-19T13:40:18","date_gmt":"2025-11-19T13:40:18","guid":{"rendered":"https:\/\/www.europesays.com\/fr\/544775\/"},"modified":"2025-11-19T13:40:18","modified_gmt":"2025-11-19T13:40:18","slug":"technologie-lue-veut-assouplir-ses-regles-sur-lia","status":"publish","type":"post","link":"https:\/\/www.europesays.com\/fr\/544775\/","title":{"rendered":"Technologie. L&rsquo;UE veut assouplir ses r\u00e8gles sur l&rsquo;IA"},"content":{"rendered":"<p class=\"paragraph-1-base\">L&rsquo;UE s&rsquo;est dot\u00e9e l&rsquo;an dernier d&rsquo;une ambitieuse loi en mati\u00e8re d&rsquo;IA (AI Act), qui doit entrer en vigueur de mani\u00e8re progressive. Bruxelles veut d\u00e9sormais donner au secteur jusqu&rsquo;\u00e0 fin 2027, au lieu d&rsquo;ao\u00fbt 2026, pour se conformer aux obligations sur ces syst\u00e8mes \u00e0 hauts risques, des IA qui concernent des domaines sensibles comme la s\u00e9curit\u00e9, la sant\u00e9 ou les droits fondamentaux.<\/p>\n<p class=\"paragraph-1-base after:text-primary after:heading-2-xl after:relative after:top-[2px] after:pl-1 after:!leading-[18px] after:text-primary-300 after:content-[&quot;\u00bb&quot;] dark:after:text-primary-300\">C&rsquo;est l&rsquo;une des mesures phares d&rsquo;un projet de loi de simplification de la r\u00e9glementation en mati\u00e8re num\u00e9rique, pr\u00e9sent\u00e9 mercredi par Bruxelles.<\/p>\n","protected":false},"excerpt":{"rendered":"L&rsquo;UE s&rsquo;est dot\u00e9e l&rsquo;an dernier d&rsquo;une ambitieuse loi en mati\u00e8re d&rsquo;IA (AI Act), qui doit entrer en vigueur&hellip;\n","protected":false},"author":2,"featured_media":544776,"comment_status":"","ping_status":"","sticky":false,"template":"","format":"standard","meta":{"footnotes":""},"categories":[1586],"tags":[11,313,1777,674,1779,1011,27,12,4125,25,71,656,717,1778,364],"class_list":{"0":"post-544775","1":"post","2":"type-post","3":"status-publish","4":"format-standard","5":"has-post-thumbnail","7":"category-europe","8":"tag-actualites","9":"tag-entreprises","10":"tag-eu","11":"tag-europe","12":"tag-european-union","13":"tag-fr","14":"tag-france","15":"tag-news","16":"tag-numerique","17":"tag-republique-francaise","18":"tag-sante","19":"tag-securite","20":"tag-technologie","21":"tag-ue","22":"tag-union-europeenne"},"share_on_mastodon":{"url":"https:\/\/pubeurope.com\/@fr\/115576650458388610","error":""},"_links":{"self":[{"href":"https:\/\/www.europesays.com\/fr\/wp-json\/wp\/v2\/posts\/544775","targetHints":{"allow":["GET"]}}],"collection":[{"href":"https:\/\/www.europesays.com\/fr\/wp-json\/wp\/v2\/posts"}],"about":[{"href":"https:\/\/www.europesays.com\/fr\/wp-json\/wp\/v2\/types\/post"}],"author":[{"embeddable":true,"href":"https:\/\/www.europesays.com\/fr\/wp-json\/wp\/v2\/users\/2"}],"replies":[{"embeddable":true,"href":"https:\/\/www.europesays.com\/fr\/wp-json\/wp\/v2\/comments?post=544775"}],"version-history":[{"count":0,"href":"https:\/\/www.europesays.com\/fr\/wp-json\/wp\/v2\/posts\/544775\/revisions"}],"wp:featuredmedia":[{"embeddable":true,"href":"https:\/\/www.europesays.com\/fr\/wp-json\/wp\/v2\/media\/544776"}],"wp:attachment":[{"href":"https:\/\/www.europesays.com\/fr\/wp-json\/wp\/v2\/media?parent=544775"}],"wp:term":[{"taxonomy":"category","embeddable":true,"href":"https:\/\/www.europesays.com\/fr\/wp-json\/wp\/v2\/categories?post=544775"},{"taxonomy":"post_tag","embeddable":true,"href":"https:\/\/www.europesays.com\/fr\/wp-json\/wp\/v2\/tags?post=544775"}],"curies":[{"name":"wp","href":"https:\/\/api.w.org\/{rel}","templated":true}]}}