{"id":544777,"date":"2025-11-19T13:41:22","date_gmt":"2025-11-19T13:41:22","guid":{"rendered":"https:\/\/www.europesays.com\/fr\/544777\/"},"modified":"2025-11-19T13:41:22","modified_gmt":"2025-11-19T13:41:22","slug":"eve-gilles-miss-france-2024-a-choisi-de-defiler-dans-une-tenue-rendant-hommage-a-jeanne-darc","status":"publish","type":"post","link":"https:\/\/www.europesays.com\/fr\/544777\/","title":{"rendered":"\u00c8ve Gilles, Miss France 2024, a choisi de d\u00e9filer dans une tenue rendant hommage \u00e0 Jeanne d\u2019Arc"},"content":{"rendered":"<p>Elle a choisi l\u2019<a href=\"https:\/\/www.20minutes.fr\/dossier\/histoire\" class=\"c-link c-link--is-underlined\" target=\"_blank\" rel=\"noopener\">Histoire<\/a> avec un grand H\u00a0: \u00e0 l\u2019occasion du d\u00e9fil\u00e9 en costume national pour l\u2019\u00e9lection de <a href=\"https:\/\/www.20minutes.fr\/dossier\/miss_univers\" class=\"c-link c-link--is-underlined\" target=\"_blank\" rel=\"noopener\">Miss Univers<\/a> 2025, <a href=\"https:\/\/www.20minutes.fr\/arts-stars\/people\/eve-gilles\/\" class=\"c-link c-link--is-underlined\" target=\"_blank\" rel=\"noopener\">\u00c8ve Gilles<\/a>, qui y repr\u00e9sente la France, a choisi de se pr\u00e9senter v\u00eatue d\u2019un costume argent\u00e9 rendant hommage \u00e0 <a href=\"https:\/\/www.20minutes.fr\/dossier\/jeanne_d_arc\" class=\"c-link c-link--is-underlined\" target=\"_blank\" rel=\"noopener\">Jeanne d\u2019Arc<\/a>, rapporte <a href=\"https:\/\/www.leparisien.fr\/culture-loisirs\/miss-france\/miss-univers-2025-decouvrez-le-costume-national-deve-gilles-en-hommage-a-jeanne-darc-19-11-2025-5P6VIFMFPVGBJMTSGT6RIJN5NY.php\" target=\"_blank\" class=\"c-link c-link--is-underlined\" rel=\"noopener\">Le Parisien<\/a>.<\/p>\n<\/p>\n<p>Un symbole national puissant<\/p>\n<p>La <a href=\"https:\/\/www.20minutes.fr\/arts-stars\/television\/miss_france\/4067133-20231217-miss-france-2024-eve-gilles-nouvelle-laureate-venue-nord\" class=\"c-link c-link--is-underlined\" target=\"_blank\" rel=\"noopener\">Miss France 2024<\/a>, qui avait gard\u00e9 le secret \u00ab\u00a0jusqu\u2019au dernier moment\u00a0\u00bb, a en outre d\u00e9fil\u00e9 portant un <a href=\"https:\/\/www.20minutes.fr\/dossier\/drapeau\" class=\"c-link c-link--is-underlined\" target=\"_blank\" rel=\"noopener\">drapeau <\/a>bleu blanc rouge orn\u00e9 d\u2019une colombe et nou\u00e9 \u00e0 la hampe d\u2019une lance, argent\u00e9e elle aussi. Un spectaculaire ensemble qu\u2019elle a r\u00e9v\u00e9l\u00e9 dans un post publi\u00e9, mercredi 19\u00a0novembre 2025, sur son compte <a href=\"https:\/\/www.20minutes.fr\/high-tech\/instagram\/\" class=\"c-link c-link--is-underlined\" target=\"_blank\" rel=\"noopener\">Instagram<\/a>.<\/p>\n<p class=\"mb-xxl@xs color-ultramarine font-weight-semi-bold@xs font-source-serif-pro heading-s@xs\">L\u2019acc\u00e8s \u00e0 ce contenu a \u00e9t\u00e9 bloqu\u00e9 afin de respecter votre choix de consentement<\/p>\n<p class=\"mb-m@xs text-l@xs\">En cliquant sur\u00ab J\u2019accepte \u00bb, vous acceptez le d\u00e9p\u00f4t de cookies par des services externes et aurez ainsi acc\u00e8s aux contenus de nos partenaires.<\/p>\n<p class=\"mb-xl@xs text-s@xs\">Plus d\u2019informations sur la page<a href=\"https:\/\/www.20minutes.fr\/gestion-cookies\" class=\"mx-xxs@xs color-ultramarine\" target=\"_blank\" rel=\"noopener\">Politique de gestion des cookies<\/a><\/p>\n<p>J\u2019accepte<\/p>\n<p>\u00ab\u00a0J\u2019ai choisi cette femme inspirante pour repr\u00e9senter mon pays afin de lui rendre hommage et de garder son histoire vivante dans nos m\u00e9moires\u00a0\u00bb, \u00e9crit \u00c8ve Gilles en l\u00e9gende, ajoutant que dans un monde \u00ab\u00a0si divis\u00e9\u00a0\u00bb, elle voulait \u00ab\u00a0incarner cette <a href=\"https:\/\/www.20minutes.fr\/podcast\/2952071-20210115-jeanne-arc-icone-queer-transidentite-historien-clovis-maillet-podcast\" class=\"c-link c-link--is-underlined\" target=\"_blank\" rel=\"noopener\">guerri\u00e8re engag\u00e9e pour la paix<\/a>\u00a0\u00bb, qu\u2019elle d\u00e9crit comme \u00ab\u00a0une chef militaire devenue une Sainte\u00a0\u00bb.<\/p>\n<p><a href=\"https:\/\/www.20minutes.fr\/dossier\/miss_univers\" class=\"c-link c-btn c-btn--primary\" target=\"_blank\" rel=\"noopener\">Notre dossier \u00ab Miss Univers 2025 \u00bb<\/a><\/p>\n<p>Sacr\u00e9e Miss France 2024 fin\u00a02023, <a href=\"https:\/\/www.20minutes.fr\/arts-stars\/television\/miss_france\/4067144-20231217-miss-france-2024-pourquoi-nord-calais-re-devenu-terre-miss\" class=\"c-link c-link--is-underlined\" target=\"_blank\" rel=\"noopener\">la nordiste de 22 ans<\/a> est d\u00e9sormais \u00ab\u00a0en concurrence\u00a0\u00bb avec 120 candidates venues du monde entier pour le titre de Miss Univers. L\u2019\u00e9lection, qui sera retransmise sur <a href=\"https:\/\/www.20minutes.fr\/dossier\/paris_premiere\" class=\"c-link c-link--is-underlined\" target=\"_blank\" rel=\"noopener\">Paris Premi\u00e8re<\/a> dans la nuit du jeudi\u00a020 au vendredi 21\u00a0novembre 2025, pourrait la voir devenir <a href=\"https:\/\/www.20minutes.fr\/culture\/2005111-20170130-miss-univers-2017-comment-francaise-iris-mittenaere-fait-gagner\" class=\"c-link c-link--is-underlined\" target=\"_blank\" rel=\"noopener\">la troisi\u00e8me Fran\u00e7aise sacr\u00e9e<\/a>.<\/p>\n","protected":false},"excerpt":{"rendered":"Elle a choisi l\u2019Histoire avec un grand H\u00a0: \u00e0 l\u2019occasion du d\u00e9fil\u00e9 en costume national pour l\u2019\u00e9lection de&hellip;\n","protected":false},"author":2,"featured_media":544778,"comment_status":"","ping_status":"","sticky":false,"template":"","format":"standard","meta":{"footnotes":""},"categories":[2],"tags":[11,50769,251,58,62973,1011,27,2440,14168,3034,30091,12,25],"class_list":{"0":"post-544777","1":"post","2":"type-post","3":"status-publish","4":"format-standard","5":"has-post-thumbnail","7":"category-actualites","8":"tag-actualites","9":"tag-concours-de-beaute","10":"tag-culture","11":"tag-divertissement","12":"tag-eve-gilles","13":"tag-fr","14":"tag-france","15":"tag-instagram","16":"tag-jeanne-darc","17":"tag-miss-france","18":"tag-miss-univers","19":"tag-news","20":"tag-republique-francaise"},"share_on_mastodon":{"url":"https:\/\/pubeurope.com\/@fr\/115576654080421906","error":""},"_links":{"self":[{"href":"https:\/\/www.europesays.com\/fr\/wp-json\/wp\/v2\/posts\/544777","targetHints":{"allow":["GET"]}}],"collection":[{"href":"https:\/\/www.europesays.com\/fr\/wp-json\/wp\/v2\/posts"}],"about":[{"href":"https:\/\/www.europesays.com\/fr\/wp-json\/wp\/v2\/types\/post"}],"author":[{"embeddable":true,"href":"https:\/\/www.europesays.com\/fr\/wp-json\/wp\/v2\/users\/2"}],"replies":[{"embeddable":true,"href":"https:\/\/www.europesays.com\/fr\/wp-json\/wp\/v2\/comments?post=544777"}],"version-history":[{"count":0,"href":"https:\/\/www.europesays.com\/fr\/wp-json\/wp\/v2\/posts\/544777\/revisions"}],"wp:featuredmedia":[{"embeddable":true,"href":"https:\/\/www.europesays.com\/fr\/wp-json\/wp\/v2\/media\/544778"}],"wp:attachment":[{"href":"https:\/\/www.europesays.com\/fr\/wp-json\/wp\/v2\/media?parent=544777"}],"wp:term":[{"taxonomy":"category","embeddable":true,"href":"https:\/\/www.europesays.com\/fr\/wp-json\/wp\/v2\/categories?post=544777"},{"taxonomy":"post_tag","embeddable":true,"href":"https:\/\/www.europesays.com\/fr\/wp-json\/wp\/v2\/tags?post=544777"}],"curies":[{"name":"wp","href":"https:\/\/api.w.org\/{rel}","templated":true}]}}