{"id":544783,"date":"2025-11-19T13:46:24","date_gmt":"2025-11-19T13:46:24","guid":{"rendered":"https:\/\/www.europesays.com\/fr\/544783\/"},"modified":"2025-11-19T13:46:24","modified_gmt":"2025-11-19T13:46:24","slug":"le-club-va-soffrir-un-centre-castrais-avec-effet-immediat","status":"publish","type":"post","link":"https:\/\/www.europesays.com\/fr\/544783\/","title":{"rendered":"le club va s\u2019offrir un centre castrais avec effet imm\u00e9diat !"},"content":{"rendered":"<p>Le Stade Rochelais se renforce en pleine saison. Depuis le d\u00e9but de la saison, le club \u00e0 la caravelle n\u2019est <a href=\"https:\/\/www.quinzemondial.com\/top-14\/stade-rochelais-pourquoi-la-treve-internationale-a-fait-beaucoup-de-mal-au-club-820552\" rel=\"nofollow noopener\" target=\"_blank\">pas \u00e9pargn\u00e9 par les blessures<\/a>. Si le paquet d\u2019avant est touch\u00e9 avec notamment l\u2019absence d\u2019Atonio, les lignes arri\u00e8res subissent \u00e9galement des d\u00e9fections. Jonathan Danty s\u2019est gravement bless\u00e9 au genou et ne rejouera pas de la saison, tandis que Semi Lagivala est s\u00e9rieusement touch\u00e9 \u00e0 la cheville.<\/p>\n<p>Le staff rochelais s\u2019\u00e9tait alors mis en qu\u00eate d\u2019un renfort pour venir compl\u00e9ter l\u2019effectif. Selon les informations de <a href=\"https:\/\/www.rugbyrama.fr\/2025\/11\/19\/exclu-midol-transferts-top-14-adrien-seguret-castres-en-partance-avec-effet-immediat-a-la-rochelle-taylor-gontineac-pour-le-remplacer-au-co-13060821.php\" rel=\"nofollow noopener\" target=\"_blank\">Rugbyrama<\/a>, Adrien S\u00e9guret va s\u2019engager dans les prochaines heures avec les Maritimes.<\/p>\n<p>Gontineac pour le remplacer<\/p>\n<p>Le centre de 27 ans est une valeur s\u00fbre de Top 14 et brille avec le CO. Il devrait s\u2019engager jusqu\u2019en 2028 avec le Stade Rochelais. De son c\u00f4t\u00e9, le club tarnais a d\u00e9j\u00e0 trouv\u00e9 son rempla\u00e7ant et devrait faire appel \u00e0 Taylor Gontineac. Peu utilis\u00e9 par B\u00e9ziers, celui qui devait arriver \u00e0 Castres en fin de saison devrait anticiper son d\u00e9part.<\/p>\n<p>Partagez cette info avec vos amis et vos proches en cliquant ici<br \/>Pour r\u00e9sumer<\/p>\n<p>Selon les informations de Rugbyrama, le Stade Rochelais aurait trouv\u00e9 un accord avec le Castres Olympique pour s\u2019offrir un centre. Ce dernier devrait d\u00e9barquer sur la c\u00f4te Atlantique dans les prochaines heures.<\/p>\n<p> <img decoding=\"async\" width=\"76\" height=\"76\" loading=\"lazy\" src=\"https:\/\/www.europesays.com\/fr\/wp-content\/uploads\/2025\/04\/avatar-quinze.png\" alt=\"Arnaud D\u00e9chelotte\"\/><\/p>\n","protected":false},"excerpt":{"rendered":"Le Stade Rochelais se renforce en pleine saison. Depuis le d\u00e9but de la saison, le club \u00e0 la&hellip;\n","protected":false},"author":2,"featured_media":544784,"comment_status":"","ping_status":"","sticky":false,"template":"","format":"standard","meta":{"footnotes":""},"categories":[1416],"tags":[1011,27,479,1468,60,478],"class_list":{"0":"post-544783","1":"post","2":"type-post","3":"status-publish","4":"format-standard","5":"has-post-thumbnail","7":"category-rugby","8":"tag-fr","9":"tag-france","10":"tag-rugby","11":"tag-rugby-football","12":"tag-sports","13":"tag-top-14"},"share_on_mastodon":{"url":"https:\/\/pubeurope.com\/@fr\/115576674856132080","error":""},"_links":{"self":[{"href":"https:\/\/www.europesays.com\/fr\/wp-json\/wp\/v2\/posts\/544783","targetHints":{"allow":["GET"]}}],"collection":[{"href":"https:\/\/www.europesays.com\/fr\/wp-json\/wp\/v2\/posts"}],"about":[{"href":"https:\/\/www.europesays.com\/fr\/wp-json\/wp\/v2\/types\/post"}],"author":[{"embeddable":true,"href":"https:\/\/www.europesays.com\/fr\/wp-json\/wp\/v2\/users\/2"}],"replies":[{"embeddable":true,"href":"https:\/\/www.europesays.com\/fr\/wp-json\/wp\/v2\/comments?post=544783"}],"version-history":[{"count":0,"href":"https:\/\/www.europesays.com\/fr\/wp-json\/wp\/v2\/posts\/544783\/revisions"}],"wp:featuredmedia":[{"embeddable":true,"href":"https:\/\/www.europesays.com\/fr\/wp-json\/wp\/v2\/media\/544784"}],"wp:attachment":[{"href":"https:\/\/www.europesays.com\/fr\/wp-json\/wp\/v2\/media?parent=544783"}],"wp:term":[{"taxonomy":"category","embeddable":true,"href":"https:\/\/www.europesays.com\/fr\/wp-json\/wp\/v2\/categories?post=544783"},{"taxonomy":"post_tag","embeddable":true,"href":"https:\/\/www.europesays.com\/fr\/wp-json\/wp\/v2\/tags?post=544783"}],"curies":[{"name":"wp","href":"https:\/\/api.w.org\/{rel}","templated":true}]}}