{"id":544785,"date":"2025-11-19T13:47:11","date_gmt":"2025-11-19T13:47:11","guid":{"rendered":"https:\/\/www.europesays.com\/fr\/544785\/"},"modified":"2025-11-19T13:47:11","modified_gmt":"2025-11-19T13:47:11","slug":"coupe-davis-privee-de-ses-leaders-mais-en-terre-connue-litalie-est-prete-a-tout-pour-garder-son-titre-face-a-lautriche-rtl-info","status":"publish","type":"post","link":"https:\/\/www.europesays.com\/fr\/544785\/","title":{"rendered":"Coupe Davis : priv\u00e9e de ses leaders mais en terre connue, l\u2019Italie est pr\u00eate \u00e0 tout pour garder son titre face \u00e0 l\u2019Autriche &#8211; RTL Info"},"content":{"rendered":"<ol>\n<li><a href=\"https:\/\/news.google.com\/rss\/articles\/CBMi5gFBVV95cUxQRGlLenA2QW5EQkpFSUZ1QWJfU0p6aHlSWXprUVJPbV85QXBKVmV5RDBYZEVxVWY3OGNTcDYxVzdYVEhPaTIxNzJlT2pjZjg4VmVBclJGV1gyeFBEdTFmSEtEOGRYd1JwYUpVWFprNzN5VHVjTC1kcW9NZ29Kb2NnN0dsUkJGUFJxRENCUG1HZzVKRXZ0QTNEZ3o2eTJVTjhudy1FZ04wN2kySlZWVDZXSjlJSE11RVNRcm10YmRlZmU1Q1pYaGJLYllXMmVHV0dqaUJiZkY1NWtDMEtRWVpzRFNkX2hVZw?oc=5\" target=\"_blank\" rel=\"nofollow noopener\">Coupe Davis : priv\u00e9e de ses leaders mais en terre connue, l\u2019Italie est pr\u00eate \u00e0 tout pour garder son titre face \u00e0 l\u2019Autriche<\/a>&nbsp;&nbsp;RTL Info<\/li>\n<li><a href=\"https:\/\/news.google.com\/rss\/articles\/CBMi_AFBVV95cUxNMFFZR1E1ZndKWFJYU05vQ2x3TmFqMkt4MW5YZk1jM0RaZUtVMDBmMzFDQTFKQ2V1NTB0S1FBM0lVd1MtZU9odWVaRkxSZm8yd3Z6NzVaU3J6WDNySFc1ZFd6dkhRSU1oN2RpSjRuWnYzVDZPWHQyekpYRVp1cHhvcE1kbGVSR0VFWHJFblpjMm5TQ09FbjJlUnozQzJBWHlDanRFRGFnR3ZRMXNfQm85ZE5nd3ZPYXpzbEhrLXo1TjMtN2htbFlFZWUwQ1FHQ1lXb1NYWXl0WkZMeDZUcS1uX2ZGcmFCcnJRLWZITURFaTlHbW8tNmVacHVIa2I?oc=5\" target=\"_blank\" rel=\"nofollow noopener\">Coupe Davis 2025 &#8211; Apr\u00e8s Sinner, Musetti (Italie) fera aussi l&rsquo;impasse : \u00ab\u00a0Cette ann\u00e9e, cela sera sans moi\u00a0\u00bb<\/a>&nbsp;&nbsp;Eurosport<\/li>\n<li><a href=\"https:\/\/news.google.com\/rss\/articles\/CBMihAFBVV95cUxOcTRvM212Y2FITmdBajZub1R0dk1ldXlGOXRVWUI0UmZpZGVtUElMRjh2aTVobktZSzZ1OUFFOHZHN2dWdlAtU2RZY2dsNTFsRG1KdDhtcUEwR2Nybk1rWWZ0QXlVSUVVS2ZSLWtPYkk1UXNacmJfZlQ2QlB6aXROSnVVVXU?oc=5\" target=\"_blank\" rel=\"nofollow noopener\">Berrettini : \u00ab Le classement n\u2019a pas d\u2019importance en Coupe Davis \u00bb<\/a>&nbsp;&nbsp;Tennis Temple<\/li>\n<li><a href=\"https:\/\/news.google.com\/rss\/articles\/CBMi4gFBVV95cUxOd2xYTG5la1FkQ3ZJM1VYWjFrM3EtbXdkbXBnVGxTbThoR0laWDZmUWpRODgyWUxZZ01nLU1mWFp2aFlPbF9MX2lqUFo5bS1RRzZkYlVCWnVHVDhlNmxPQURCT1owLUl0SzVEZ054eDZDSmxtSXJUY05KNXZYbUNwMlhGZlo3WlFsMmRoT1dhdlZRcHY4RDJ6SXVRN1pDV2FpZ0tYbHJ3SnNZQVhpY216RERabE9UaHB4U0o5QTRoc1BhbG5uNDI2R1d4dEg2RTY4LW1JQWYxWUYxZWJIcDV4VVdn?oc=5\" target=\"_blank\" rel=\"nofollow noopener\">Pronostic Matteo Berrettini Jurij Rodionov &#8211; Coupe Davis Italie Autriche &#8211; 19\/11\/2025<\/a>&nbsp;&nbsp;RueDesJoueurs<\/li>\n<li><a href=\"https:\/\/news.google.com\/rss\/articles\/CBMimAFBVV95cUxQWDF1eUhPbjBqZnNER012ZngyNUtxS2N3dWRYYUI3V3FLWnhheC1DdFphNWFhWlI5WWxMNXdwaHQ5LVJWN0hZV0JpNGhrN1FLS0xZT0NPQVBQcC05OGY3TWdaMXFqTkJzWUdZdlRlZ2ZTVWFzMmFWZXNWeGdwNjBROTR0VFFtcmNCS0hRbTRDSFJPSFlXOV8wVQ?oc=5\" target=\"_blank\" rel=\"nofollow noopener\">D\u00e9fis de la Coupe Davis sans les Stars Italiennes<\/a>&nbsp;&nbsp;Il Messaggero<\/li>\n<\/ol>\n","protected":false},"excerpt":{"rendered":"Coupe Davis : priv\u00e9e de ses leaders mais en terre connue, l\u2019Italie est pr\u00eate \u00e0 tout pour garder&hellip;\n","protected":false},"author":2,"featured_media":395849,"comment_status":"","ping_status":"","sticky":false,"template":"","format":"standard","meta":{"footnotes":""},"categories":[1415],"tags":[1011,27,60,1467],"class_list":{"0":"post-544785","1":"post","2":"type-post","3":"status-publish","4":"format-standard","5":"has-post-thumbnail","7":"category-tennis","8":"tag-fr","9":"tag-france","10":"tag-sports","11":"tag-tennis"},"share_on_mastodon":{"url":"https:\/\/pubeurope.com\/@fr\/115576677563888761","error":""},"_links":{"self":[{"href":"https:\/\/www.europesays.com\/fr\/wp-json\/wp\/v2\/posts\/544785","targetHints":{"allow":["GET"]}}],"collection":[{"href":"https:\/\/www.europesays.com\/fr\/wp-json\/wp\/v2\/posts"}],"about":[{"href":"https:\/\/www.europesays.com\/fr\/wp-json\/wp\/v2\/types\/post"}],"author":[{"embeddable":true,"href":"https:\/\/www.europesays.com\/fr\/wp-json\/wp\/v2\/users\/2"}],"replies":[{"embeddable":true,"href":"https:\/\/www.europesays.com\/fr\/wp-json\/wp\/v2\/comments?post=544785"}],"version-history":[{"count":0,"href":"https:\/\/www.europesays.com\/fr\/wp-json\/wp\/v2\/posts\/544785\/revisions"}],"wp:featuredmedia":[{"embeddable":true,"href":"https:\/\/www.europesays.com\/fr\/wp-json\/wp\/v2\/media\/395849"}],"wp:attachment":[{"href":"https:\/\/www.europesays.com\/fr\/wp-json\/wp\/v2\/media?parent=544785"}],"wp:term":[{"taxonomy":"category","embeddable":true,"href":"https:\/\/www.europesays.com\/fr\/wp-json\/wp\/v2\/categories?post=544785"},{"taxonomy":"post_tag","embeddable":true,"href":"https:\/\/www.europesays.com\/fr\/wp-json\/wp\/v2\/tags?post=544785"}],"curies":[{"name":"wp","href":"https:\/\/api.w.org\/{rel}","templated":true}]}}