{"id":544786,"date":"2025-11-19T13:51:13","date_gmt":"2025-11-19T13:51:13","guid":{"rendered":"https:\/\/www.europesays.com\/fr\/544786\/"},"modified":"2025-11-19T13:51:13","modified_gmt":"2025-11-19T13:51:13","slug":"paris-cycliste-olympique-leffectif-juniors-2026-actualite","status":"publish","type":"post","link":"https:\/\/www.europesays.com\/fr\/544786\/","title":{"rendered":"Paris Cycliste Olympique : L\u2019effectif Juniors 2026 &#8211; Actualit\u00e9"},"content":{"rendered":"<p style=\"text-align: justify;\">En 2026, le Paris Cycliste Olympique <strong><a href=\"https:\/\/www.directvelo.com\/actualite\/121937\/le-paris-cycliste-olympique-arrete-sa-n1-pour-un-nouveau-projet\" target=\"_blank\" rel=\"noopener\">a choisi de donner priorit\u00e9 aux Juniors<\/a><\/strong>. Le club francilien\u00a0poss\u00e8de un effectif U19 de douze \u00e9l\u00e9ments dont neuf recrues ext\u00e9rieures.<br \/>C\u00f4t\u00e9 staff, Julien No\u00ebl arrive comme directeur sportif en provenance de l\u2019\u00e9quipe Continentale Nice M\u00e9tropole C\u00f4te d\u2019Azur. Fr\u00e9d\u00e9ric Blanchon\u00a0d\u00e9barque comme entra\u00eeneur, apr\u00e8s de nombreuses ann\u00e9es \u00e0 Argenteuil Val de Seine Cyclisme. Quatre coureurs ont fait le m\u00eame trajet. Gabriel Genter, autre recrue, est en parall\u00e8le membre de la Groupama-FDJ U19.<\/p>\n<p><strong>L\u2019effectif 2026 du Paris Cycliste Olympique :<\/strong><br \/>Benjamin Aubouy, J1<br \/>Maxence D\u00e9tr\u00e9, J2 (Argenteuil Val de Seine Cyclisme)<br \/>Gabriel Genter, J2 (Team Avesnois)<br \/>Armand Gouby, J1 (Orl\u00e9ans Loiret Cyclisme)<br \/>Jean Groussin, J2 (Argenteuil Val de Seine Cyclisme)<br \/>Paul Hawrylak, J2 (Argenteuil Val de Seine Cyclisme)<br \/>Enzo Kerneis, J1 (UC Briochine)<br \/>Alban Laurent, J1<br \/>Mattis Noel, J1 (C\u2019Chartres Cyclisme)<br \/>Baptiste Pons, J2 (US Cr\u00e9teil)<br \/>Pierre Sablonni\u00e8re, J2 (Argenteuil Val de Seine Cyclisme)<br \/>Jules S\u00e9chet, J1<\/p>\n","protected":false},"excerpt":{"rendered":"En 2026, le Paris Cycliste Olympique a choisi de donner priorit\u00e9 aux Juniors. Le club francilien\u00a0poss\u00e8de un effectif&hellip;\n","protected":false},"author":2,"featured_media":544787,"comment_status":"","ping_status":"","sticky":false,"template":"","format":"standard","meta":{"footnotes":""},"categories":[1411],"tags":[834,828,836,829,837,827,83,826,824,823,1154,207,814,817,815,816,822,821,832,211,839,1011,27,820,818,819,835,831,830,833,838,60,212,208,825],"class_list":{"0":"post-544786","1":"post","2":"type-post","3":"status-publish","4":"format-standard","5":"has-post-thumbnail","7":"category-cyclisme","8":"tag-attaque","9":"tag-belgique","10":"tag-braquet","11":"tag-bretagne","12":"tag-chute","13":"tag-competition","14":"tag-coupe-de-france","15":"tag-coureur","16":"tag-course-cyclisme","17":"tag-course-cycliste","18":"tag-cycling","19":"tag-cyclisme","20":"tag-direct","21":"tag-direct-velo","22":"tag-directvelo","23":"tag-directvelo-com","24":"tag-epreuve","25":"tag-epreuve-cycliste","26":"tag-federation-francaise-de-cyclisme","27":"tag-ffc","28":"tag-flandres","29":"tag-fr","30":"tag-france","31":"tag-live","32":"tag-live-course","33":"tag-live-epreuve","34":"tag-peloton","35":"tag-radio-peloton","36":"tag-radio-tour","37":"tag-ravitaillement","38":"tag-relance","39":"tag-sports","40":"tag-uci","41":"tag-velo","42":"tag-velos"},"share_on_mastodon":{"url":"https:\/\/pubeurope.com\/@fr\/115576693378781121","error":""},"_links":{"self":[{"href":"https:\/\/www.europesays.com\/fr\/wp-json\/wp\/v2\/posts\/544786","targetHints":{"allow":["GET"]}}],"collection":[{"href":"https:\/\/www.europesays.com\/fr\/wp-json\/wp\/v2\/posts"}],"about":[{"href":"https:\/\/www.europesays.com\/fr\/wp-json\/wp\/v2\/types\/post"}],"author":[{"embeddable":true,"href":"https:\/\/www.europesays.com\/fr\/wp-json\/wp\/v2\/users\/2"}],"replies":[{"embeddable":true,"href":"https:\/\/www.europesays.com\/fr\/wp-json\/wp\/v2\/comments?post=544786"}],"version-history":[{"count":0,"href":"https:\/\/www.europesays.com\/fr\/wp-json\/wp\/v2\/posts\/544786\/revisions"}],"wp:featuredmedia":[{"embeddable":true,"href":"https:\/\/www.europesays.com\/fr\/wp-json\/wp\/v2\/media\/544787"}],"wp:attachment":[{"href":"https:\/\/www.europesays.com\/fr\/wp-json\/wp\/v2\/media?parent=544786"}],"wp:term":[{"taxonomy":"category","embeddable":true,"href":"https:\/\/www.europesays.com\/fr\/wp-json\/wp\/v2\/categories?post=544786"},{"taxonomy":"post_tag","embeddable":true,"href":"https:\/\/www.europesays.com\/fr\/wp-json\/wp\/v2\/tags?post=544786"}],"curies":[{"name":"wp","href":"https:\/\/api.w.org\/{rel}","templated":true}]}}