{"id":544796,"date":"2025-11-19T13:57:13","date_gmt":"2025-11-19T13:57:13","guid":{"rendered":"https:\/\/www.europesays.com\/fr\/544796\/"},"modified":"2025-11-19T13:57:13","modified_gmt":"2025-11-19T13:57:13","slug":"sheila-show-girl-parfaite-celebre-ses-80-ans-a-paris-devant-un-public-conquis","status":"publish","type":"post","link":"https:\/\/www.europesays.com\/fr\/544796\/","title":{"rendered":"Sheila, show girl parfaite, c\u00e9l\u00e8bre ses 80\u00a0ans \u00e0 Paris devant un public conquis"},"content":{"rendered":"<p>\n    <strong>NOUS Y \u00c9TIONS &#8211; <\/strong>Concert men\u00e9 tambour battant, silhouette et voix impeccable&#8230; La reine des y\u00e9y\u00e9s et du disco a offert une performance de 2\u00a0h\u00a030, digne de Las Vegas.<\/p>\n<p class=\"fig-paragraph\">Le D\u00f4me de Paris est plein \u00e0 craquer. D\u2019habitude,\u00a0<a href=\"http:\/\/www.lefigaro.fr\/culture\/jo-paris-2024-claude-francois-veronique-sanson-sheila-une-ceremonie-d-ouverture-tres-variete-francaise-20240726\" data-fig-type=\"NewsFlash\" data-gtm-custom-categorie=\"navigation\" data-gtm-custom-action=\"crossclick\" data-gtm-custom-label=\"Contextuel\" data-gtm-event=\"customEventSPE\" data-fig-domain=\"LEFIGARO\" target=\"_blank\" rel=\"noopener\">Sheila<\/a>\u00a0remplit des salles de 2\u00a0500 places, mais ce mardi soir, c\u2019est 5\u00a0000. Dans la foule, on d\u00e9nombre une majorit\u00e9 de gays sexag\u00e9naires, venus en bande, qui cohabitent avec quelques couples aux tempes bien blanches. \u00ab\u00a0Ne vous cassez pas la hanche\u00a0\u00bb, glisse un taquin \u00e0 ses amis dans les escaliers. Un autre porte un tee-shirt sur lequel est \u00e9crit\u00a0: \u00ab\u00a0j\u2019ai peut-\u00eatre l\u2019air de t\u2019\u00e9couter mais dans ma t\u00eate, j\u2019\u00e9coute\u00a0<a href=\"http:\/\/tvmag.lefigaro.fr\/sylvie-vartan-tire-sa-reverence-en-toute-intimite-20251024\" data-fig-type=\"Article\" data-gtm-custom-categorie=\"navigation\" data-gtm-custom-action=\"crossclick\" data-gtm-custom-label=\"Contextuel\" data-gtm-event=\"customEventSPE\" data-fig-domain=\"TVMAG\" target=\"_blank\" rel=\"noopener\">Sylvie Vartan\u00a0<\/a> \u00bb. Au bout de soixante ans de chamailleries, le calumet de la paix entre les groupies de Sylvie et ceux de Sheila n\u2019est toujours pas fum\u00e9. Invit\u00e9e sur France Inter, \u00e0 C\u00a0\u00e0\u00a0vous d\u2019Anne-\u00c9lisabeth Lemoine ou Quotidien de Yann Barth\u00e8s, Sheila a r\u00e9ussi \u00e0 renouveler une partie de son public. Au D\u00f4me, des trentenaires se sont gliss\u00e9s parmi l\u2019assistance. \u00ab\u00a0La sociologie du public est plus modeste que celle du public de Sylvie Vartan\u00a0\u00bb, glisse Dominique Besnehard tout en saluant Michel Drucker. \u00ab\u00a0J\u2019ai rencontr\u00e9 Sheila pour la premi\u00e8re fois en 1964, vous n\u2019\u00e9tiez pas n\u00e9e\u00a0\u00bb, taquine Drucker ravi d\u2019\u00eatre assailli par des septuag\u00e9naires. Sous les regards inquiets, un grand monsieur enjambe le rang et la vedette de la t\u00e9l\u00e9. C\u2019est le r\u00e9alisateur Arnauld Mercadier venu avec son amie Julie Depardieu. \u00ab\u00a0Cela ne se fait pas\u00a0\u00bb, sourit notre voisin. \u00ab\u00a0Il fallait bien que cela m\u2019arrive un jour\u00a0\u00bb, plaisante Drucker.<\/p>\n<p class=\"fig-paragraph\">\u00c0 20\u00a0h\u00a042, le noir se fait. Le son rock \u00e9clate, les faisceaux balayent la sc\u00e8ne. Sheila fait son entr\u00e9e avec un immense sourire. La salle qui l\u2019aime profond\u00e9ment se l\u00e8ve d\u2019un bond, premi\u00e8re de six standing ovations pour la soir\u00e9e. Avec sa natte qui descend jusqu\u2019aux fesses, ses plumes de Sioux, ses attrapes-r\u00eaves qui sautent sur ses cuisses et son manteau d\u00e9cor\u00e9 de perles et de broderies indiennes, Sheila a os\u00e9 un look Pocahontas sur une combinaison noire d\u00e9collet\u00e9e. Les wokistes crieraient \u00e0 l\u2019appropriation culturelle. Une petite Sheila avec couettes, rubans rouges, chemisier blanc et fine jupe \u00e9cossaise, celle de l\u2019\u00c9cole est finie, d\u00e9boule sur sc\u00e8ne. Sheila l\u2019embrasse. Une fa\u00e7on joyeuse et sans aucune nostalgie de c\u00e9l\u00e9brer ses 60\u00a0ans de carri\u00e8re. \u00ab\u00a0Merci de m\u2019avoir donn\u00e9 une vie si magnifique. Entre cette petite \u00e0 aujourd\u2019hui, il y a eu du boulot, confie Sheila. Dans la vie, il faut faire des choix. Soit on se dit que c\u2019est foutu soit on se dit qu\u2019il faut profiter de l\u2019instant.\u00a0\u00bb<\/p>\n<p>                                    <a class=\"fig-a11y-skip a11y-hidden\" href=\"#fig-a11y-skip-main-inarticle\"><br \/>\n        Passer la publicit\u00e9<br \/>\n    <\/a><\/p>\n<p>\u00ab\u00a0Respect total\u00a0\u00bb<\/p>\n<p class=\"fig-paragraph\">C\u2019est parti pour une soir\u00e9e non-stop de deux heures et trente. Avec ses neuf musiciens et ses trois danseurs, Sheila se r\u00e9v\u00e8le \u00eatre une show girl digne de Las Vegas. Sa silhouette est impeccable, sa voix aussi. Sans entracte, sans prompteur, sans playback, sans vid\u00e9os, elle se l\u00e2che. Toujours en mouvement, elle se d\u00e9hanche aussi bien sur un mambo que sur un rock. Elle lance sa jambe bien droite jusqu\u2019au ciel. Avec humilit\u00e9, elle glisse parfois qu\u2019elle \u00ab\u00a0doit reprendre son souffle\u00a0\u00bb. Si Dieu le veut, elle vise 70 ans de carri\u00e8re.<\/p>\n<p class=\"fig-paragraph\">\u00ab\u00a0Quelle performance\u00a0!\u00a0\u00bb La salle est baba. \u00ab\u00a0Respect total, commente Val\u00e9rie Chevalier directrice de l\u2019op\u00e9ra de Montpellier. Je ne m\u2019attendais pas du tout \u00e0 \u00e7a. Ce n\u2019est pas du tout vintage. Quelle b\u00eate de sc\u00e8ne\u00a0! Elle me fait penser \u00e0 Annie Cordy.\u00a0\u00bb On maudit le producteur Claude Carr\u00e8re qui a interdit pendant des d\u00e9cennies \u00e0 Sheila de faire de la sc\u00e8ne car sa vedette lui rapportait plus d\u2019argent \u00e0 la t\u00e9l\u00e9vision et en studio.<\/p>\n<p class=\"fig-paragraph\">Pour cette tourn\u00e9e 8.0, le concert est scind\u00e9 en deux. La premi\u00e8re partie est os\u00e9e. Les nouvelles chansons occupent une heure. C\u2019est un peu long car ses deux derniers albums ne sont pas sans d\u00e9fauts. Pour autant, le public est r\u00e9ceptif. \u00ab\u00a0Il a envie d\u2019aller o\u00f9 elle va\u00a0\u00bb, estime le producteur Olivier Gluzman. Le racisme, l\u2019antis\u00e9mitisme, la lib\u00e9ration des femmes&#8230; \u00ab\u00a0Je veux d\u00e9fendre des th\u00e8mes qui me sont chers\u00a0\u00bb, explique Sheila en lan\u00e7ant Rac\u00e9e, extrait du livre de Rachel Kahn sur le radicalisme identitaire des \u00ab\u00a0minorit\u00e9s visibles\u00a0\u00bb. \u00ab\u00a0\u00c0 mon \u00e2ge avanc\u00e9, j\u2019aimerais que les Femen et les \u00e9tudiants des universit\u00e9s se rappellent des combats de Simone Veil.\u00a0\u00bb Les camps de concentration, le droit \u00e0 l\u2019avortement, sa chanson Simone n\u2019occulte rien. La salle applaudit \u00e0 tout rompre.<\/p>\n<p>\u00ab\u00a0Dommage que Sylvie Vartan ne soit pas l\u00e0\u00a0\u00bb<\/p>\n<p class=\"fig-paragraph\">\u00c0 21\u00a0h\u00a041, l\u2019ambiance bascule quand arrive un premier medley 1970. Tu es le soleil, Un prince en exil, Adam et Eve&#8230; Le D\u00f4me de Paris se transforme en karaok\u00e9 g\u00e9ant. \u00ab\u00a0C\u2019est dommage que Sylvie Vartan ne soit pas venue chanter avec elle, regrette Dominique Besnehard. Deux carri\u00e8res si gigantesques, deux artistes dans le c\u0153ur des gens, cela aurait \u00e9t\u00e9 g\u00e9nial.\u00a0\u00bb Le public se pr\u00e9cipite vers la sc\u00e8ne. \u00ab\u00a0Gardez vos forces, ce n\u2019est que le d\u00e9but\u00a0\u00bb, s\u2019amuse Sheila. Elle encha\u00eene avec une version rock de Bang Bang. Son directeur musical n\u2019a rien invent\u00e9\u00a0: Cher a fait de m\u00eame il y a trente ans d\u00e9j\u00e0. \u00c0 l\u2019exception de Pop art qu\u2019elle chante avec gants rouges et chapeau melon, le tour de chant ne comprend cependant aucune chanson d\u2019Yves Martin, son compagnon et producteur des ann\u00e9es 1980-2000. Les connaisseurs en ont le souffle coup\u00e9.<\/p>\n<p class=\"fig-paragraph\">\u00ab\u00a0Attention, \u00e7a d\u00e9marre\u00a0!\u00a0\u00bb, pr\u00e9vient-elle \u00e0 22\u00a0h\u00a022. Les premi\u00e8res notes de M\u00e9lancolie r\u00e9sonnent. Tout le D\u00f4me entonne \u00ab\u00a0Oh que je t\u2019aime, tu me fais mal quand tu n\u2019es pas l\u00e0\u00a0\u00bb. Les danseurs bondissent en tenue argent\u00e9e. C\u2019est l\u2019heure de Spacer. \u00ab\u00a0Le b\u00e2ton, le b\u00e2ton\u00a0\u00bb, crie un plaisantin. La chor\u00e9graphe Armelle Ferron a imagin\u00e9 un tableau en slow motion. C\u2019est bien vu. Les trois danseurs Antoine Nya, Cedric Pemongo et Fred Jean-Baptiste sont de haut vol. Apr\u00e8s Les Rois Mages, Gloria Gloria , notre show girl termine sur ses tubes disco Love me Baby, Singing in the rain, You Light My Fire&#8230; La petite Sheila de Vous les Copains revient sur sc\u00e8ne. Les bouquets de roses d\u00e9ferlent. Les \u00ab\u00a0bravos\u00a0\u00bb fusent. Sheila salue, le poing lev\u00e9. \u00ab\u00a0Magnifique\u00a0\u00bb, lance Michel Drucker. \u00ab\u00a0Elle a pli\u00e9 le match. 1,2,3 et 0 \u00e0 la fin. Un knock-out\u00a0\u00bb, ass\u00e8ne Didier Varrod, directeur musique de Radio France. Pour Alex Beaupain, elle n\u2019est pas loin de Myl\u00e8ne Farmer. \u00ab\u00a0Entre les deux, il n\u2019y a personne\u00a0\u00bb, acquiesce l\u2019une de ses amies. Avec ce show, Sheila va partir au moins un an sur les routes. Elle reviendra sans doute \u00e0 Paris. \u00c0 ne pas manquer.<\/p>\n","protected":false},"excerpt":{"rendered":"NOUS Y \u00c9TIONS &#8211; Concert men\u00e9 tambour battant, silhouette et voix impeccable&#8230; La reine des y\u00e9y\u00e9s et du&hellip;\n","protected":false},"author":2,"featured_media":544797,"comment_status":"","ping_status":"","sticky":false,"template":"","format":"standard","meta":{"footnotes":""},"categories":[1355],"tags":[58,59,1011,27,9102,1361,873,10830,7409],"class_list":{"0":"post-544796","1":"post","2":"type-post","3":"status-publish","4":"format-standard","5":"has-post-thumbnail","7":"category-musique","8":"tag-divertissement","9":"tag-entertainment","10":"tag-fr","11":"tag-france","12":"tag-france-inter","13":"tag-music","14":"tag-musique","15":"tag-sheila","16":"tag-sylvie-vartan"},"share_on_mastodon":{"url":"https:\/\/pubeurope.com\/@fr\/115576717034545175","error":""},"_links":{"self":[{"href":"https:\/\/www.europesays.com\/fr\/wp-json\/wp\/v2\/posts\/544796","targetHints":{"allow":["GET"]}}],"collection":[{"href":"https:\/\/www.europesays.com\/fr\/wp-json\/wp\/v2\/posts"}],"about":[{"href":"https:\/\/www.europesays.com\/fr\/wp-json\/wp\/v2\/types\/post"}],"author":[{"embeddable":true,"href":"https:\/\/www.europesays.com\/fr\/wp-json\/wp\/v2\/users\/2"}],"replies":[{"embeddable":true,"href":"https:\/\/www.europesays.com\/fr\/wp-json\/wp\/v2\/comments?post=544796"}],"version-history":[{"count":0,"href":"https:\/\/www.europesays.com\/fr\/wp-json\/wp\/v2\/posts\/544796\/revisions"}],"wp:featuredmedia":[{"embeddable":true,"href":"https:\/\/www.europesays.com\/fr\/wp-json\/wp\/v2\/media\/544797"}],"wp:attachment":[{"href":"https:\/\/www.europesays.com\/fr\/wp-json\/wp\/v2\/media?parent=544796"}],"wp:term":[{"taxonomy":"category","embeddable":true,"href":"https:\/\/www.europesays.com\/fr\/wp-json\/wp\/v2\/categories?post=544796"},{"taxonomy":"post_tag","embeddable":true,"href":"https:\/\/www.europesays.com\/fr\/wp-json\/wp\/v2\/tags?post=544796"}],"curies":[{"name":"wp","href":"https:\/\/api.w.org\/{rel}","templated":true}]}}