{"id":544798,"date":"2025-11-19T13:58:10","date_gmt":"2025-11-19T13:58:10","guid":{"rendered":"https:\/\/www.europesays.com\/fr\/544798\/"},"modified":"2025-11-19T13:58:10","modified_gmt":"2025-11-19T13:58:10","slug":"daniel-radcliffe-revele-ce-quil-a-ecrit-dans-sa-lettre-au-nouvel-harry-potter-le-huffpost","status":"publish","type":"post","link":"https:\/\/www.europesays.com\/fr\/544798\/","title":{"rendered":"Daniel Radcliffe r\u00e9v\u00e8le ce qu\u2019il a \u00e9crit dans sa lettre au nouvel Harry Potter &#8211; Le HuffPost"},"content":{"rendered":"<ol>\n<li><a href=\"https:\/\/news.google.com\/rss\/articles\/CBMi-AFBVV95cUxNZ05nVU92VU5UMW45elBuMTVJdk13SEhEaHVVc01heE5Pc09nZm9PYm9lSEVjVFZQVHZ0OHVsMHNFelhwaDhKMnNWWWFZelZEdTNDdWJ0dWhUOTMydTJkSEtRLUE2ZHFYb0pubXJSR0lyXzV5YlcyckJHYjQyVFNJTjR0cExZbGduVXRQRVRCVDlFMktWSHRQZW1GdGdXbEl0eDJqY1dXcnJja0R1RVFSTnNyQ1hMd0tjbmUwbENlMHJILVc1bjRWV2R6cGR1MWY1UnNfQVFEcFBhWTh3d21vWkZiZzlrazhnM05QYlRHcXRPSS1xeWpyZw?oc=5\" target=\"_blank\" rel=\"nofollow noopener\">Daniel Radcliffe r\u00e9v\u00e8le ce qu\u2019il a \u00e9crit dans sa lettre au nouvel Harry Potter<\/a>&nbsp;&nbsp;Le HuffPost<\/li>\n<li><a href=\"https:\/\/news.google.com\/rss\/articles\/CBMisgFBVV95cUxOdlplZWp5bkhCeFY2SXMyMUxsam9wbXRpRm5MV0NOVlIySV8wYUlsWEhqVVd4dlEzZl9vM2gzTjZFUzJwSFNtb2lQMnliRE1KeHg4MnVqX01XNVpXVmdBbFhiUjQ5TzQzcFpqdE5PX0loaFl0WEVkamphdXVRUE52Wm1INnJjc18wbmVBejdYYUN6RFVoZWp6bExrcmdnRHBWRElHU1ladWRSajk1a21ISXhn?oc=5\" target=\"_blank\" rel=\"nofollow noopener\">Harry Potter : Daniel Radcliffe a \u00e9crit une lettre \u00e0 Dominic McLaughlin, le jeune acteur qui interpr\u00e8tera le sorcier dans la s\u00e9rie HBO<\/a>&nbsp;&nbsp;Vanity Fair<\/li>\n<li><a href=\"https:\/\/news.google.com\/rss\/articles\/CBMiuwFBVV95cUxPcFRXVElsdml1SHFaX2N1NVlNbHYwbzNic1RsMDQzYW1NZmw4RzNtc1pHb2FaMjhGTHlEWDdZRTUwUHRSMUJvYWE0T0tvQ2lHSUpuYXNwdEJLS19ITUJtNEtYN1l1bWhNaGkyeDRfNXBIVm13VTRhUm8zelZHZmxWN0M5U1B6ek8zaTlrLXRFMGwyNE9rUkJOdUlsUWJtSDdwclI4amZUY3VNaWhuXzNzMWU5OVdCbnJuYzRN0gHAAUFVX3lxTFBWbFVGeWo5OXNURW9lZGFNcWd2TnhrNUhHQzBzVFNzODVPR3pKSV9YXzVaejY2MFJRZE9UalEyY0RHdWlyVExTOVVzVnN3T1BRQU9fb09aSUczVDhzU043TUdjTy1jTzFNNVZFS2RESmhNTWstWFlmSV9McFRTenFmZHZEbXpRNE1zOG1DODlNSk44RllhX0hJa3VmSXB3bFFuUy11Q2FXYmZYcFFIeDFrNWVuLWNOeUxWc3hlcUpFNQ?oc=5\" target=\"_blank\" rel=\"nofollow noopener\">\u00abHarry Potter\u00bb : Daniel Radcliffe dit avoir \u00e9crit \u00e0 l&rsquo;acteur qui reprendra son r\u00f4le du jeune sorcier dans la s\u00e9rie HBO<\/a>&nbsp;&nbsp;CNews<\/li>\n<li><a href=\"https:\/\/news.google.com\/rss\/articles\/CBMipwJBVV95cUxPU1hvNlpkak8zTjJPdWhZdDV5TmRwaEdzMG9CWWNySFNyLTFMWWYxVnBtSFhWRVNZNmVxbDNmWm5WZ1hCQ1JkMFpFV0plVjNNcEg0MERYaGlhQzR0bnR3VHhOSnh1SXJjNE9xb3diRlo0WWRnVEtFMzZGSEFGUHNOOWNscS1vUVhGUVZIcTBEZXhrR3VCb0tRMEJybHpoUHczSGgweWcwbDBWNGdHdDhxZHVnTm5MbnFTN3MwWlp3OTdFZzhTZHlQVGl1Y2pOSGwwY1NNMHlEd0NxMnZndXg1VGkzbjVDTm14RnNfS1FSc1c5SUlVQ1Z5STB6d3NwQy1BZnFMLWY5bHJoU0MxTVhKekRFYXppZGRDNW5UZktnZzQyM0diRnE4?oc=5\" target=\"_blank\" rel=\"nofollow noopener\">Daniel Radcliffe envoie une lettre de soutien au nouvel Harry Potter: \u00ab\u00a0Je ne veux pas \u00eatre un spectre dans la vie de ces enfants\u00a0\u00bb<\/a>&nbsp;&nbsp;DHnet<\/li>\n<li><a href=\"https:\/\/news.google.com\/rss\/articles\/CBMiswFBVV95cUxPODdIdFB4TGJFclVDdl9PdkE1NXEyeWxHU2EzYURVaFJsN1ZaRzlVcEt3aEZ4YnNFUjFkcGx6MTY0WkJWQUxsRmpYTjh3RWhuYVFtOVRBenNoeXMzMXZvYUc5ZVhWX0NnNmN2Q285T2lhUkJSbzBBVElzdGZoRUFDSHRmWFFLdGYxMkxKSjJfNDlySThNdGtYTXJfVWk3LWc4VVB6Smd3NnJmRDA3S0NuQTZ5SQ?oc=5\" target=\"_blank\" rel=\"nofollow noopener\">Daniel Radcliffe r\u00e9v\u00e8le ce qu&rsquo;il a dit \u00e0 son successeur de Harry Potter<\/a>&nbsp;&nbsp;Premi\u00e8re<\/li>\n<\/ol>\n","protected":false},"excerpt":{"rendered":"Daniel Radcliffe r\u00e9v\u00e8le ce qu\u2019il a \u00e9crit dans sa lettre au nouvel Harry Potter&nbsp;&nbsp;Le HuffPost Harry Potter :&hellip;\n","protected":false},"author":2,"featured_media":395849,"comment_status":"","ping_status":"","sticky":false,"template":"","format":"standard","meta":{"footnotes":""},"categories":[1354],"tags":[58,59,1346,1011,27,1360],"class_list":{"0":"post-544798","1":"post","2":"type-post","3":"status-publish","4":"format-standard","5":"has-post-thumbnail","7":"category-films","8":"tag-divertissement","9":"tag-entertainment","10":"tag-films","11":"tag-fr","12":"tag-france","13":"tag-movies"},"share_on_mastodon":{"url":"https:\/\/pubeurope.com\/@fr\/115576720972631871","error":""},"_links":{"self":[{"href":"https:\/\/www.europesays.com\/fr\/wp-json\/wp\/v2\/posts\/544798","targetHints":{"allow":["GET"]}}],"collection":[{"href":"https:\/\/www.europesays.com\/fr\/wp-json\/wp\/v2\/posts"}],"about":[{"href":"https:\/\/www.europesays.com\/fr\/wp-json\/wp\/v2\/types\/post"}],"author":[{"embeddable":true,"href":"https:\/\/www.europesays.com\/fr\/wp-json\/wp\/v2\/users\/2"}],"replies":[{"embeddable":true,"href":"https:\/\/www.europesays.com\/fr\/wp-json\/wp\/v2\/comments?post=544798"}],"version-history":[{"count":0,"href":"https:\/\/www.europesays.com\/fr\/wp-json\/wp\/v2\/posts\/544798\/revisions"}],"wp:featuredmedia":[{"embeddable":true,"href":"https:\/\/www.europesays.com\/fr\/wp-json\/wp\/v2\/media\/395849"}],"wp:attachment":[{"href":"https:\/\/www.europesays.com\/fr\/wp-json\/wp\/v2\/media?parent=544798"}],"wp:term":[{"taxonomy":"category","embeddable":true,"href":"https:\/\/www.europesays.com\/fr\/wp-json\/wp\/v2\/categories?post=544798"},{"taxonomy":"post_tag","embeddable":true,"href":"https:\/\/www.europesays.com\/fr\/wp-json\/wp\/v2\/tags?post=544798"}],"curies":[{"name":"wp","href":"https:\/\/api.w.org\/{rel}","templated":true}]}}