{"id":544803,"date":"2025-11-19T14:02:17","date_gmt":"2025-11-19T14:02:17","guid":{"rendered":"https:\/\/www.europesays.com\/fr\/544803\/"},"modified":"2025-11-19T14:02:17","modified_gmt":"2025-11-19T14:02:17","slug":"pierre-arditi-defend-alain-souchon-apres-ses-propos-sur-le-rn","status":"publish","type":"post","link":"https:\/\/www.europesays.com\/fr\/544803\/","title":{"rendered":"Pierre Arditi d\u00e9fend Alain Souchon, apr\u00e8s ses propos sur le RN"},"content":{"rendered":"<p>\n    Le chanteur avait affirm\u00e9 ne pas croire les Fran\u00e7ais \u00ab\u00a0assez cons\u00a0\u00bb pour donner le pouvoir \u00e0 l\u2019extr\u00eame droite. Le com\u00e9dien estime que cette d\u00e9claration ne fait pas de son ami un \u00ab\u00a0bobo germanopratin\u00a0\u00bb.<\/p>\n<p class=\"fig-paragraph\">Y\u2019a une bronca dans l\u2019air. Depuis qu\u2019<a href=\"http:\/\/www.lefigaro.fr\/musique\/renaud-letang-producteur-d-alain-souchon-manu-chao-et-philippe-katherine-sort-de-l-ombre-20250702\" target=\"_blank\" data-fig-type=\"Article\" rel=\"noopener\" data-gtm-custom-categorie=\"navigation\" data-gtm-custom-action=\"crossclick\" data-gtm-custom-label=\"Contextuel\" data-gtm-event=\"customEventSPE\" data-fig-domain=\"LEFIGARO\">Alain Souchon<\/a>\u00a0a estim\u00e9 \u00e0 la radio que les Fran\u00e7ais ne sont pas \u00ab\u00a0assez cons\u00a0\u00bb pour mettre au pouvoir le Rassemblement national, l\u2019octog\u00e9naire re\u00e7oit des vol\u00e9es de bois vert de la part de l\u2019extr\u00eame droite. Une pol\u00e9mique \u00ab\u00a0path\u00e9tique\u00a0\u00bb selon son ami\u00a0<a href=\"http:\/\/www.lefigaro.fr\/theatre\/j-aurais-aime-travailler-avec-claude-sautet-ou-francois-truffaut-pierre-arditi-comedien-nostalgique-et-amoureux-de-la-vie-20251114\" target=\"_blank\" data-fig-type=\"Article\" rel=\"noopener\" data-gtm-custom-categorie=\"navigation\" data-gtm-custom-action=\"crossclick\" data-gtm-custom-label=\"Contextuel\" data-gtm-event=\"customEventSPE\" data-fig-domain=\"LEFIGARO\">Pierre Arditi<\/a>, invit\u00e9 par BFMTV \u00e0 y r\u00e9agir mardi.<\/p>\n<p class=\"fig-paragraph\">\u00ab\u00a0Il l\u2019a fait sur le ton de la plaisanterie. Quand il dit qu\u2019il partirait en Suisse (dans le cas d\u2019une victoire du RN), il n\u2019en pense pas un mot. C\u2019est une gal\u00e9jade (&#8230;) Certains politiques se sont jet\u00e9s dessus en disant qu\u2019il est un bobo germanopratin, ce qui est faux. Il n\u2019a pas envie de voir un extr\u00eame au pouvoir, c\u2019est comme \u00e7a. On a le droit d\u2019exprimer ses convictions\u00a0\u00bb, estime le com\u00e9dien qui\u00a0<a href=\"http:\/\/www.lefigaro.fr\/theatre\/j-aurais-aime-travailler-avec-claude-sautet-ou-francois-truffaut-pierre-arditi-comedien-nostalgique-et-amoureux-de-la-vie-20251114\" target=\"_blank\" data-fig-type=\"Article\" rel=\"noopener\" data-gtm-custom-categorie=\"navigation\" data-gtm-custom-action=\"crossclick\" data-gtm-custom-label=\"Contextuel\" data-gtm-event=\"customEventSPE\" data-fig-domain=\"LEFIGARO\">devient un jeune auteur, \u00e0 80 ans<\/a>.<\/p>\n<p>                                    <a class=\"fig-a11y-skip a11y-hidden\" href=\"#fig-a11y-skip-main-inarticle\"><br \/>\n        Passer la publicit\u00e9<br \/>\n    <\/a><\/p>\n<p>Les explications de Souchon<\/p>\n<p class=\"fig-paragraph\">Vendredi 14 novembre sur RTL, Marc-Olivier Fogiel\u00a0<a href=\"http:\/\/www.lefigaro.fr\/musique\/le-rn-au-pouvoir-en-2027-je-ne-crois-pas-les-francais-assez-cons-lance-alain-souchon-20251115\" target=\"_blank\" data-fig-type=\"Article\" rel=\"noopener\" data-gtm-custom-categorie=\"navigation\" data-gtm-custom-action=\"crossclick\" data-gtm-custom-label=\"Contextuel\" data-gtm-event=\"customEventSPE\" data-fig-domain=\"LEFIGARO\">a questionn\u00e9 Alain Souchon<\/a>\u00a0: \u00ab Vous parleriez de quoi dans un futur album\u00a0? De la mont\u00e9e inexorable du RN\u00a0?\u00a0\u00bb. Son interlocuteur, tranquille, a r\u00e9pondu ne pas croire \u00ab\u00a0du tout\u00a0\u00bb \u00e0 une victoire du Rassemblement national. \u00ab On ne sera jamais dans un pays dirig\u00e9 par le RN. Il monte, il fait peur, tout le monde en parle, mais si jamais il y avait un pr\u00e9sident issu du RN, il y aurait une r\u00e9volution\u00a0\u00bb, avan\u00e7ait-il. Pr\u00e9cisant sur un ton l\u00e9ger que lui, dans cette circonstance, partirait vivre en Suisse, pays dont il d\u00e9tient la nationalit\u00e9.<\/p>\n<p class=\"fig-paragraph\">Alors que les critiques fusaient, Alain Souchon s\u2019est d\u00e9fendu sur France 5 de toute volont\u00e9 d\u2019insulter les \u00e9lecteurs du RN\u00a0: \u00ab\u00a0J\u2019ai fait comme si j\u2019\u00e9tais avec des amis, chez moi, alors qu\u2019en fait, on est \u00e0 la t\u00e9l\u00e9vision. Il faut mesurer tout ce qu\u2019on dit.\u00a0\u00bb Sur BFMTV, Pierre Arditi poursuit\u00a0: \u00abJe lui ai dit que j\u2019\u00e9tais d\u2019accord avec lui sur tout. Sauf sur le fait qu\u2019il aille en Suisse\u00a0: il manquerait trop \u00e0 la France\u00a0\u00bb.<\/p>\n","protected":false},"excerpt":{"rendered":"Le chanteur avait affirm\u00e9 ne pas croire les Fran\u00e7ais \u00ab\u00a0assez cons\u00a0\u00bb pour donner le pouvoir \u00e0 l\u2019extr\u00eame droite.&hellip;\n","protected":false},"author":2,"featured_media":544804,"comment_status":"","ping_status":"","sticky":false,"template":"","format":"standard","meta":{"footnotes":""},"categories":[8],"tags":[36362,58,59,1011,27,34612,2848],"class_list":{"0":"post-544803","1":"post","2":"type-post","3":"status-publish","4":"format-standard","5":"has-post-thumbnail","7":"category-divertissement","8":"tag-alain-souchon","9":"tag-divertissement","10":"tag-entertainment","11":"tag-fr","12":"tag-france","13":"tag-pierre-arditi","14":"tag-rn"},"share_on_mastodon":{"url":"https:\/\/pubeurope.com\/@fr\/115576736617437639","error":""},"_links":{"self":[{"href":"https:\/\/www.europesays.com\/fr\/wp-json\/wp\/v2\/posts\/544803","targetHints":{"allow":["GET"]}}],"collection":[{"href":"https:\/\/www.europesays.com\/fr\/wp-json\/wp\/v2\/posts"}],"about":[{"href":"https:\/\/www.europesays.com\/fr\/wp-json\/wp\/v2\/types\/post"}],"author":[{"embeddable":true,"href":"https:\/\/www.europesays.com\/fr\/wp-json\/wp\/v2\/users\/2"}],"replies":[{"embeddable":true,"href":"https:\/\/www.europesays.com\/fr\/wp-json\/wp\/v2\/comments?post=544803"}],"version-history":[{"count":0,"href":"https:\/\/www.europesays.com\/fr\/wp-json\/wp\/v2\/posts\/544803\/revisions"}],"wp:featuredmedia":[{"embeddable":true,"href":"https:\/\/www.europesays.com\/fr\/wp-json\/wp\/v2\/media\/544804"}],"wp:attachment":[{"href":"https:\/\/www.europesays.com\/fr\/wp-json\/wp\/v2\/media?parent=544803"}],"wp:term":[{"taxonomy":"category","embeddable":true,"href":"https:\/\/www.europesays.com\/fr\/wp-json\/wp\/v2\/categories?post=544803"},{"taxonomy":"post_tag","embeddable":true,"href":"https:\/\/www.europesays.com\/fr\/wp-json\/wp\/v2\/tags?post=544803"}],"curies":[{"name":"wp","href":"https:\/\/api.w.org\/{rel}","templated":true}]}}