{"id":544805,"date":"2025-11-19T14:03:13","date_gmt":"2025-11-19T14:03:13","guid":{"rendered":"https:\/\/www.europesays.com\/fr\/544805\/"},"modified":"2025-11-19T14:03:13","modified_gmt":"2025-11-19T14:03:13","slug":"ce-smartphone-samsung-ultra-populaire-ne-recevra-plus-de-mises-a-jour","status":"publish","type":"post","link":"https:\/\/www.europesays.com\/fr\/544805\/","title":{"rendered":"ce smartphone Samsung ultra populaire ne recevra plus de mises \u00e0 jour"},"content":{"rendered":"<p class=\"app_entry_lead\">\n<p>                    <a title=\"\u00a0\u00a9\u00a0Oleg Dubyna (doa.in.ua)\" href=\"https:\/\/www.europesays.com\/fr\/wp-content\/uploads\/2025\/11\/82817214.jpg\" class=\"fancy\"><\/p>\n<p>                            <img loading=\"lazy\" decoding=\"async\" src=\"https:\/\/www.europesays.com\/fr\/wp-content\/uploads\/2025\/11\/82817214.jpg\" alt=\"C'est termin\u00e9\u00a0: ce smartphone Samsung ultra populaire ne recevra plus de mises \u00e0 jour\" width=\"1500\" height=\"1000\"\/><\/p>\n<p>                    <\/a><\/p>\n<p>                Toutes les bonnes choses ont une fin, et ce smartphone sorti chez Samsung il y a quelques ann\u00e9es ne fait pas exception.<\/p>\n<p>Nos smartphones ont beau \u00eatre de plus en plus \u00e9volu\u00e9s technologiquement parlant, il arrive toujours un moment o\u00f9 ils ne peuvent plus tenir la route. C&rsquo;est pourquoi la totalit\u00e9 des grands constructeurs comme Apple, Samsung ou Xiaomi d\u00e9cident de cesser de proposer certains appareils \u00e0 la vente. Ces derniers, une fois devenus trop vieux, passe une autre \u00e9tape douloureuse avant leur disparition : t\u00f4t ou tard, ils ne b\u00e9n\u00e9ficient plus de mises \u00e0 jour du constructeur, ou alors de quelques mises \u00e0 jour de s\u00e9curit\u00e9 avant d&rsquo;\u00eatre finalement compl\u00e8tement d\u00e9laiss\u00e9s.<\/p>\n<p>Samsung fait tout de m\u00eame partie des meilleurs \u00e9l\u00e8ves en la mati\u00e8re. Le constructeur garantit d\u00e9sormais des mises \u00e0 jour pendant 7\u00a0ans sur ses smartphones les plus r\u00e9cents. H\u00e9las, les anciens mod\u00e8les ne b\u00e9n\u00e9ficient pas d&rsquo;un tel traitement et doivent g\u00e9n\u00e9ralement cesser de vivre au bout de 3 \u00e0 5\u00a0ans. C&rsquo;est notamment le cas d&rsquo;un mod\u00e8le tr\u00e8s populaire lors de sa sortie.<\/p>\n<p><a class=\"fancy\" href=\"https:\/\/www.europesays.com\/fr\/wp-content\/uploads\/2025\/11\/82817284.jpg\"><img decoding=\"async\" alt=\"\" src=\"https:\/\/www.europesays.com\/fr\/wp-content\/uploads\/2025\/11\/82817284.jpg\"\/><\/a><\/p>\n<p>Sorti en fin d&rsquo;ann\u00e9e 2020, le Samsung Galaxy S20 FE disposait de s\u00e9rieux arguments pour s&rsquo;imposer face \u00e0 l&rsquo;iPhone 12. Avec un processeur Snapdragon 865 et un superbe \u00e9cran AMOLED, le Samsung Galaxy S20 FE s&rsquo;est rapidement impos\u00e9 comme l&rsquo;un des smartphones les plus vendus durant sa p\u00e9riode de commercialisation. Sur l&rsquo;ensemble de l&rsquo;ann\u00e9e 2021, Samsung aurait notamment \u00e9coul\u00e9 plus de 10\u00a0millions de Galaxy S20 FE.<\/p>\n<p>H\u00e9las, rien n&rsquo;est \u00e9ternel. Apr\u00e8s presque 5\u00a0ans de bons et loyaux services, le Samsung Galaxy S20 FE arrive au bout de sa dur\u00e9e de vie. Samsung aurait bel et bien d\u00e9cid\u00e9 de respecter son ancienne politique des 5\u00a0ans de mises \u00e0 jour (\u00e0 l&rsquo;\u00e9poque) pour se concentrer sur les futurs appareils \u00e0 venir.<\/p>\n<p>Si vous b\u00e9n\u00e9ficiez d&rsquo;un Samsung Galaxy S20 FE, vous devriez disposer d&rsquo;une ultime mise \u00e0 jour de s\u00e9curit\u00e9 distribu\u00e9e \u00e0 la fin du mois d&rsquo;octobre 2025. Cette derni\u00e8re devrait cependant \u00eatre la derni\u00e8re propos\u00e9e par Samsung sur votre appareil. Ce dernier continuera \u00e0 fonctionner normalement, mais sera bien plus expos\u00e9 face \u00e0 des attaques de virus et malwares qui pourraient exploiter des failles de s\u00e9curit\u00e9 non d\u00e9couverte (et donc non r\u00e9solues) par Samsung.<\/p>\n<p>Votre Samsung Galaxy S20 FE vit donc ses derni\u00e8res heures. Ou plut\u00f4t ces derniers mois puisque vous devriez toujours pouvoir profiter de la majorit\u00e9 des applications disponibles sur ce smartphone. Les d\u00e9veloppeurs d&rsquo;applications peuvent cependant d\u00e9cider de ne plus distribuer leurs logiciels sur les Galaxy S20 FE qui sont d\u00e9sormais consid\u00e9r\u00e9s trop vieux et obsol\u00e8tes.<\/p>\n<p>Il est donc vivement recommand\u00e9 de changer d&rsquo;appareil quitte \u00e0 vous tourner vers des reconditionn\u00e9s toujours mis \u00e0 jour. Si vous d\u00e9sirez rester chez Samsung, nous vous recommandons de ne pas prendre un appareil plus vieux qu&rsquo;un S23 si possible.<\/p>\n","protected":false},"excerpt":{"rendered":"Toutes les bonnes choses ont une fin, et ce smartphone sorti chez Samsung il y a quelques ann\u00e9es&hellip;\n","protected":false},"author":2,"featured_media":544806,"comment_status":"","ping_status":"","sticky":false,"template":"","format":"standard","meta":{"footnotes":""},"categories":[7],"tags":[66339,51761,51763,1011,27,51979,51767,613,43,40,41,39,42,44],"class_list":{"0":"post-544805","1":"post","2":"type-post","3":"status-publish","4":"format-standard","5":"has-post-thumbnail","7":"category-sciences-et-technologies","8":"tag-cms-linternaute-9252917","9":"tag-controller-content","10":"tag-format-papier","11":"tag-fr","12":"tag-france","13":"tag-les-histoires-de-linternaute","14":"tag-parallaxeinfeed","15":"tag-samsung-galaxy","16":"tag-science","17":"tag-science-and-technology","18":"tag-sciences","19":"tag-sciences-et-technologies","20":"tag-technologies","21":"tag-technology"},"share_on_mastodon":{"url":"https:\/\/pubeurope.com\/@fr\/115576742043906948","error":""},"_links":{"self":[{"href":"https:\/\/www.europesays.com\/fr\/wp-json\/wp\/v2\/posts\/544805","targetHints":{"allow":["GET"]}}],"collection":[{"href":"https:\/\/www.europesays.com\/fr\/wp-json\/wp\/v2\/posts"}],"about":[{"href":"https:\/\/www.europesays.com\/fr\/wp-json\/wp\/v2\/types\/post"}],"author":[{"embeddable":true,"href":"https:\/\/www.europesays.com\/fr\/wp-json\/wp\/v2\/users\/2"}],"replies":[{"embeddable":true,"href":"https:\/\/www.europesays.com\/fr\/wp-json\/wp\/v2\/comments?post=544805"}],"version-history":[{"count":0,"href":"https:\/\/www.europesays.com\/fr\/wp-json\/wp\/v2\/posts\/544805\/revisions"}],"wp:featuredmedia":[{"embeddable":true,"href":"https:\/\/www.europesays.com\/fr\/wp-json\/wp\/v2\/media\/544806"}],"wp:attachment":[{"href":"https:\/\/www.europesays.com\/fr\/wp-json\/wp\/v2\/media?parent=544805"}],"wp:term":[{"taxonomy":"category","embeddable":true,"href":"https:\/\/www.europesays.com\/fr\/wp-json\/wp\/v2\/categories?post=544805"},{"taxonomy":"post_tag","embeddable":true,"href":"https:\/\/www.europesays.com\/fr\/wp-json\/wp\/v2\/tags?post=544805"}],"curies":[{"name":"wp","href":"https:\/\/api.w.org\/{rel}","templated":true}]}}