{"id":544807,"date":"2025-11-19T14:04:10","date_gmt":"2025-11-19T14:04:10","guid":{"rendered":"https:\/\/www.europesays.com\/fr\/544807\/"},"modified":"2025-11-19T14:04:10","modified_gmt":"2025-11-19T14:04:10","slug":"pour-la-cour-des-comptes-la-france-doit-aller-beaucoup-plus-vite-et-loin-dans-ladoption-de-lia","status":"publish","type":"post","link":"https:\/\/www.europesays.com\/fr\/544807\/","title":{"rendered":"Pour la Cour des comptes, la France doit aller beaucoup plus vite et loin dans l\u2019adoption de l\u2019IA"},"content":{"rendered":"<p>\n    <strong>D\u00c9CRYPTAGE <\/strong>&#8211; Pour les magistrats de la rue Cambon, la strat\u00e9gie nationale sur l\u2019intelligence artificielle a cr\u00e9\u00e9 une r\u00e9elle dynamique depuis 2018. Mais elle doit \u00abchanger d\u2019\u00e9chelle\u00bb pour diffuser ces technologies dans l\u2019\u00e9conomie et la soci\u00e9t\u00e9.<\/p>\n<p class=\"fig-paragraph\">Avec\u00a0<a href=\"http:\/\/www.lefigaro.fr\/secteur\/high-tech\/dossier\/ai-summit-tout-savoir-sur-cet-evenement-mondial-organise-a-paris\" data-fig-type=\"Topic\" data-gtm-custom-categorie=\"navigation\" data-gtm-custom-action=\"crossclick\" data-gtm-custom-label=\"Contextuel\" data-gtm-event=\"customEventSPE\" data-fig-domain=\"LEFIGARO\" target=\"_blank\" rel=\"noopener\">le sommet pour l\u2019action sur l\u2019intelligence artificielle<\/a>, organis\u00e9 en f\u00e9vrier dernier, l\u2019\u00c9tat fran\u00e7ais voulait faire au monde entier la d\u00e9monstration des succ\u00e8s de sa strat\u00e9gie nationale pour l\u2019intelligence artificielle, lanc\u00e9e en 2018. Une strat\u00e9gie pass\u00e9e au crible par la Cour des comptes, dans un rapport d\u2019une centaine de pages publi\u00e9 ce mercredi matin. \u00abL\u2019intelligence artificielle n\u2019est plus un enjeu de m\u00eame nature qu\u2019en 2018\u00bb, au moment du lancement de la premi\u00e8re \u00e9tape de cette strat\u00e9gie, reconnaissent les magistrats financiers. Ce qui rend forc\u00e9ment plus difficile de jauger les r\u00e9sultats d\u2019initiatives lanc\u00e9es, pour les premi\u00e8res d\u2019entre elles, il y a pr\u00e8s de sept ans&#8230;<\/p>\n<p class=\"fig-paragraph\">Cette strat\u00e9gie nationale,\u00a0<a href=\"https:\/\/www.lefigaro.fr\/secteur\/high-tech\/2018\/03\/28\/32001-20180328ARTFIG00306-intelligence-artificielle-les-propositions-de-cedric-villani.php\" data-fig-type=\"Article\" data-gtm-custom-categorie=\"navigation\" data-gtm-custom-action=\"crossclick\" data-gtm-custom-label=\"Contextuel\" data-gtm-event=\"customEventSPE\" data-fig-domain=\"LEFIGARO\" target=\"_blank\" rel=\"noopener\">dessin\u00e9e apr\u00e8s le rapport du math\u00e9maticien C\u00e9dric Villani qui concluait au retard de la France dans ce domaine,\u00a0<\/a>a \u00e9t\u00e9 envisag\u00e9e comme une fus\u00e9e \u00e0 trois \u00e9tages.\u00a0<a href=\"https:\/\/www.lefigaro.fr\/secteur\/high-tech\/2018\/03\/29\/32001-20180329ARTFIG00287-la-france-va-investir-15-milliard-d-euros-pour-l-intelligence-artificielle-d-ici-2022.php\" data-fig-type=\"Article\" data-gtm-custom-categorie=\"navigation\" data-gtm-custom-action=\"crossclick\" data-gtm-custom-label=\"Contextuel\" data-gtm-event=\"customEventSPE\" data-fig-domain=\"LEFIGARO\" target=\"_blank\" rel=\"noopener\">Une premi\u00e8re phase<\/a>\u00a0(2018-2022) s\u2019est focalis\u00e9e sur le renforcement de la recherche dans ces nouvelles technologies et l\u2019amor\u00e7age\u2026<\/p>\n<p class=\"fig-premium-paywall__infos\">\n        Cet article est r\u00e9serv\u00e9 aux abonn\u00e9s.        Il vous reste 85% \u00e0 d\u00e9couvrir.\n    <\/p>\n<p>                <img  data- alt=\"Le Figaro\" class=\"fig-img--complete fig-img\"\/><\/p>\n<p class=\"fig-premium-paywall__title\">Black Friday<\/p>\n<p class=\"fig-premium-paywall__subtitle\">-70% sur l&rsquo;abonnement num\u00e9rique<\/p>\n<p class=\"fig-premium-paywall__connect\">\n                D\u00e9j\u00e0 abonn\u00e9\u00a0?                <a class=\"fig-premium-paywall__connect-link\" href=\"https:\/\/connect.lefigaro.fr\/login?client=horizon_web&amp;type=main&amp;redirect_uri=https%3A%2F%2Fwww.lefigaro.fr%2Fsecteur%2Fhigh-tech%2Fpour-la-cour-des-comptes-la-france-doit-aller-beaucoup-plus-vite-et-loin-dans-l-adoption-de-l-ia-20251119\" data-js-gtm=\"{&quot;customCategorie&quot;: &quot;conversion&quot;, &quot;customAction&quot;: &quot;before_Landing_Connexion_paywall_auto&quot;, &quot;customLabel&quot;: &quot;bGVmaWdhcm8uZnJfXzFmMGM0ODliLWY5MzctNmZlMi05ZDhhLWIzMjg2NjEyM2Y3Ml9fTmV3c0ZsYXNo_Pour la Cour des comptes, la France doit aller beaucoup plus vite et loin dans l\u2019adoption de l\u2019IA_311&quot;, &quot;customIDSPE&quot;: &quot;bGVmaWdhcm8uZnJfXzFmMGM0ODliLWY5MzctNmZlMi05ZDhhLWIzMjg2NjEyM2Y3Ml9fTmV3c0ZsYXNo&quot;, &quot;event&quot;: &quot;customEventSPE&quot;}\" target=\"_blank\" rel=\"noopener\"><br \/>\n                    Connectez-vous<br \/>\n                <\/a>\n            <\/p>\n","protected":false},"excerpt":{"rendered":"D\u00c9CRYPTAGE &#8211; Pour les magistrats de la rue Cambon, la strat\u00e9gie nationale sur l\u2019intelligence artificielle a cr\u00e9\u00e9 une&hellip;\n","protected":false},"author":2,"featured_media":544808,"comment_status":"","ping_status":"","sticky":false,"template":"","format":"standard","meta":{"footnotes":""},"categories":[6],"tags":[35,15721,33,34,1011,27,223],"class_list":{"0":"post-544807","1":"post","2":"type-post","3":"status-publish","4":"format-standard","5":"has-post-thumbnail","7":"category-economie","8":"tag-business","9":"tag-cour-des-comptes","10":"tag-economie","11":"tag-economy","12":"tag-fr","13":"tag-france","14":"tag-intelligence-artificielle"},"share_on_mastodon":{"url":"https:\/\/pubeurope.com\/@fr\/115576744523225738","error":""},"_links":{"self":[{"href":"https:\/\/www.europesays.com\/fr\/wp-json\/wp\/v2\/posts\/544807","targetHints":{"allow":["GET"]}}],"collection":[{"href":"https:\/\/www.europesays.com\/fr\/wp-json\/wp\/v2\/posts"}],"about":[{"href":"https:\/\/www.europesays.com\/fr\/wp-json\/wp\/v2\/types\/post"}],"author":[{"embeddable":true,"href":"https:\/\/www.europesays.com\/fr\/wp-json\/wp\/v2\/users\/2"}],"replies":[{"embeddable":true,"href":"https:\/\/www.europesays.com\/fr\/wp-json\/wp\/v2\/comments?post=544807"}],"version-history":[{"count":0,"href":"https:\/\/www.europesays.com\/fr\/wp-json\/wp\/v2\/posts\/544807\/revisions"}],"wp:featuredmedia":[{"embeddable":true,"href":"https:\/\/www.europesays.com\/fr\/wp-json\/wp\/v2\/media\/544808"}],"wp:attachment":[{"href":"https:\/\/www.europesays.com\/fr\/wp-json\/wp\/v2\/media?parent=544807"}],"wp:term":[{"taxonomy":"category","embeddable":true,"href":"https:\/\/www.europesays.com\/fr\/wp-json\/wp\/v2\/categories?post=544807"},{"taxonomy":"post_tag","embeddable":true,"href":"https:\/\/www.europesays.com\/fr\/wp-json\/wp\/v2\/tags?post=544807"}],"curies":[{"name":"wp","href":"https:\/\/api.w.org\/{rel}","templated":true}]}}