{"id":544810,"date":"2025-11-19T14:06:13","date_gmt":"2025-11-19T14:06:13","guid":{"rendered":"https:\/\/www.europesays.com\/fr\/544810\/"},"modified":"2025-11-19T14:06:13","modified_gmt":"2025-11-19T14:06:13","slug":"emmanuel-macron-fustige-les-bourgeois-des-centres-villes-qui-alimentent-le-trafic-de-drogues","status":"publish","type":"post","link":"https:\/\/www.europesays.com\/fr\/544810\/","title":{"rendered":"Emmanuel Macron fustige les \u00ab\u00a0bourgeois des centres-villes\u00a0\u00bb qui alimentent le trafic de drogues"},"content":{"rendered":"<p>La crise d\u2019ins\u00e9curit\u00e9 caus\u00e9e par le narcotrafic sature le d\u00e9bat public. Jusqu\u2019au sommet de l\u2019Etat. <a href=\"https:\/\/www.20minutes.fr\/politique\/emmanuel-macron\/\" target=\"_blank\" class=\"c-link c-link--is-underlined\" rel=\"noopener\">Emmanuel Macron<\/a> a estim\u00e9, lors du Conseil des ministres ce mercredi, que ce sont \u00ab\u00a0parfois les bourgeois des centres-villes qui financent les <a href=\"https:\/\/www.20minutes.fr\/dossier\/narcotrafiquants\" target=\"_blank\" class=\"c-link c-link--is-underlined\" rel=\"noopener\">narcotrafiquants<\/a>\u00a0\u00bb, selon des propos rapport\u00e9s par la porte-parole du gouvernement Maud Bregeon.<\/p>\n<p>Le chef de l\u2019\u00c9tat a appuy\u00e9 \u00ab\u00a0l\u2019importance d\u2019une politique de pr\u00e9vention et de sensibilisation\u00a0\u00bb, a pr\u00e9cis\u00e9 Maud Bregeon. Ajoutant\u00a0: \u00ab\u00a0On ne peut pas d\u00e9plorer d\u2019un c\u00f4t\u00e9 les morts et de l\u2019autre continuer \u00e0 consommer le soir en rentrant du travail.\u00a0\u00bb Emmanuel Macron a \u00e9galement insist\u00e9 sur \u00ab\u00a0la n\u00e9cessit\u00e9 d\u2019avoir une approche interminist\u00e9rielle du tr\u00e8s local \u00e0 l\u2019international\u00a0\u00bb.<\/p>\n<p>Un point de bascule<\/p>\n<p>L\u2019Association nationale de la police judiciaire (ANPJ) r\u00e9clame de son c\u00f4t\u00e9 \u00ab\u00a0la cr\u00e9ation d\u2019une direction g\u00e9n\u00e9rale de la police judiciaire forte, rassembl\u00e9e et connect\u00e9e, \u00e0 l\u2019image de la <a href=\"https:\/\/www.20minutes.fr\/societe\/dgsi\/\" target=\"_blank\" class=\"c-link c-link--is-underlined\" rel=\"noopener\">DGSI<\/a>\u00a0\u00bb.<\/p>\n<\/p>\n<p>\u00ab\u00a0Le \u00a0\u00bb<a href=\"https:\/\/www.20minutes.fr\/faits_divers\/faits-divers-marseille\/4186428-20251118-obseques-mehdi-kessaci-choquee-apeuree-marseille-essuie-larmes-sous-haute-surveillance\" target=\"_blank\" class=\"c-link c-link--is-underlined\" rel=\"noopener\">crime d\u2019intimidation<\/a>\u00a0\u00bb du fr\u00e8re d\u2019un jeune homme engag\u00e9 contre le narcotrafic est consid\u00e9r\u00e9 comme un \u00a0\u00bbpoint de bascule\u00a0\u00bb par nos gouvernants\u00a0\u00bb, or, \u00e9crit-elle, \u00ab\u00a0cette bascule dans le narcoterrorisme \u00e9tait pr\u00e9visible\u00a0\u00bb. <a href=\"https:\/\/www.20minutes.fr\/faits_divers\/faits-divers-marseille\/4185587-20251114-marseille-sait-assassinat-frere-amine-kessaci-militant-politique-engage-contre-narcotrafic\" target=\"_blank\" class=\"c-link c-link--is-underlined\" rel=\"noopener\">Medhi Kessaci<\/a>, 20 ans, a \u00e9t\u00e9 assassin\u00e9 le 13\u00a0novembre \u00e0 Marseille pr\u00e8s d\u2019une salle de concert par deux hommes \u00e0 moto, activement recherch\u00e9s, un \u00ab\u00a0crime d\u2019intimidation\u00a0\u00bb et \u00ab\u00a0un assassinat d\u2019avertissement\u00a0\u00bb pour les autorit\u00e9s.<\/p>\n","protected":false},"excerpt":{"rendered":"La crise d\u2019ins\u00e9curit\u00e9 caus\u00e9e par le narcotrafic sature le d\u00e9bat public. Jusqu\u2019au sommet de l\u2019Etat. Emmanuel Macron a&hellip;\n","protected":false},"author":2,"featured_media":544811,"comment_status":"","ping_status":"","sticky":false,"template":"","format":"standard","meta":{"footnotes":""},"categories":[4],"tags":[47,11,885,3193,1073,1011,27,884,813,12,883,316,882,25,887],"class_list":{"0":"post-544810","1":"post","2":"type-post","3":"status-publish","4":"format-standard","5":"has-post-thumbnail","7":"category-france","8":"tag-actualite","9":"tag-actualites","10":"tag-bouches-du-rhone","11":"tag-conseil-des-ministres","12":"tag-emmanuel-macron","13":"tag-fr","14":"tag-france","15":"tag-marseille","16":"tag-narcotrafiquants","17":"tag-news","18":"tag-paca","19":"tag-politique","20":"tag-provence-alpes-cote-dazur","21":"tag-republique-francaise","22":"tag-trafic-de-drogue"},"share_on_mastodon":{"url":"https:\/\/pubeurope.com\/@fr\/115576752342689704","error":""},"_links":{"self":[{"href":"https:\/\/www.europesays.com\/fr\/wp-json\/wp\/v2\/posts\/544810","targetHints":{"allow":["GET"]}}],"collection":[{"href":"https:\/\/www.europesays.com\/fr\/wp-json\/wp\/v2\/posts"}],"about":[{"href":"https:\/\/www.europesays.com\/fr\/wp-json\/wp\/v2\/types\/post"}],"author":[{"embeddable":true,"href":"https:\/\/www.europesays.com\/fr\/wp-json\/wp\/v2\/users\/2"}],"replies":[{"embeddable":true,"href":"https:\/\/www.europesays.com\/fr\/wp-json\/wp\/v2\/comments?post=544810"}],"version-history":[{"count":0,"href":"https:\/\/www.europesays.com\/fr\/wp-json\/wp\/v2\/posts\/544810\/revisions"}],"wp:featuredmedia":[{"embeddable":true,"href":"https:\/\/www.europesays.com\/fr\/wp-json\/wp\/v2\/media\/544811"}],"wp:attachment":[{"href":"https:\/\/www.europesays.com\/fr\/wp-json\/wp\/v2\/media?parent=544810"}],"wp:term":[{"taxonomy":"category","embeddable":true,"href":"https:\/\/www.europesays.com\/fr\/wp-json\/wp\/v2\/categories?post=544810"},{"taxonomy":"post_tag","embeddable":true,"href":"https:\/\/www.europesays.com\/fr\/wp-json\/wp\/v2\/tags?post=544810"}],"curies":[{"name":"wp","href":"https:\/\/api.w.org\/{rel}","templated":true}]}}