{"id":544819,"date":"2025-11-19T14:11:11","date_gmt":"2025-11-19T14:11:11","guid":{"rendered":"https:\/\/www.europesays.com\/fr\/544819\/"},"modified":"2025-11-19T14:11:11","modified_gmt":"2025-11-19T14:11:11","slug":"decouvrez-toutes-les-nouveautes-qui-vous-attendent-cette-annee","status":"publish","type":"post","link":"https:\/\/www.europesays.com\/fr\/544819\/","title":{"rendered":"d\u00e9couvrez toutes les nouveaut\u00e9s qui vous attendent cette ann\u00e9e"},"content":{"rendered":"<p>                    Par<br \/>\n        <strong><br \/>\n            <a href=\"https:\/\/actu.fr\/auteur\/amandine-mehl\" title=\"Consulter tous les articles de Amandine Mehl\" target=\"_blank\" rel=\"noopener\">Amandine Mehl<\/a><br \/>\n                    <\/strong><\/p>\n<p>        Publi\u00e9 le<\/p>\n<p>            19 nov. 2025 \u00e0 15h04        <\/p>\n<p>\u00c0 <strong>Nancy<\/strong>, les <a href=\"https:\/\/actu.fr\/grand-est\/nancy_54395\/les-fetes-de-saint-nicolas-seront-inaugurees-vendredi-a-nancy-voici-le-programme_63432773.html\" target=\"_blank\" rel=\"noopener\">F\u00eates de Saint-Nicolas<\/a> seront inaugur\u00e9es <strong>vendredi 21 novembre 2025<\/strong>. Jusqu\u2019au 4 janvier 2026, habitants et touristes pourront profiter des <strong>immanquables<\/strong>, de retour chaque ann\u00e9e, mais aussi d\u00e9couvrir des <strong>nouveaut\u00e9s<\/strong>.<\/p>\n<p class=\" wall-content\">Voici celles de cette nouvelle \u00e9dition.<\/p>\n<p>Retour d\u2019une patinoire en glace naturelle pour les F\u00eates de Saint-Nicolas<\/p>\n<p class=\" wall-content\">Abandonn\u00e9e ces derni\u00e8res ann\u00e9es pour des raisons \u00e9cologiques, la <a href=\"https:\/\/actu.fr\/grand-est\/nancy_54395\/fetes-de-saint-nicolas-2025-a-nancy-une-patinoire-en-glace-naturelle-va-faire-son-retour-voici-ou_63410637.html\" target=\"_blank\" rel=\"noopener\">patinoire en glace naturelle<\/a> va bel et bien revenir \u00e0 Nancy, <strong>place de la Carri\u00e8re<\/strong>, lors des F\u00eates de Saint-Nicolas.<\/p>\n<p class=\" wall-content\">Pour c\u00e9l\u00e9brer ce retour tr\u00e8s attendu du public, les \u00e9poux Oliero, \u00e0 la t\u00eate de la patinoire, ont pris l\u2019initiative d\u2019inviter <a href=\"https:\/\/actu.fr\/grand-est\/nancy_54395\/fetes-de-saint-nicolas-a-nancy-philippe-candeloro-donnera-un-spectacle-gratuit-a-la-patinoire-voici-quand_63454283.html\" target=\"_blank\" rel=\"noopener\">Philippe Candeloro<\/a>. Le patineur et sa troupe y donneront un <strong>spectacle gratuit<\/strong> vendredi 21 novembre \u00e0 partir de 18h.<\/p>\n<p>Un nouveau son et lumi\u00e8re pour les F\u00eates de Saint-Nicolas<\/p>\n<p class=\" wall-content\">Comme les ann\u00e9es pr\u00e9c\u00e9dentes, le <a href=\"https:\/\/actu.fr\/grand-est\/nancy_54395\/fetes-de-saint-nicolas-2025-a-nancy-le-theme-du-nouveau-son-et-lumiere-devoile_63411398.html\" target=\"_blank\" rel=\"noopener\">son et lumi\u00e8re<\/a> autour de la <a href=\"https:\/\/actu.fr\/societe\/la-question-pas-si-bete-d-ou-vient-la-legende-de-saint-nicolas_47001493.html\" target=\"_blank\" rel=\"noopener\">l\u00e9gende de saint Nicolas<\/a> magnifiera chaque soir la place Stanislas.\u00a0<\/p>\n<p class=\" wall-content\">Un spectacle<strong> totalement repens\u00e9<\/strong> pour l\u2019\u00e9dition 2025, inspir\u00e9 des <strong>premiers jeux vid\u00e9o<\/strong> et de la <strong>culture num\u00e9rique<\/strong>.<\/p>\n<p>Un nouveau parcours artistique dans les rues de Nancy<\/p>\n<p class=\" wall-content\">S\u2019agissant des <strong>d\u00e9corations<\/strong> install\u00e9es dans la cit\u00e9 ducale, la Ville a cette ann\u00e9e d\u00e9cid\u00e9 d\u2019aller plus loin en cr\u00e9ant un <a href=\"https:\/\/actu.fr\/grand-est\/nancy_54395\/fetes-de-saint-nicolas-2025-un-nouveau-parcours-artistique-avec-des-oeuvres-monumentales-attendu-a-nancy_63422128.html\" target=\"_blank\" rel=\"noopener\">nouveau parcours artistique avec des \u0153uvres monumentales<\/a>.<\/p>\n<p>Votre r\u00e9gion, votre actu !<\/p>\n<p>Recevez chaque jour les infos qui comptent pour vous.<\/p>\n<p>\t<a href=\"https:\/\/actu.fr\/newsletter\" class=\"ac-btn ac-btn--corner ac-btn--medium ac-btn--blue800\" target=\"_blank\" rel=\"noopener\">S&rsquo;incrire<\/a><\/p>\n<p class=\" wall-content\">En plus de celles rues Saint-Jean et Saint-Georges, mais aussi place du Colonel-Driant, de <strong>nouvelles installations lumineuses<\/strong> seront propos\u00e9es sous la porte Saint-Georges, place de la Division de Fer et au port Sainte-Catherine.<\/p>\n<p>La Saint-Nicolas sur l\u2019eau va prendre de l\u2019ampleur en 2025<\/p>\n<p class=\" wall-content\">La <strong>Saint-Nicolas sur l\u2019eau<\/strong>, \u00e9v\u00e9nement qui attire chaque ann\u00e9e de plus en plus de monde, va \u00e9galement <strong>prendre de l\u2019ampleur cette ann\u00e9e<\/strong>.\u00a0<\/p>\n<p class=\" wall-content\">Une <a href=\"https:\/\/actu.fr\/grand-est\/nancy_54395\/nancy-le-defile-de-saint-nicolas-sur-l-eau-va-monter-en-puissance-en-2025-voici-ce-qui-vous-attend_63431469.html\" target=\"_blank\" rel=\"noopener\">mont\u00e9e en puissance<\/a> qui se traduira par un \u00ab\u00a0<strong>d\u00e9cor lumineux tr\u00e8s chic<\/strong>\u00ab\u00a0, une <strong>ambiance musicale<\/strong>, la pr\u00e9sence de <strong>food trucks<\/strong>, un <strong>cort\u00e8ge de lampions<\/strong> et un <strong>feu d\u2019artifice<\/strong>.<\/p>\n<p>Un nouveau village de Saint-Nicolas<\/p>\n<p class=\" wall-content\">S\u2019agissant des <a href=\"https:\/\/actu.fr\/grand-est\/nancy_54395\/fetes-de-saint-nicolas-a-nancy-decouvrez-les-villages-annonces-pour-2025_63421948.html\" target=\"_blank\" rel=\"noopener\">diff\u00e9rents villages<\/a> de <a href=\"https:\/\/actu.fr\/tag\/saint-nicolas\" target=\"_blank\" rel=\"noopener\">Saint-Nicolas<\/a> diss\u00e9min\u00e9s dans la ville, un <a href=\"https:\/\/actu.fr\/grand-est\/nancy_54395\/exclusif-un-tout-nouveau-village-a-l-etude-pour-les-fetes-de-saint-nicolas-2025-a-nancy_63164407.html\" target=\"_blank\" rel=\"noopener\">nouveau<\/a> va prendre place cette ann\u00e9e <strong>devant le palais du gouverneur<\/strong>.\u00a0<\/p>\n<p class=\" wall-content\">En parall\u00e8le, le <a href=\"https:\/\/actu.fr\/grand-est\/nancy_54395\/grand-village-de-saint-nicolas-a-nancy-de-nouveaux-horaires-annonces-pour-2025_63395946.html\" target=\"_blank\" rel=\"noopener\">Grand village de Saint-Nicolas<\/a> place Charles III va proposer plusieurs <a href=\"https:\/\/actu.fr\/grand-est\/nancy_54395\/grand-village-de-saint-nicolas-a-nancy-voici-les-nouveautes-de-l-edition-2025_63423731.html\" target=\"_blank\" rel=\"noopener\">nouveaut\u00e9s<\/a>. On note notamment la pr\u00e9sence d\u2019une \u00ab\u00a0<strong>nouvelle masterpiece<\/strong>\u00a0\u00bb embl\u00e9matique ainsi qu\u2019une <strong>nouvelle maison de Saint-Nicolas<\/strong>. \u00ab\u00a0Un tr\u00e8s tr\u00e8s gros chalet\u00a0\u00bb d\u00e9di\u00e9 \u00e0 l\u2019univers de la f\u00eate\u00a0\u00bb, indiquait <strong>S\u00e9bastien Duchowicz<\/strong>, pr\u00e9sident des Vitrines de Nancy, lors d\u2019une conf\u00e9rence de presse.<\/p>\n<p>Un nouveau char pour saint Nicolas<\/p>\n<p class=\" wall-content\">La derni\u00e8re nouveaut\u00e9 ne sera visible que le samedi 6 d\u00e9cembre, jour du <a href=\"https:\/\/actu.fr\/grand-est\/nancy_54395\/saint-nicolas-a-nancy-pourquoi-la-date-du-defile-en-2025-sera-particulierement-symbolique_61976106.html\" target=\"_blank\" rel=\"noopener\">d\u00e9fil\u00e9<\/a>.<\/p>\n<p class=\" wall-content\">Apr\u00e8s le char du boucher en 2024, c\u2019est au tour du <strong>char<\/strong> de saint Nicolas de faire <strong>peau neuve<\/strong>. La Ville pr\u00e9vient : \u00ab\u00a0Il fera briller les yeux des petits et des grands\u00a0\u00bb.<\/p>\n<p class=\" wall-content\">Personnalisez votre actualit\u00e9 en ajoutant vos villes et m\u00e9dias en favori avec <a href=\"https:\/\/moncompte.actu.fr\" title=\"D\u00e9couvez Mon Actu\" rel=\"nofollow noopener\" data-trk=\"{&quot;cta&quot;:{&quot;action&quot;:&quot;https:\\\/\\\/moncompte.actu.fr&quot;,&quot;category&quot;:&quot;mon compte&quot;,&quot;from&quot;:&quot;article footer&quot;,&quot;name&quot;:&quot;Mon actu&quot;,&quot;type&quot;:&quot;cta&quot;}}\" target=\"_blank\">Mon Actu<\/a>.<\/p>\n","protected":false},"excerpt":{"rendered":"Par Amandine Mehl Publi\u00e9 le 19 nov. 2025 \u00e0 15h04 \u00c0 Nancy, les F\u00eates de Saint-Nicolas seront inaugur\u00e9es&hellip;\n","protected":false},"author":2,"featured_media":544820,"comment_status":"","ping_status":"","sticky":false,"template":"","format":"standard","meta":{"footnotes":""},"categories":[9635],"tags":[1111,11,1777,674,1011,27,775,1702,12,25,14334,104],"class_list":{"0":"post-544819","1":"post","2":"type-post","3":"status-publish","4":"format-standard","5":"has-post-thumbnail","7":"category-nancy","8":"tag-actu","9":"tag-actualites","10":"tag-eu","11":"tag-europe","12":"tag-fr","13":"tag-france","14":"tag-grand-est","15":"tag-nancy","16":"tag-news","17":"tag-republique-francaise","18":"tag-saint-nicolas","19":"tag-societe"},"share_on_mastodon":{"url":"https:\/\/pubeurope.com\/@fr\/115576771971450855","error":""},"_links":{"self":[{"href":"https:\/\/www.europesays.com\/fr\/wp-json\/wp\/v2\/posts\/544819","targetHints":{"allow":["GET"]}}],"collection":[{"href":"https:\/\/www.europesays.com\/fr\/wp-json\/wp\/v2\/posts"}],"about":[{"href":"https:\/\/www.europesays.com\/fr\/wp-json\/wp\/v2\/types\/post"}],"author":[{"embeddable":true,"href":"https:\/\/www.europesays.com\/fr\/wp-json\/wp\/v2\/users\/2"}],"replies":[{"embeddable":true,"href":"https:\/\/www.europesays.com\/fr\/wp-json\/wp\/v2\/comments?post=544819"}],"version-history":[{"count":0,"href":"https:\/\/www.europesays.com\/fr\/wp-json\/wp\/v2\/posts\/544819\/revisions"}],"wp:featuredmedia":[{"embeddable":true,"href":"https:\/\/www.europesays.com\/fr\/wp-json\/wp\/v2\/media\/544820"}],"wp:attachment":[{"href":"https:\/\/www.europesays.com\/fr\/wp-json\/wp\/v2\/media?parent=544819"}],"wp:term":[{"taxonomy":"category","embeddable":true,"href":"https:\/\/www.europesays.com\/fr\/wp-json\/wp\/v2\/categories?post=544819"},{"taxonomy":"post_tag","embeddable":true,"href":"https:\/\/www.europesays.com\/fr\/wp-json\/wp\/v2\/tags?post=544819"}],"curies":[{"name":"wp","href":"https:\/\/api.w.org\/{rel}","templated":true}]}}