{"id":54482,"date":"2025-04-26T13:28:10","date_gmt":"2025-04-26T13:28:10","guid":{"rendered":"https:\/\/www.europesays.com\/fr\/54482\/"},"modified":"2025-04-26T13:28:10","modified_gmt":"2025-04-26T13:28:10","slug":"le-tema-comedy-club-une-nouvelle-scene-dhumour-100-stand-up-debarque-au-mans","status":"publish","type":"post","link":"https:\/\/www.europesays.com\/fr\/54482\/","title":{"rendered":"Le T\u00e9ma comedy club, une nouvelle sc\u00e8ne d\u2019humour 100 % stand-up d\u00e9barque au Mans"},"content":{"rendered":"<p>            Par<br \/>\n        <strong><br \/>\n            <a href=\"https:\/\/actu.fr\/auteur\/frederic-jouvet\" title=\"Consulter tous les articles de Fr\u00e9d\u00e9ric Jouvet\" rel=\"nofollow noopener\" target=\"_blank\">Fr\u00e9d\u00e9ric Jouvet<\/a><br \/>\n        <\/strong><\/p>\n<p>        Publi\u00e9 le<\/p>\n<p>            26 avr. 2025 \u00e0 10h16        <\/p>\n<p>Un nouveau venu dans la<b> sc\u00e8ne de l\u2019humour <\/b>au\u00a0Mans (<a href=\"https:\/\/actu.fr\/pays-de-la-loire\/sarthe_72\" rel=\"nofollow noopener\" target=\"_blank\">Sarthe<\/a>)\u2009! Le T\u00e9ma Comedy Club lance sa premi\u00e8re soir\u00e9e de <b>stand-up<\/b> mercredi 7\u00a0mai 2025 et \u00e9lit domicile au bar The Lodge.<\/p>\n<p>Le T\u00e9ma comedy club, nouvelle sc\u00e8ne stand-up au\u00a0Mans<\/p>\n<p class=\" wall-content\">The Lodge\u00a0avait d\u00e9j\u00e0 accueilli quelques plateaux du <a href=\"https:\/\/actu.fr\/pays-de-la-loire\/le-mans_72181\/le-mans-a-peine-lance-le-comedy-club-de-la-brasserie-le-globe-est-deja-un-succes_60878909.html\" rel=\"nofollow noopener\" target=\"_blank\">Cpasvraicomedyclub<\/a> qu\u2019avait initi\u00e9 l\u2019humoriste et imitateur Mathieu Delaplace. Le T\u00e9ma reprend le flambeau et va m\u00eame b\u00e9n\u00e9ficier d\u2019un<b> nouvel espace<\/b>, plus grand, au sein du bar, d\u2019une surface de 120\u00a0m\u00e8tres carr\u00e9s.<\/p>\n<p class=\" wall-content\">\u00c0 l\u2019initiative de ce nouveau plateau, <a href=\"https:\/\/actu.fr\/pays-de-la-loire\/la-ferte-bernard_72132\/jason-rayer-humoriste-de-la-ferte-bernard-ouvre-son-cafe-theatre-a-paris_49164159.html\" rel=\"nofollow noopener\" target=\"_blank\">l\u2019humoriste fertois Jason Rayer<\/a>, Quentin Mercurin, \u00e9galement humoriste, et Chris Fribault (Quentin et Chris sont \u00e0 l\u2019initiative du QC Comedy Club).<\/p>\n<p class=\" wall-content\">\u00ab\u2009Il y aura 4 humoristes qui feront 15\u00a0minutes chacun et moi je serai \u00e0 la pr\u00e9sentation en tant que MC (N.D.L.R.\u2009: ma\u00eetre de c\u00e9r\u00e9monie)\u2009\u00bb, d\u00e9taille Jason Rayer.<\/p>\n<blockquote class=\"ac-article-quote wall-content\">\n<p>The Lodge nous laisse vraiment carte blanche donc on a envie de leur rendre. On sera plut\u00f4t sur des artistes confirm\u00e9s qui ont le statut d\u2019intermittents.<\/p>\n<p>Jason Rayer, humoriste et g\u00e9rant du T\u00e9ma Comedy Club<\/p><\/blockquote>\n<p>Vid\u00e9os : en ce moment sur Actu<\/p>\n<p class=\" wall-content\">L\u2019adepte de l\u2019humour noir souhaite rendre le comedy club accessible. \u00ab\u2009L\u2019id\u00e9e est d\u2019avoir un public adulte de tout \u00e2ge et tr\u00e8s \u00e9clectique\u2009\u00bb, projette-t-il.<\/p>\n<p>Deux soir\u00e9es par mois<\/p>\n<p class=\" wall-content\">Le T\u00e9ma Comedy Club se tiendra tout le temps au bar The Lodge \u00e0 raison de <b>deux sessions par mois<\/b> (un mercredi sur deux avec un accueil \u00e0 partir de 20h). Au mois de juillet, il proposera un plateau plus important de 8 \u00e0 10 humoristes en terrasse et qui monteront sur sc\u00e8ne 5\u00a0minutes chacun.<\/p>\n<p>      <img   decoding=\"async\" loading=\"lazy\" class=\"size-large\" src=\"https:\/\/www.europesays.com\/fr\/wp-content\/uploads\/2025\/04\/755726224b086d95726224b08bd572v-960x640.jpg\" alt=\"The Lodge met \u00e0 disposition une grande salle pour la tenue du T\u00e9ma comedy club.\" width=\"960\" height=\"640\"\/><br \/>\n    The Lodge met \u00e0 disposition une grande salle pour la tenue du T\u00e9ma comedy club. \u00a9Fr\u00e9d\u00e9ric JOUVET\/Actu Le Mans<\/p>\n<p class=\" wall-content\">\u00ab\u2009C\u2019est pour finir la saison en fanfare pour revenir \u00e0 la rentr\u00e9e avec quelque chose de bien install\u00e9\u2009\u00bb, assure le Sarthois. \u00c0 plus long terme, Jason Rayer imagine en parall\u00e8le des <b>sc\u00e8nes plus importantes<\/b> comme des deux fois 30\u00a0minutes voire un spectacle int\u00e9gral.<\/p>\n<p class=\" wall-content\">En attendant, il esp\u00e8re que les spectateurs viendront \u00ab\u2009mater\u2009\u00bb les humoristes. C\u2019est d\u2019ailleurs de l\u00e0 que vient le nom du comedy club.<\/p>\n<p class=\" wall-content\">\u00ab\u2009J\u2019aimais bien l\u2019argot t\u00e9ma (N.D.L.R.\u2009: mater) et l\u00e0, on va \u00eatre visible depuis l\u2019ext\u00e9rieur car c\u2019est vitr\u00e9. Je trouvais que \u00e7a collait avec l\u2019esprit pub et \u00e7a d\u00e9structure ce terme de la street pour en faire un lieu ouvert \u00e0 tous\u2009\u00bb, abonde Jason Rayer. Il y a aussi un clin d\u2019\u0153il personnel. \u00ab\u2009T\u00e9ma, c\u2019est le nom de jeune fille de ma m\u00e8re \u00e0 l\u2019envers.\u2009\u00bb<\/p>\n<p>\u00ab\u2009Le meilleur regard est celui du public\u2009\u00bb<\/p>\n<p class=\" wall-content\">La particularit\u00e9 de ce comedy club\u2009? \u00ab\u2009Ce sera un plateau <b>100\u2009% stand-up<\/b>. Je veux qu\u2019il y ait un \u00e9change avec le public, qu\u2019il y ait une synergie entre les artistes, micro \u00e0 la main, et le public, le tout dans un esprit tr\u00e8s chill\u2009\u00bb, d\u00e9taille celui qui s\u2019est lanc\u00e9 dans l\u2019humour il y a 7\u00a0ans.<\/p>\n<p class=\" wall-content\">Un rapport direct avec le public qu\u2019il appr\u00e9cie bien que le public manceau ait la r\u00e9putation de ne pas \u00eatre <b>le plus facile.<\/b><\/p>\n<blockquote class=\"ac-article-quote wall-content\">\n<p>Le meilleur regard est celui du public. Avec celui du\u00a0Mans, il n\u2019y a pas de triche. Il est plus dur mais j\u2019aime autant, c\u2019est un challenge de le faire rire. Il y a une petite adr\u00e9naline suppl\u00e9mentaire. C\u2019est le meilleur endroit pour roder un spectacle.<\/p>\n<p>Jason Rayer, humoriste et g\u00e9rant du T\u00e9ma Comedy Club<\/p><\/blockquote>\n<p class=\" wall-content\">\u00ab\u2009Les gens au\u00a0Mans sont ouverts d\u2019esprit et comprennent bien les messages donc c\u2019est agr\u00e9able.\u2009\u00bb Avec le QC Comedy Club au <a href=\"https:\/\/actu.fr\/pays-de-la-loire\/le-mans_72181\/ex-electricien-il-ouvre-%E2%80%89le-barbu%E2%80%89-un-nouveau-bar-branche-en-centre-ville-du-mans_59669703.html\" rel=\"nofollow noopener\" target=\"_blank\">Bar\u2019Bu<\/a> et au <a href=\"https:\/\/actu.fr\/pays-de-la-loire\/le-mans_72181\/le-portland-ouvre-au-mans-avec-un-nouveau-concept-de-ruin-bar_60855683.html\" rel=\"nofollow noopener\" target=\"_blank\">Portland<\/a>\u00a0ou encore le Snam Comedy Club au <a href=\"https:\/\/actu.fr\/pays-de-la-loire\/le-mans_72181\/le-mans-au-blue-zinc-des-scenes-ouvertes-pour-reveler-les-jeunes-talents-de-lhumour_60953096.html\" rel=\"nofollow noopener\" target=\"_blank\">Blue Zinc,<\/a> l\u2019humour a le vent en poupe au\u00a0Mans\u2009! \u00ab\u2009On ne se parasite pas car chacun a des <b>propositions diff\u00e9rentes\u2009!\u2009<\/b>\u00bb<\/p>\n<p>T\u00e9ma Comedy Club au bar The Lodge (40 rue des Ponts Neufs). Premi\u00e8re soir\u00e9e le 7\u00a0mai \u00e0 20h. \u00c0 retrouver sur <a href=\"https:\/\/www.instagram.com\/tema_comedyclub\" rel=\"nofollow noopener\" target=\"_blank\">Instagram<\/a> et <a href=\"https:\/\/www.facebook.com\/profile.php?id=61574839331964\" rel=\"nofollow noopener\" target=\"_blank\">Facebook<\/a>. Billetterie <a href=\"https:\/\/www.billetweb.fr\/soiree-tema-du-xx-xx-xx?fbclid=IwY2xjawJ0n8JleHRuA2FlbQIxMAABHsCEjSkFyP5M0-BiX_E2hlUr5L5Lhe3_S283KcsiF2Hwa164pKqEJ_sirEHq_aem_9Fqwyk75_b7FTXZdjBqaCg\" rel=\"nofollow noopener\" target=\"_blank\">en ligne<\/a>. Entr\u00e9e gratuite, sortie au chapeau.<\/p>\n<p class=\" wall-content\">Suivez toute l\u2019actualit\u00e9 de vos villes et m\u00e9dias favoris en vous inscrivant \u00e0 <a href=\"https:\/\/moncompte.actu.fr\" title=\"D\u00e9couvez Mon Actu\" rel=\"nofollow noopener\" data-trk=\"{&quot;cta&quot;:{&quot;action&quot;:&quot;https:\\\/\\\/moncompte.actu.fr&quot;,&quot;category&quot;:&quot;mon compte&quot;,&quot;from&quot;:&quot;article footer&quot;,&quot;name&quot;:&quot;Mon actu&quot;,&quot;type&quot;:&quot;cta&quot;}}\" target=\"_blank\">Mon Actu<\/a>.<\/p>\n<p>                    <script async src=\"\/\/www.instagram.com\/embed.js\"><\/script><\/p>\n","protected":false},"excerpt":{"rendered":"Par Fr\u00e9d\u00e9ric Jouvet Publi\u00e9 le 26 avr. 2025 \u00e0 10h16 Un nouveau venu dans la sc\u00e8ne de l\u2019humour&hellip;\n","protected":false},"author":2,"featured_media":54483,"comment_status":"","ping_status":"","sticky":false,"template":"","format":"standard","meta":{"footnotes":""},"categories":[1888],"tags":[11,1777,674,1011,27,708,1652,12,626,25],"class_list":{"0":"post-54482","1":"post","2":"type-post","3":"status-publish","4":"format-standard","5":"has-post-thumbnail","7":"category-paris","8":"tag-actualites","9":"tag-eu","10":"tag-europe","11":"tag-fr","12":"tag-france","13":"tag-humour","14":"tag-loisirs-culture","15":"tag-news","16":"tag-paris","17":"tag-republique-francaise"},"share_on_mastodon":{"url":"https:\/\/pubeurope.com\/@fr\/114404504673429872","error":""},"_links":{"self":[{"href":"https:\/\/www.europesays.com\/fr\/wp-json\/wp\/v2\/posts\/54482","targetHints":{"allow":["GET"]}}],"collection":[{"href":"https:\/\/www.europesays.com\/fr\/wp-json\/wp\/v2\/posts"}],"about":[{"href":"https:\/\/www.europesays.com\/fr\/wp-json\/wp\/v2\/types\/post"}],"author":[{"embeddable":true,"href":"https:\/\/www.europesays.com\/fr\/wp-json\/wp\/v2\/users\/2"}],"replies":[{"embeddable":true,"href":"https:\/\/www.europesays.com\/fr\/wp-json\/wp\/v2\/comments?post=54482"}],"version-history":[{"count":0,"href":"https:\/\/www.europesays.com\/fr\/wp-json\/wp\/v2\/posts\/54482\/revisions"}],"wp:featuredmedia":[{"embeddable":true,"href":"https:\/\/www.europesays.com\/fr\/wp-json\/wp\/v2\/media\/54483"}],"wp:attachment":[{"href":"https:\/\/www.europesays.com\/fr\/wp-json\/wp\/v2\/media?parent=54482"}],"wp:term":[{"taxonomy":"category","embeddable":true,"href":"https:\/\/www.europesays.com\/fr\/wp-json\/wp\/v2\/categories?post=54482"},{"taxonomy":"post_tag","embeddable":true,"href":"https:\/\/www.europesays.com\/fr\/wp-json\/wp\/v2\/tags?post=54482"}],"curies":[{"name":"wp","href":"https:\/\/api.w.org\/{rel}","templated":true}]}}