{"id":544829,"date":"2025-11-19T14:17:11","date_gmt":"2025-11-19T14:17:11","guid":{"rendered":"https:\/\/www.europesays.com\/fr\/544829\/"},"modified":"2025-11-19T14:17:11","modified_gmt":"2025-11-19T14:17:11","slug":"5-000-personnes-a-rouen-pour-transformer-la-colere-en-espoir","status":"publish","type":"post","link":"https:\/\/www.europesays.com\/fr\/544829\/","title":{"rendered":"5 000 personnes \u00e0 Rouen \u00ab\u00a0pour transformer la col\u00e8re en espoir\u00a0\u00bb"},"content":{"rendered":"<p>Publi\u00e9 le 19 novembre 2025<\/p>\n<p>Pour la vingti\u00e8me fois, le Parc des expos de Rouen s\u2019est teint\u00e9 de rouge pour cette nouvelle \u00e9dition de la F\u00eate de l\u2019Humanit\u00e9 en Normandie. Rouge de col\u00e8re tant les mauvais coups du budget macroniste inqui\u00e8tent les familles rencontr\u00e9es dans les all\u00e9es. Julie, venue avec son fils qui saute dans la structure gonflable, le dit sans d\u00e9tour\u00a0: \u00ab\u00a0Les fins de mois commencent de plus en plus t\u00f4t, heureusement qu\u2019il y a quelques animations pas ch\u00e8res comme la F\u00eate de l\u2019Huma dans le coin, sinon on ne sortirait plus.\u00a0\u00bb<\/p>\n<p>\u00ab\u00a0Le budget Lecornu est pire que les budgets port\u00e9s par Barnier ou Bayrou\u00a0\u00bb, explique le d\u00e9put\u00e9 \u00c9douard B\u00e9nard lors du grand meeting du samedi apr\u00e8s-midi. \u00ab\u00a0Plus la macronie est mise en minorit\u00e9, et plus Lecornu s\u2019appuie sur le RN pour tenir son cap, comme lorsqu\u2019ils ont emp\u00each\u00e9 ensemble le vote de la taxe Zucman\u00a0\u00bb, d\u00e9nonce-t-il. \u00ab\u00a0Face \u00e0 eux, la gauche doit se tenir debout et pr\u00eate \u00e0 incarner, tous ensemble, l\u2019alternative au macronisme agonisant\u00a0\u00bb, conclut sous les applaudissements nourris de la salle le d\u00e9put\u00e9 communiste qui a vot\u00e9 les motions de censure contre les gouvernements Lecornu, Bayrou et Barnier.<\/p>\n<p>Juste avant, Fabien Gay, directeur de l\u2019Humanit\u00e9 et s\u00e9nateur, d\u00e9battait avec l\u2019industriel Patrick Coquelet, PDG de Polytechs \u00e0 Cany Barville et vice-pr\u00e9sident du MEDEF en Seine-Maritime. Un vrai affrontement entre les exploit\u00e9s et la bourgeoisie. \u00ab\u00a0Comment comprendre que 211 milliards d\u2019argent public, minimum, soient vers\u00e9s chaque ann\u00e9e sans contreparties aux entreprises\u00a0? Alors qu\u2019on va rationner les retrait\u00e9s, d\u00e9rembourser les m\u00e9dicaments et bloquer les salaires\u00a0? Certains parlent m\u00eame de supprimer l\u2019\u00e2ge de d\u00e9part \u00e0 la retraite\u00a0?\u00a0\u00bb, fait mine d\u2019interroger Fabien Gay. \u00ab\u00a0Mais mes enfants, revenir sur l\u2019\u00e2ge de la retraite \u00e0 64 ans, \u00e7a n\u2019est pas possible\u00a0!\u00a0\u00bb, a contre-attaqu\u00e9 Patrick Coquelet.<\/p>\n<p>Plus tard, le d\u00e9put\u00e9 havrais Jean-Paul Lecoq participait \u00e0 une table ronde avec un repr\u00e9sentant de l\u2019ambassade de Palestine et du mouvement BDS France\u00a0: \u00ab\u00a0La reconnaissance de l\u2019\u00c9tat de Palestine par la France doit \u00eatre suivie d\u2019effets, et il s\u2019agit maintenant de faire vivre cette reconnaissance jusqu\u2019\u00e0 ce que l\u2019\u00c9tat palestinien existe r\u00e9ellement et qu\u2019Isra\u00ebl renonce \u00e0 toute colonisation\u00a0\u00bb, fustige-t-il.<\/p>\n<p>Le soir, place aux concerts avec une sc\u00e8ne musicale \u00e9clectique, mais \u00e0 la F\u00eate la politique n\u2019est jamais tr\u00e8s loin. Le collectif des jeunes mineurs et majeurs isol\u00e9s de Rouen, mobilis\u00e9 depuis plusieurs mois pour que leurs droits fondamentaux soient respect\u00e9s par la Pr\u00e9fecture a pu prendre la parole devant un public nombreux et bien conscient des nombreux combats \u00e0 mener.<\/p>\n<p>Cette F\u00eate de l\u2019Humanit\u00e9 Normandie a permis de porter un message fort de combativit\u00e9, de rassemblement et d\u2019unit\u00e9. Dans les all\u00e9es on croisait les repr\u00e9sentants de LFI ou encore du PS. Lors de l\u2019inauguration de la F\u00eate de l\u2019Huma, la pr\u00e9sidente de la coop\u00e9rative des \u00e9lus communistes et r\u00e9publicains, la s\u00e9natrice C\u00e9line Brulin, avertissait l\u2019auditoire\u00a0: \u00ab\u00a0Face au RN qui progresse, la gauche doit incarner l\u2019alternative. Cela ne pourra passer que par des propositions audacieuses qui changent concr\u00e8tement la vie de notre peuple \u00e0 bout de force, port\u00e9es par un rassemblement de toutes les forces de gauche\u00a0\u00bb.<\/p>\n<p>S\u2019il reste encore du chemin \u00e0 parcourir, la ligne politique est, elle, trac\u00e9e.<\/p>\n<p>Aur\u00e9lien Lecacheur\u2028<br \/>secr\u00e9taire d\u00e9partemental\u2028| F\u00e9d\u00e9ration de Seine-Maritime du PCF<\/p>\n<p>Article publi\u00e9 dans CommunisteS, num\u00e9ro 1063 du 19 novembre 2025.<\/p>\n","protected":false},"excerpt":{"rendered":"Publi\u00e9 le 19 novembre 2025 Pour la vingti\u00e8me fois, le Parc des expos de Rouen s\u2019est teint\u00e9 de&hellip;\n","protected":false},"author":2,"featured_media":544830,"comment_status":"","ping_status":"","sticky":false,"template":"","format":"standard","meta":{"footnotes":""},"categories":[9587],"tags":[1111,11,1777,674,1011,27,12,5161,25,9590],"class_list":{"0":"post-544829","1":"post","2":"type-post","3":"status-publish","4":"format-standard","5":"has-post-thumbnail","7":"category-rouen","8":"tag-actu","9":"tag-actualites","10":"tag-eu","11":"tag-europe","12":"tag-fr","13":"tag-france","14":"tag-news","15":"tag-normandie","16":"tag-republique-francaise","17":"tag-rouen"},"share_on_mastodon":{"url":"https:\/\/pubeurope.com\/@fr\/115576795585363313","error":""},"_links":{"self":[{"href":"https:\/\/www.europesays.com\/fr\/wp-json\/wp\/v2\/posts\/544829","targetHints":{"allow":["GET"]}}],"collection":[{"href":"https:\/\/www.europesays.com\/fr\/wp-json\/wp\/v2\/posts"}],"about":[{"href":"https:\/\/www.europesays.com\/fr\/wp-json\/wp\/v2\/types\/post"}],"author":[{"embeddable":true,"href":"https:\/\/www.europesays.com\/fr\/wp-json\/wp\/v2\/users\/2"}],"replies":[{"embeddable":true,"href":"https:\/\/www.europesays.com\/fr\/wp-json\/wp\/v2\/comments?post=544829"}],"version-history":[{"count":0,"href":"https:\/\/www.europesays.com\/fr\/wp-json\/wp\/v2\/posts\/544829\/revisions"}],"wp:featuredmedia":[{"embeddable":true,"href":"https:\/\/www.europesays.com\/fr\/wp-json\/wp\/v2\/media\/544830"}],"wp:attachment":[{"href":"https:\/\/www.europesays.com\/fr\/wp-json\/wp\/v2\/media?parent=544829"}],"wp:term":[{"taxonomy":"category","embeddable":true,"href":"https:\/\/www.europesays.com\/fr\/wp-json\/wp\/v2\/categories?post=544829"},{"taxonomy":"post_tag","embeddable":true,"href":"https:\/\/www.europesays.com\/fr\/wp-json\/wp\/v2\/tags?post=544829"}],"curies":[{"name":"wp","href":"https:\/\/api.w.org\/{rel}","templated":true}]}}