{"id":544835,"date":"2025-11-19T14:20:15","date_gmt":"2025-11-19T14:20:15","guid":{"rendered":"https:\/\/www.europesays.com\/fr\/544835\/"},"modified":"2025-11-19T14:20:15","modified_gmt":"2025-11-19T14:20:15","slug":"les-parents-ne-veulent-pas-dun-homme-pour-enseigner-a-leur-fille-apres-des-menaces-contre-le-directeur-cette-ecole-de-rennes-se-met-en-greve","status":"publish","type":"post","link":"https:\/\/www.europesays.com\/fr\/544835\/","title":{"rendered":"Les parents ne veulent pas d\u2019un homme pour enseigner \u00e0 leur fille\u00a0: apr\u00e8s des menaces\u00a0contre le directeur, cette \u00e9cole de Rennes se met en gr\u00e8ve"},"content":{"rendered":"<p>\u00ab C\u2019est une affaire tr\u00e8s grave \u00bb. L\u2019atmosph\u00e8re est particuli\u00e8rement lourde \u00e0 la sortie de l\u2019\u00e9cole Cl\u00f4teaux ce mercredi midi. Alors que quelques parents attendent leurs enfants, des enseignants accrochent une banderole devant les grilles. Situ\u00e9 dans le quartier de Br\u00e9quigny, au sud de Rennes, ce petit \u00e9tablissement, qui accueille seulement 80 \u00e9l\u00e8ves, traverse une profonde crise suite \u00e0 un incident survenu le 10 octobre dernier.<\/p>\n<p>Des parents mena\u00e7ants<\/p>\n<p>Ce jour-l\u00e0, le directeur, \u00e9galement enseignant en classe de grande section, rapporte avoir \u00e9t\u00e9 tr\u00e8s violemment pris \u00e0 partie par une famille lors d\u2019un entretien dans son bureau. Selon ses d\u00e9clarations et d\u2019apr\u00e8s le rectorat qui a rencontr\u00e9 les parents, ces derniers auraient exig\u00e9 que leur fille change de classe pour qu\u2019elle ne soit plus encadr\u00e9e par un homme. Face au refus du directeur de c\u00e9der \u00e0 cette demande, des paroles extr\u00eamement mena\u00e7antes auraient \u00e9t\u00e9 prof\u00e9r\u00e9es.<\/p>\n<p>Particuli\u00e8rement marqu\u00e9 par l\u2019incident, le directeur est en arr\u00eat de travail depuis. Il n\u2019a toujours pas repris ses fonctions et ne souhaiterait pas revenir tant que la petite fille reste scolaris\u00e9e au sein de l\u2019\u00e9cole. Une plainte a \u00e9t\u00e9 d\u00e9pos\u00e9e aupr\u00e8s de la police. \u00ab On est inquiet pour lui \u00bb, confie un enseignant, qui reconna\u00eet que le climat est pesant depuis ces \u00e9v\u00e9nements.<\/p>\n<p>Pour d\u2019autres parents d\u2019\u00e9l\u00e8ves crois\u00e9s devant l\u2019\u00e9tablissement ce mercredi, c\u2019est l\u2019incompr\u00e9hension. \u00ab On le voit tous les matins, le directeur est tr\u00e8s proche des parents \u00bb, confie une maman. \u00ab C\u2019est quelqu\u2019un de g\u00e9nial, j\u2019aurais aim\u00e9 que mon enfant soit avec lui cette ann\u00e9e \u00bb, ajoute une autre. D\u2019apr\u00e8s les enseignants interrog\u00e9s, la famille ne reprochait rien d\u2019autre au directeur. Aucune dispute en amont n\u2019aurait pu expliquer un tel d\u00e9rapage.<\/p>\n<p>Le directeur acad\u00e9mique s\u2019exprime<\/p>\n<p>Contact\u00e9 par Le T\u00e9l\u00e9gramme, le directeur acad\u00e9mique des services de l\u2019\u00e9ducation nationale (Dasen) d\u2019Ille-et-Vilaine, Marc Teulier, indique prendre la situation \u00ab tr\u00e8s au s\u00e9rieux \u00bb. \u00ab Apr\u00e8s l\u2019incident, nous avons saisi une \u00e9quipe acad\u00e9mique \u00ab valeurs de la R\u00e9publique \u00bb qui a rencontr\u00e9 tr\u00e8s rapidement la famille pour confirmer les faits. A priori, ils avaient des interrogations sur le fait qu\u2019un homme puisse accompagner des petites filles aux toilettes. \u00bb Apr\u00e8s cet entretien, la piste de la radicalisation a \u00e9t\u00e9 \u00e9cart\u00e9e. \u00ab Pour autant, le directeur a eu raison de refuser leur demande de changement de classe. \u00bb<\/p>\n<p>\u00ab Ce qui est certain, c\u2019est qu\u2019il est inadmissible qu\u2019on fonctionnaire soit menac\u00e9 gravement par des parents \u00bb, poursuit le Dasen. \u00ab Je vais saisir le procureur avec un article 40 pour signaler cette situation et faire remonter la plainte afin qu\u2019elle soit trait\u00e9e au plus vite. Sur le volet judiciaire, je ne pourrai rien faire de plus. En revanche, sur le volet p\u00e9dagogique, il faut rapidement trouver une sortie de crise. R\u00e9glementairement, on ne peut pas changer d\u2019\u00e9cole une \u00e9l\u00e8ve de cet \u00e2ge \ufeffsans l\u2019accord des parents. Cela ne veut pas dire qu\u2019il ne faut pas trouver une solution. J\u2019esp\u00e8re rencontrer personnellement les parents au plus vite pour discuter. \u00bb<\/p>\n<p>\u00c9cole en gr\u00e8ve ce vendredi<\/p>\n<p>Face \u00e0 cette situation qualifi\u00e9e d\u2019\u00ab in\u00e9dite \u00bb, le syndicat Force Ouvri\u00e8re est mont\u00e9 au cr\u00e9neau. Une audience a eu lieu le mardi 18 novembre avec le Dasen pour tenter de trouver une sortie de crise.<\/p>\n<blockquote><p>L\u2019\u00e9cole publique, \u00e7a n\u2019est pas open bar<\/p><\/blockquote>\n<p>\u00ab L\u2019\u00e9cole publique, \u00e7a n\u2019est pas open bar \u00bb, d\u00e9plore Fabrice Lerestif, secr\u00e9taire de FO en Ille-et-Vilaine. \u00ab J\u2019en fais une affaire de principe. Des parents ne peuvent pas choisir le genre, l\u2019origine ou les id\u00e9es de tel ou tel agent. Il ne faut surtout pas transiger avec \u00e7a. Au-del\u00e0 des croyances des uns ou des autres, ce genre de comportement n\u2019a pas lieu d\u2019\u00eatre dans une \u00e9cole publique et la\u00efque. Il faut donner un signal de fermet\u00e9 \u00bb.<\/p>\n<p>En soutien \u00e0 leur coll\u00e8gue, les personnels \u00e9ducatifs de l\u2019\u00e9cole Cl\u00f4teaux ont d\u00e9cid\u00e9 de faire gr\u00e8ve ce vendredi 21 novembre. L\u2019\u00e9cole restera ferm\u00e9e pour la journ\u00e9e. D\u2019autres \u00e9coles du secteur pourraient rejoindre le mouvement.<\/p>\n","protected":false},"excerpt":{"rendered":"\u00ab C\u2019est une affaire tr\u00e8s grave \u00bb. L\u2019atmosph\u00e8re est particuli\u00e8rement lourde \u00e0 la sortie de l\u2019\u00e9cole Cl\u00f4teaux ce&hellip;\n","protected":false},"author":2,"featured_media":544836,"comment_status":"","ping_status":"","sticky":false,"template":"","format":"standard","meta":{"footnotes":""},"categories":[2821],"tags":[1111,11,829,765,1777,674,1011,27,848,12,584,25],"class_list":{"0":"post-544835","1":"post","2":"type-post","3":"status-publish","4":"format-standard","5":"has-post-thumbnail","7":"category-rennes","8":"tag-actu","9":"tag-actualites","10":"tag-bretagne","11":"tag-en-continu","12":"tag-eu","13":"tag-europe","14":"tag-fr","15":"tag-france","16":"tag-ille-et-vilaine","17":"tag-news","18":"tag-rennes","19":"tag-republique-francaise"},"share_on_mastodon":{"url":"https:\/\/pubeurope.com\/@fr\/115576807646706919","error":""},"_links":{"self":[{"href":"https:\/\/www.europesays.com\/fr\/wp-json\/wp\/v2\/posts\/544835","targetHints":{"allow":["GET"]}}],"collection":[{"href":"https:\/\/www.europesays.com\/fr\/wp-json\/wp\/v2\/posts"}],"about":[{"href":"https:\/\/www.europesays.com\/fr\/wp-json\/wp\/v2\/types\/post"}],"author":[{"embeddable":true,"href":"https:\/\/www.europesays.com\/fr\/wp-json\/wp\/v2\/users\/2"}],"replies":[{"embeddable":true,"href":"https:\/\/www.europesays.com\/fr\/wp-json\/wp\/v2\/comments?post=544835"}],"version-history":[{"count":0,"href":"https:\/\/www.europesays.com\/fr\/wp-json\/wp\/v2\/posts\/544835\/revisions"}],"wp:featuredmedia":[{"embeddable":true,"href":"https:\/\/www.europesays.com\/fr\/wp-json\/wp\/v2\/media\/544836"}],"wp:attachment":[{"href":"https:\/\/www.europesays.com\/fr\/wp-json\/wp\/v2\/media?parent=544835"}],"wp:term":[{"taxonomy":"category","embeddable":true,"href":"https:\/\/www.europesays.com\/fr\/wp-json\/wp\/v2\/categories?post=544835"},{"taxonomy":"post_tag","embeddable":true,"href":"https:\/\/www.europesays.com\/fr\/wp-json\/wp\/v2\/tags?post=544835"}],"curies":[{"name":"wp","href":"https:\/\/api.w.org\/{rel}","templated":true}]}}